{"id":714,"date":"2021-12-15T11:56:28","date_gmt":"2021-12-15T10:56:28","guid":{"rendered":"https:\/\/www.brenne-au-coeur.com\/?p=714"},"modified":"2022-05-15T15:49:14","modified_gmt":"2022-05-15T13:49:14","slug":"cap-sur-la-brenne-affiche-ses-ambitions-pour-2022","status":"publish","type":"post","link":"https:\/\/www.brenne-au-coeur.com\/index.php\/2021\/12\/15\/cap-sur-la-brenne-affiche-ses-ambitions-pour-2022\/communes\/mezieres-en-brenne\/714\/","title":{"rendered":"\u00ab\u00a0Cap sur la Brenne\u00a0\u00bb affiche ses ambitions pour 2022"},"content":{"rendered":"<figure id=\"attachment_716\" aria-describedby=\"caption-attachment-716\" style=\"width: 300px\" class=\"wp-caption alignleft\"><a href=\"https:\/\/www.brenne-au-coeur.com\/wp-content\/uploads\/2022\/04\/Cap_sur_la_Brenne_site.jpg\" rel=\"lightbox[714]\"><img loading=\"lazy\" decoding=\"async\" class=\"wp-image-716 size-medium\" src=\"https:\/\/www.brenne-au-coeur.com\/wp-content\/uploads\/2022\/04\/Cap_sur_la_Brenne_site-300x186.jpg\" alt=\"\" width=\"300\" height=\"186\" srcset=\"https:\/\/www.brenne-au-coeur.com\/wp-content\/uploads\/2022\/04\/Cap_sur_la_Brenne_site-300x186.jpg 300w, https:\/\/www.brenne-au-coeur.com\/wp-content\/uploads\/2022\/04\/Cap_sur_la_Brenne_site-1024x633.jpg 1024w, https:\/\/www.brenne-au-coeur.com\/wp-content\/uploads\/2022\/04\/Cap_sur_la_Brenne_site-768x475.jpg 768w, https:\/\/www.brenne-au-coeur.com\/wp-content\/uploads\/2022\/04\/Cap_sur_la_Brenne_site.jpg 1200w\" sizes=\"auto, (max-width: 300px) 100vw, 300px\" \/><\/a><figcaption id=\"caption-attachment-716\" class=\"wp-caption-text\">Bellebouche<\/figcaption><\/figure>\n<p><span style=\"font-size: large;\">Jeudi 7 octobre, s\u2019est tenu l\u2019assembl\u00e9e g\u00e9n\u00e9rale de l\u2019association Cap sur la Brenne qui assure la gestion du village vacances de <a href=\"http:\/\/www.village-vacances-bellebouche.com\/\">Bellebouche<\/a>. Son pr\u00e9sident, Robert Boscarino, a pr\u00e9sent\u00e9 dans son rapport moral, le bilan de l\u2019activit\u00e9, marqu\u00e9e par les cons\u00e9quences de la crise sanitaire. L\u2019\u00e9tablissement a \u00e9t\u00e9 oblig\u00e9 de fermer de mars \u00e0 ao\u00fbt entra\u00eenant une importante perte du chiffre d\u2019affaires. Pour surmonter toutes les difficult\u00e9s de gestion, \u00e9conomiques et humaines, qui en d\u00e9coulent, le village a b\u00e9n\u00e9fici\u00e9 de diverses aides et subventions en particulier de la mairie de M\u00e9zi\u00e8res, de l\u2019Assurance et de l\u2019\u00c9tat. Le pr\u00e9sident a tenu \u00e0 remercier l\u2019investissement des salari\u00e9s pour passer cette p\u00e9riode compliqu\u00e9e. Toute l\u2019\u00e9quipe esp\u00e8re d\u00e9sormais retrouver une activit\u00e9 normale pour accueillir dans les meilleures conditions une client\u00e8le compos\u00e9e pour beaucoup par des familles. 42\u00a0% de l\u2019activit\u00e9 est constitu\u00e9e des r\u00e9servations de g\u00eetes en pension compl\u00e8te et 9\u00a0% par le camping. Le village vacances peut s\u2019appuyer sur une r\u00e9elle satisfaction du public. Une enqu\u00eate de satisfaction r\u00e9v\u00e8le que les points forts sont la qualit\u00e9 du site et de l\u2019accueil. Autant de bonnes raisons pour se fixer des perspectives ambitieuses en 2022. Plusieurs projets ont \u00e9t\u00e9 annonc\u00e9s. La cr\u00e9ation d\u2019un nouvel accueil num\u00e9rique, le r\u00e9am\u00e9nagement et la d\u00e9co des g\u00eetes pour les rendre plus conviviaux et chaleureux, une \u00e9tude pour obtenir une labellisation \u00ab\u00a0chouette nature\u00a0\u00bb, la construction d\u2019une piscine chauff\u00e9e et couverte, la r\u00e9novation de huttes, la cr\u00e9ation d\u2019une accrobranche, la r\u00e9novation du mini-golf. Un partenariat renforc\u00e9 avec le CPIE Brenne Berry devrait permettre une fr\u00e9quentation plus importante par une augmentation du nombre de stages organis\u00e9s par l\u2019association. Apr\u00e8s l\u2019adoption des rapports et le quitus accord\u00e9 au Conseil d\u2019administration, un nouveau bureau a \u00e9t\u00e9 \u00e9lu. Pr\u00e9sident Fran\u00e7ois Mignet, vice-pr\u00e9sident Robert Boscarino, secr\u00e9taire Monique Lesourd, tr\u00e9sorier Yves Caillaud. <\/span><\/p>\n","protected":false},"excerpt":{"rendered":"<p>Jeudi 7 octobre, s\u2019est tenu l\u2019assembl\u00e9e g\u00e9n\u00e9rale de l\u2019association Cap sur la Brenne qui assure la gestion du village vacances de Bellebouche. Son pr\u00e9sident, Robert Boscarino, a pr\u00e9sent\u00e9 dans son rapport moral, le bilan de l\u2019activit\u00e9, marqu\u00e9e par les cons\u00e9quences de la crise sanitaire. L\u2019\u00e9tablissement a \u00e9t\u00e9 oblig\u00e9 de fermer de mars \u00e0 ao\u00fbt entra\u00eenant&hellip;&nbsp;<a href=\"https:\/\/www.brenne-au-coeur.com\/index.php\/2021\/12\/15\/cap-sur-la-brenne-affiche-ses-ambitions-pour-2022\/communes\/mezieres-en-brenne\/714\/\" rel=\"bookmark\">Lire la suite&nbsp;&raquo;<span class=\"screen-reader-text\">\u00ab\u00a0Cap sur la Brenne\u00a0\u00bb affiche ses ambitions pour 2022<\/span><\/a><\/p>\n","protected":false},"author":1,"featured_media":716,"comment_status":"open","ping_status":"open","sticky":false,"template":"","format":"standard","meta":{"rop_custom_images_group":[],"rop_custom_messages_group":[],"rop_publish_now":"initial","rop_publish_now_accounts":[],"rop_publish_now_history":[],"rop_publish_now_status":"pending","_monsterinsights_skip_tracking":false,"_monsterinsights_sitenote_active":false,"_monsterinsights_sitenote_note":"","_monsterinsights_sitenote_category":0,"neve_meta_sidebar":"","neve_meta_container":"","neve_meta_enable_content_width":"off","neve_meta_content_width":70,"neve_meta_title_alignment":"","neve_meta_author_avatar":"","neve_post_elements_order":"","neve_meta_disable_header":"","neve_meta_disable_footer":"","neve_meta_disable_title":"","_jetpack_memberships_contains_paid_content":false,"footnotes":"","jetpack_publicize_message":"","jetpack_publicize_feature_enabled":true,"jetpack_social_post_already_shared":false,"jetpack_social_options":{"image_generator_settings":{"template":"highway","default_image_id":0,"font":"","enabled":false},"version":2}},"categories":[12],"tags":[27],"class_list":["post-714","post","type-post","status-publish","format-standard","has-post-thumbnail","hentry","category-mezieres-en-brenne","tag-nature"],"aioseo_notices":[],"jetpack_publicize_connections":[],"jetpack_featured_media_url":"https:\/\/www.brenne-au-coeur.com\/wp-content\/uploads\/2022\/04\/Cap_sur_la_Brenne_site.jpg","jetpack-related-posts":[],"jetpack_sharing_enabled":true,"_links":{"self":[{"href":"https:\/\/www.brenne-au-coeur.com\/index.php\/wp-json\/wp\/v2\/posts\/714","targetHints":{"allow":["GET"]}}],"collection":[{"href":"https:\/\/www.brenne-au-coeur.com\/index.php\/wp-json\/wp\/v2\/posts"}],"about":[{"href":"https:\/\/www.brenne-au-coeur.com\/index.php\/wp-json\/wp\/v2\/types\/post"}],"author":[{"embeddable":true,"href":"https:\/\/www.brenne-au-coeur.com\/index.php\/wp-json\/wp\/v2\/users\/1"}],"replies":[{"embeddable":true,"href":"https:\/\/www.brenne-au-coeur.com\/index.php\/wp-json\/wp\/v2\/comments?post=714"}],"version-history":[{"count":0,"href":"https:\/\/www.brenne-au-coeur.com\/index.php\/wp-json\/wp\/v2\/posts\/714\/revisions"}],"wp:featuredmedia":[{"embeddable":true,"href":"https:\/\/www.brenne-au-coeur.com\/index.php\/wp-json\/wp\/v2\/media\/716"}],"wp:attachment":[{"href":"https:\/\/www.brenne-au-coeur.com\/index.php\/wp-json\/wp\/v2\/media?parent=714"}],"wp:term":[{"taxonomy":"category","embeddable":true,"href":"https:\/\/www.brenne-au-coeur.com\/index.php\/wp-json\/wp\/v2\/categories?post=714"},{"taxonomy":"post_tag","embeddable":true,"href":"https:\/\/www.brenne-au-coeur.com\/index.php\/wp-json\/wp\/v2\/tags?post=714"}],"curies":[{"name":"wp","href":"https:\/\/api.w.org\/{rel}","templated":true}]}}