{"id":7131,"date":"2025-11-01T15:49:33","date_gmt":"2025-11-01T14:49:33","guid":{"rendered":"https:\/\/www.brenne-au-coeur.com\/?p=7131"},"modified":"2025-11-01T15:49:33","modified_gmt":"2025-11-01T14:49:33","slug":"theatre-du-rire-et-de-la-bonne-humeur","status":"publish","type":"post","link":"https:\/\/www.brenne-au-coeur.com\/index.php\/2025\/11\/01\/theatre-du-rire-et-de-la-bonne-humeur\/communes\/martizay\/7131\/","title":{"rendered":"Th\u00e9\u00e2tre du rire et de la bonne humeur"},"content":{"rendered":"<p><span style=\"font-size: large;\">L\u2019association \u00ab\u00a0Les Z\u2019accros des planches\u00a0\u00bb, reprend ses quartiers \u00e0 la salle des f\u00eates de Martizay, pour six repr\u00e9sentations entre le 8 et le 22 novembre prochain *. <\/span><\/p>\n<figure id=\"attachment_7137\" aria-describedby=\"caption-attachment-7137\" style=\"width: 265px\" class=\"wp-caption alignleft\"><a href=\"https:\/\/www.brenne-au-coeur.com\/wp-content\/uploads\/2025\/11\/image0000021.resized.jpg\" rel=\"lightbox[7131]\"><img loading=\"lazy\" decoding=\"async\" class=\"wp-image-7137\" src=\"https:\/\/www.brenne-au-coeur.com\/wp-content\/uploads\/2025\/11\/image0000021.resized-300x225.jpg\" alt=\"\" width=\"265\" height=\"199\" srcset=\"https:\/\/www.brenne-au-coeur.com\/wp-content\/uploads\/2025\/11\/image0000021.resized-300x225.jpg 300w, https:\/\/www.brenne-au-coeur.com\/wp-content\/uploads\/2025\/11\/image0000021.resized-150x113.jpg 150w, https:\/\/www.brenne-au-coeur.com\/wp-content\/uploads\/2025\/11\/image0000021.resized.jpg 480w\" sizes=\"auto, (max-width: 265px) 100vw, 265px\" \/><\/a><figcaption id=\"caption-attachment-7137\" class=\"wp-caption-text\">Les ados qui joueront en novembre<\/figcaption><\/figure>\n<p><span style=\"font-size: large;\">Le public y retrouvera la marque de fabrique des spectacles propos\u00e9s par la troupe de th\u00e9\u00e2tre.<\/span><\/p>\n<p><span style=\"font-size: large;\">Comme d\u2019habitude, au programme, deux com\u00e9dies. La premi\u00e8re jou\u00e9e par des ados, la seconde par des adultes.<\/span><\/p>\n<p><span style=\"font-size: large;\">Tout d\u2019abord, \u00ab\u00a0Il faut bien que vieillesse se fasse\u00a0\u00bb de Thomas Jeanneteau. <\/span><\/p>\n<p><span style=\"font-size: large;\">\u00ab\u00a0Dans une petite commune, plusieurs m\u00e9faits, commis pense-t\u2019on par des jeunes. L\u2019intrigue et l\u2019enqu\u00eate men\u00e9e, se d\u00e9roulent dans les locaux d\u2019une gendarmerie.\u00a0\u00bb<\/span><\/p>\n<p><span style=\"font-size: large;\">\u00ab\u00a0Burn out\u00a0\u00bb ensuite, \u00e9crit par Charles Istace.<\/span><\/p>\n<p><span style=\"font-size: large;\">\u00ab\u00a0Le PDG d\u2019une usine de fromage est en pleine d\u00e9pression. Il se repose \u00e0 Biarritz o\u00f9 il re\u00e7oit la visite d\u2019un psychiatre et de plusieurs de ses proches, qui tentent tout pour lui remonter le moral.\u00a0\u00bb<\/span><\/p>\n<figure id=\"attachment_7135\" aria-describedby=\"caption-attachment-7135\" style=\"width: 278px\" class=\"wp-caption alignright\"><a href=\"https:\/\/www.brenne-au-coeur.com\/wp-content\/uploads\/2025\/11\/image0000011003.resized-1.jpg\" rel=\"lightbox[7131]\"><img loading=\"lazy\" decoding=\"async\" class=\"wp-image-7135\" src=\"https:\/\/www.brenne-au-coeur.com\/wp-content\/uploads\/2025\/11\/image0000011003.resized-1-300x200.jpg\" alt=\"\" width=\"278\" height=\"185\" srcset=\"https:\/\/www.brenne-au-coeur.com\/wp-content\/uploads\/2025\/11\/image0000011003.resized-1-300x200.jpg 300w, https:\/\/www.brenne-au-coeur.com\/wp-content\/uploads\/2025\/11\/image0000011003.resized-1-150x100.jpg 150w, https:\/\/www.brenne-au-coeur.com\/wp-content\/uploads\/2025\/11\/image0000011003.resized-1-272x182.jpg 272w, https:\/\/www.brenne-au-coeur.com\/wp-content\/uploads\/2025\/11\/image0000011003.resized-1.jpg 480w\" sizes=\"auto, (max-width: 278px) 100vw, 278px\" \/><\/a><figcaption id=\"caption-attachment-7135\" class=\"wp-caption-text\">La f\u00eate pour les 25 ans de la troupe<\/figcaption><\/figure>\n<p><span style=\"font-size: large;\">Pour l\u2019une comme pour l\u2019autre de ces histoires, un seul objectif\u00a0: la distraction. Elle demeure le fil rouge tenu depuis sa cr\u00e9ation, par les animateurs de l\u2019association. Il y a 26 ans, suite \u00e0 sa participation \u00e0 un stage de th\u00e9\u00e2tre, Annick, alors institutrice, se dit qu\u2019elle pourrait, elle aussi, cr\u00e9er des pi\u00e8ces, jouer des sayn\u00e8tes. Elle en parle \u00e0 Nicole, une amie. Le projet s\u00e9duit. Un petit groupe se constitue. L\u2019id\u00e9e de d\u00e9part est claire. Il s\u2019agit de faire rire, de procurer de la bonne humeur.<\/span><\/p>\n<p><span style=\"font-size: large;\">\u00ab\u00a0<em>La troupe s\u2019est \u00e9toff\u00e9e avec la volont\u00e9 de conserver une ambiance familiale, ouverte \u00e0 toutes les g\u00e9n\u00e9rations\u00a0<\/em>\u00bb, explique Annick.<\/span><\/p>\n<figure id=\"attachment_7132\" aria-describedby=\"caption-attachment-7132\" style=\"width: 300px\" class=\"wp-caption alignleft\"><a href=\"https:\/\/www.brenne-au-coeur.com\/wp-content\/uploads\/2025\/11\/image0000011004.resized.jpg\" rel=\"lightbox[7131]\"><img loading=\"lazy\" decoding=\"async\" class=\"wp-image-7132 size-medium\" src=\"https:\/\/www.brenne-au-coeur.com\/wp-content\/uploads\/2025\/11\/image0000011004.resized-300x229.jpg\" alt=\"\" width=\"300\" height=\"229\" srcset=\"https:\/\/www.brenne-au-coeur.com\/wp-content\/uploads\/2025\/11\/image0000011004.resized-300x229.jpg 300w, https:\/\/www.brenne-au-coeur.com\/wp-content\/uploads\/2025\/11\/image0000011004.resized-150x115.jpg 150w, https:\/\/www.brenne-au-coeur.com\/wp-content\/uploads\/2025\/11\/image0000011004.resized.jpg 373w\" sizes=\"auto, (max-width: 300px) 100vw, 300px\" \/><\/a><figcaption id=\"caption-attachment-7132\" class=\"wp-caption-text\">Une quarantaine de personnes pour le voyage \u00e0 Paris<\/figcaption><\/figure>\n<p><span style=\"font-size: large;\">Si bien que les jeunes peuvent entra\u00eener leurs parents ou inversement. Une dynamique qui ne se d\u00e9ment pas ann\u00e9e apr\u00e8s ann\u00e9e, entretenue par des repas conviviaux, les jours d\u2019assembl\u00e9e g\u00e9n\u00e9rale ou par des sorties collectives. Comme pour cette mont\u00e9e \u00e0 Paris pour assister \u00e0 une repr\u00e9sentation de \u00ab\u00a0La valse des pingouins\u00a0\u00bb au Th\u00e9\u00e2tre des Nouveaut\u00e9s. \u00c9tat d\u2019esprit r\u00e9solument ouvert pour faire vivre l\u2019association mais tout aussi bien tourn\u00e9 vers l\u2019ext\u00e9rieur pour mettre les troupes th\u00e9\u00e2trales au service de causes. En collaboration avec une troupe de Bossay sur Claise, plusieurs membres des \u00ab\u00a0Z\u2019accros des planches\u00a0\u00bb sont investis dans des animations au b\u00e9n\u00e9fice du T\u00e9l\u00e9thon. Le 36-37 prend alors une double signification puisque les num\u00e9ros de t\u00e9l\u00e9phone \u00e0 composer pour les promesses de dons, correspondent \u00e0 ceux des d\u00e9partements de l\u2019Indre et de l\u2019Indre et Loire o\u00f9 se situent les deux villages. <\/span><\/p>\n<p><span style=\"font-size: large;\">Aujourd\u2019hui c\u2019est donc une soixantaine de personnes qui \u0153uvrent \u00e0 la cr\u00e9ation des spectacles. Une belle machine qui n\u00e9cessite beaucoup de bras et de t\u00eates pour la mettre en route et l\u2019entretenir. Car aux c\u00f4t\u00e9s des com\u00e9diennes et com\u00e9diens, s\u2019activent les costumi\u00e8res, maquilleuses, coiffeuses, celles et ceux qui assurent les lumi\u00e8res, le son , les projections, l\u2019accueil, la buvette etc. Et la boutique o\u00f9 sont vendus des objets \u00e0 l\u2019embl\u00e8me de l\u2019association\u00a0: les abeilles. \u00ab\u00a0<em>Parce que notre activit\u00e9 s\u2019apparente \u00e0 l\u2019effervescence d\u2019une ruche. Certains membres de l\u2019association prennent des cong\u00e9s pour que tout soit pr\u00eat le jour J<\/em>\u00a0\u00bb, pr\u00e9cise Annick.<\/span><\/p>\n<figure id=\"attachment_7138\" aria-describedby=\"caption-attachment-7138\" style=\"width: 314px\" class=\"wp-caption alignright\"><a href=\"https:\/\/www.brenne-au-coeur.com\/wp-content\/uploads\/2025\/11\/image0000001002.resized.jpg\" rel=\"lightbox[7131]\"><img loading=\"lazy\" decoding=\"async\" class=\"wp-image-7138\" src=\"https:\/\/www.brenne-au-coeur.com\/wp-content\/uploads\/2025\/11\/image0000001002.resized-300x200.jpg\" alt=\"\" width=\"314\" height=\"209\" srcset=\"https:\/\/www.brenne-au-coeur.com\/wp-content\/uploads\/2025\/11\/image0000001002.resized-300x200.jpg 300w, https:\/\/www.brenne-au-coeur.com\/wp-content\/uploads\/2025\/11\/image0000001002.resized-150x100.jpg 150w, https:\/\/www.brenne-au-coeur.com\/wp-content\/uploads\/2025\/11\/image0000001002.resized-272x182.jpg 272w, https:\/\/www.brenne-au-coeur.com\/wp-content\/uploads\/2025\/11\/image0000001002.resized.jpg 480w\" sizes=\"auto, (max-width: 314px) 100vw, 314px\" \/><\/a><figcaption id=\"caption-attachment-7138\" class=\"wp-caption-text\">Le salut au public<\/figcaption><\/figure>\n<p><span style=\"font-size: large;\">Il faut bien \u00e7a pour assurer la mise en place de la sc\u00e8ne et de l\u2019ensemble de la structure, taill\u00e9e sur mesure. La salle des f\u00eates de Martizay prend alors des allures de th\u00e9\u00e2tre. C\u2019est la raison pour laquelle la troupe ne se produit pas dans une autre salle. \u00ab\u00a0<em>Nous remercions d\u2019ailleurs la mairie de Martizay qui nous r\u00e9serve la salle pour le mois de novembre et permet notre installation dans les meilleures conditions<\/em>\u00a0\u00bb, indique Annick. La qualit\u00e9 des spectacles et de l\u2019accueil est au c\u0153ur des pr\u00e9occupations de la troupe. Des am\u00e9nagements sont apport\u00e9s au fil du temps. En 2025, par exemple, des si\u00e8ges agr\u00e9ment\u00e9s de coussins am\u00e9lioreront le confort des spectateurs.<\/span><\/p>\n<p><span style=\"font-size: large;\">Des pi\u00e8ces de th\u00e9\u00e2tre qui divertissent, un accueil chaleureux, un environnement dynamique, la formule fait mouche. Les Z\u2019accros des planches touchent un public large et fid\u00e8le. Chaque ann\u00e9e ce sont plus d\u2019un millier de personnes qui assistent aux diff\u00e9rentes repr\u00e9sentations. C\u2019est parfois du baume au c\u0153ur pour des spectateurs confront\u00e9s \u00e0 des probl\u00e8mes de sant\u00e9. \u00ab\u00a0<em>Certains m\u2019ont d\u00e9j\u00e0 confi\u00e9e que le temps de la repr\u00e9sentation ils oubliaient leurs soucis<\/em>\u00a0\u00bb relate Annick.<\/span><\/p>\n<p><span style=\"font-size: large;\">Apporter du bien-\u00eatre et de la ga\u00eet\u00e9. C\u2019est la belle ambition, le d\u00e9fi que se sont lanc\u00e9s les joyeux lurons des Z\u2019accros des planches. Pari r\u00e9ussi. <\/span><\/p>\n<p><strong><img loading=\"lazy\" decoding=\"async\" class=\" wp-image-7141 alignleft\" src=\"https:\/\/www.brenne-au-coeur.com\/wp-content\/uploads\/2025\/11\/logo-les-z-accros-des-planches.jpg\" alt=\"\" width=\"227\" height=\"227\" srcset=\"https:\/\/www.brenne-au-coeur.com\/wp-content\/uploads\/2025\/11\/logo-les-z-accros-des-planches.jpg 284w, https:\/\/www.brenne-au-coeur.com\/wp-content\/uploads\/2025\/11\/logo-les-z-accros-des-planches-150x150.jpg 150w, https:\/\/www.brenne-au-coeur.com\/wp-content\/uploads\/2025\/11\/logo-les-z-accros-des-planches-45x45.jpg 45w\" sizes=\"auto, (max-width: 227px) 100vw, 227px\" \/><\/strong><\/p>\n<p>&nbsp;<\/p>\n<p>&nbsp;<\/p>\n<p><strong>Les s\u00e9ances ont lieu les 8, 9, 14, 15, 21 et 22 novembre<\/strong><\/p>\n<p><strong>Renseignement et r\u00e9servation&nbsp;: 02 54 39 25 45 \/ 06 83 19 85 38<\/strong><\/p>\n<p>&nbsp;<\/p>\n<p>&nbsp;<\/p>\n","protected":false},"excerpt":{"rendered":"<p>L\u2019association \u00ab\u00a0Les Z\u2019accros des planches\u00a0\u00bb, reprend ses quartiers \u00e0 la salle des f\u00eates de Martizay, pour six repr\u00e9sentations entre le 8 et le 22 novembre prochain *. Le public y retrouvera la marque de fabrique des spectacles propos\u00e9s par la troupe de th\u00e9\u00e2tre. Comme d\u2019habitude, au programme, deux com\u00e9dies. La premi\u00e8re jou\u00e9e par des ados,&hellip;&nbsp;<a href=\"https:\/\/www.brenne-au-coeur.com\/index.php\/2025\/11\/01\/theatre-du-rire-et-de-la-bonne-humeur\/communes\/martizay\/7131\/\" rel=\"bookmark\">Lire la suite&nbsp;&raquo;<span class=\"screen-reader-text\">Th\u00e9\u00e2tre du rire et de la bonne humeur<\/span><\/a><\/p>\n","protected":false},"author":1,"featured_media":7140,"comment_status":"open","ping_status":"open","sticky":false,"template":"","format":"standard","meta":{"rop_custom_images_group":[],"rop_custom_messages_group":[],"rop_publish_now":"initial","rop_publish_now_accounts":[],"rop_publish_now_history":[],"rop_publish_now_status":"pending","_monsterinsights_skip_tracking":false,"_monsterinsights_sitenote_active":false,"_monsterinsights_sitenote_note":"","_monsterinsights_sitenote_category":0,"neve_meta_sidebar":"","neve_meta_container":"","neve_meta_enable_content_width":"off","neve_meta_content_width":70,"neve_meta_title_alignment":"","neve_meta_author_avatar":"","neve_post_elements_order":"","neve_meta_disable_header":"","neve_meta_disable_footer":"","neve_meta_disable_title":"","_jetpack_memberships_contains_paid_content":false,"footnotes":"","jetpack_publicize_message":"","jetpack_publicize_feature_enabled":true,"jetpack_social_post_already_shared":true,"jetpack_social_options":{"image_generator_settings":{"template":"highway","default_image_id":0,"font":"","enabled":false},"version":2}},"categories":[11],"tags":[31,119],"class_list":["post-7131","post","type-post","status-publish","format-standard","has-post-thumbnail","hentry","category-martizay","tag-associations","tag-theatre"],"aioseo_notices":[],"jetpack_publicize_connections":[],"jetpack_featured_media_url":"https:\/\/www.brenne-au-coeur.com\/wp-content\/uploads\/2025\/11\/image0000001.resized.jpg","jetpack-related-posts":[],"jetpack_sharing_enabled":true,"_links":{"self":[{"href":"https:\/\/www.brenne-au-coeur.com\/index.php\/wp-json\/wp\/v2\/posts\/7131","targetHints":{"allow":["GET"]}}],"collection":[{"href":"https:\/\/www.brenne-au-coeur.com\/index.php\/wp-json\/wp\/v2\/posts"}],"about":[{"href":"https:\/\/www.brenne-au-coeur.com\/index.php\/wp-json\/wp\/v2\/types\/post"}],"author":[{"embeddable":true,"href":"https:\/\/www.brenne-au-coeur.com\/index.php\/wp-json\/wp\/v2\/users\/1"}],"replies":[{"embeddable":true,"href":"https:\/\/www.brenne-au-coeur.com\/index.php\/wp-json\/wp\/v2\/comments?post=7131"}],"version-history":[{"count":1,"href":"https:\/\/www.brenne-au-coeur.com\/index.php\/wp-json\/wp\/v2\/posts\/7131\/revisions"}],"predecessor-version":[{"id":7142,"href":"https:\/\/www.brenne-au-coeur.com\/index.php\/wp-json\/wp\/v2\/posts\/7131\/revisions\/7142"}],"wp:featuredmedia":[{"embeddable":true,"href":"https:\/\/www.brenne-au-coeur.com\/index.php\/wp-json\/wp\/v2\/media\/7140"}],"wp:attachment":[{"href":"https:\/\/www.brenne-au-coeur.com\/index.php\/wp-json\/wp\/v2\/media?parent=7131"}],"wp:term":[{"taxonomy":"category","embeddable":true,"href":"https:\/\/www.brenne-au-coeur.com\/index.php\/wp-json\/wp\/v2\/categories?post=7131"},{"taxonomy":"post_tag","embeddable":true,"href":"https:\/\/www.brenne-au-coeur.com\/index.php\/wp-json\/wp\/v2\/tags?post=7131"}],"curies":[{"name":"wp","href":"https:\/\/api.w.org\/{rel}","templated":true}]}}