{"id":712,"date":"2021-12-25T12:36:25","date_gmt":"2021-12-25T11:36:25","guid":{"rendered":"https:\/\/www.brenne-au-coeur.com\/?p=712"},"modified":"2022-05-15T10:36:31","modified_gmt":"2022-05-15T08:36:31","slug":"nature-et-creations-a-lilot-des-minots","status":"publish","type":"post","link":"https:\/\/www.brenne-au-coeur.com\/index.php\/2021\/12\/25\/nature-et-creations-a-lilot-des-minots\/communes\/azay-le-ferron-communes\/712\/","title":{"rendered":"Nature et cr\u00e9ations \u00e0 l\u2019\u00eelot des minots"},"content":{"rendered":"<figure id=\"attachment_556\" aria-describedby=\"caption-attachment-556\" style=\"width: 300px\" class=\"wp-caption alignleft\"><a href=\"https:\/\/www.brenne-au-coeur.com\/wp-content\/uploads\/2022\/04\/Accueil_Loisirs_Hiver_2021-02-24_site.jpg\" rel=\"lightbox[712]\"><img loading=\"lazy\" decoding=\"async\" class=\"wp-image-556 size-medium\" src=\"https:\/\/www.brenne-au-coeur.com\/wp-content\/uploads\/2022\/04\/Accueil_Loisirs_Hiver_2021-02-24_site-300x186.jpg\" alt=\"\" width=\"300\" height=\"186\" srcset=\"https:\/\/www.brenne-au-coeur.com\/wp-content\/uploads\/2022\/04\/Accueil_Loisirs_Hiver_2021-02-24_site-300x186.jpg 300w, https:\/\/www.brenne-au-coeur.com\/wp-content\/uploads\/2022\/04\/Accueil_Loisirs_Hiver_2021-02-24_site-1024x633.jpg 1024w, https:\/\/www.brenne-au-coeur.com\/wp-content\/uploads\/2022\/04\/Accueil_Loisirs_Hiver_2021-02-24_site-768x475.jpg 768w, https:\/\/www.brenne-au-coeur.com\/wp-content\/uploads\/2022\/04\/Accueil_Loisirs_Hiver_2021-02-24_site.jpg 1200w\" sizes=\"auto, (max-width: 300px) 100vw, 300px\" \/><\/a><figcaption id=\"caption-attachment-556\" class=\"wp-caption-text\">L\u2019\u00eelot des minots<\/figcaption><\/figure>\n<p><span style=\"font-size: large;\">Construire une cabane\u00a0! Un r\u00eave pour la plupart des enfants. C\u2019est ce que les gamins de l\u2019accueil loisirs l\u2019\u00eelot des minots ont r\u00e9alis\u00e9 durant une semaine. Ils ont r\u00e9cup\u00e9r\u00e9 eux-m\u00eames des branches et des feuillages pour dresser l\u2019abri naturel. \u00ab\u00a0L\u2019id\u00e9e est de favoriser leur participation \u00e0 un projet et de laisser leur libert\u00e9 d\u2019initiative dans un cadre pr\u00e9\u00e9tabli\u00a0\u00bb, explique Anthony Blanchard responsable de l\u2019accueil. La nature \u00e9tait au programme d\u2019une premi\u00e8re semaine de vacances qui s\u2019est poursuivi par la cr\u00e9ation de peintures tir\u00e9es des feuilles, des fleurs et de certains l\u00e9gumes. Une cinquantaine d\u2019enfants participent aux activit\u00e9s propos\u00e9es par l\u2019\u00e9quipe d\u2019encadrement de l\u2019accueil loisirs de la Communaut\u00e9 de Communes Coeur de Brenne. Les enfants de 3 \u00e0 12 ans sont accueillis pendant les deux semaines des vacances d\u2019hiver. Le fil rouge \u00e9tait la Brenne hivernale pour la premi\u00e8re semaine. La deuxi\u00e8me semaine se d\u00e9roulait sous le signe des traces et des indices. Les enfants \u00e9taient invit\u00e9s \u00e0 d\u00e9couvrir et reconna\u00eetre ce que les animaux, mais aussi les humains laissent derri\u00e8re eux. L\u2019objectif \u00e9tait l\u2019immersion dans le milieu naturel environnant. Aid\u00e9s par une belle m\u00e9t\u00e9o, les animateurs ont organis\u00e9 des activit\u00e9s diverses, principalement en ext\u00e9rieur avec quelques sorties (for\u00eat de la Ribaloche, observatoire \u00e0 la maison de la nature, domaine de Plessis) Il a permis de r\u00e9pondre \u00e9galement aux contraintes sanitaires. Pendant cette p\u00e9riode, le travail a \u00e9t\u00e9 r\u00e9alis\u00e9 en partenariat avec le CPIE d\u2019Azay-le-Ferron. Une animatrice en formation BAFD a assur\u00e9 le r\u00f4le de directrice adjointe. <\/span><\/p>\n","protected":false},"excerpt":{"rendered":"<p>Construire une cabane\u00a0! Un r\u00eave pour la plupart des enfants. C\u2019est ce que les gamins de l\u2019accueil loisirs l\u2019\u00eelot des minots ont r\u00e9alis\u00e9 durant une semaine. Ils ont r\u00e9cup\u00e9r\u00e9 eux-m\u00eames des branches et des feuillages pour dresser l\u2019abri naturel. \u00ab\u00a0L\u2019id\u00e9e est de favoriser leur participation \u00e0 un projet et de laisser leur libert\u00e9 d\u2019initiative dans&hellip;&nbsp;<a href=\"https:\/\/www.brenne-au-coeur.com\/index.php\/2021\/12\/25\/nature-et-creations-a-lilot-des-minots\/communes\/azay-le-ferron-communes\/712\/\" rel=\"bookmark\">Lire la suite&nbsp;&raquo;<span class=\"screen-reader-text\">Nature et cr\u00e9ations \u00e0 l\u2019\u00eelot des minots<\/span><\/a><\/p>\n","protected":false},"author":1,"featured_media":556,"comment_status":"open","ping_status":"open","sticky":false,"template":"","format":"standard","meta":{"rop_custom_images_group":[],"rop_custom_messages_group":[],"rop_publish_now":"initial","rop_publish_now_accounts":[],"rop_publish_now_history":[],"rop_publish_now_status":"pending","_monsterinsights_skip_tracking":false,"_monsterinsights_sitenote_active":false,"_monsterinsights_sitenote_note":"","_monsterinsights_sitenote_category":0,"neve_meta_sidebar":"","neve_meta_container":"","neve_meta_enable_content_width":"off","neve_meta_content_width":70,"neve_meta_title_alignment":"","neve_meta_author_avatar":"","neve_post_elements_order":"","neve_meta_disable_header":"","neve_meta_disable_footer":"","neve_meta_disable_title":"","_jetpack_memberships_contains_paid_content":false,"footnotes":"","jetpack_publicize_message":"","jetpack_publicize_feature_enabled":true,"jetpack_social_post_already_shared":false,"jetpack_social_options":{"image_generator_settings":{"template":"highway","default_image_id":0,"font":"","enabled":false},"version":2}},"categories":[10],"tags":[27],"class_list":["post-712","post","type-post","status-publish","format-standard","has-post-thumbnail","hentry","category-azay-le-ferron-communes","tag-nature"],"aioseo_notices":[],"jetpack_publicize_connections":[],"jetpack_featured_media_url":"https:\/\/www.brenne-au-coeur.com\/wp-content\/uploads\/2022\/04\/Accueil_Loisirs_Hiver_2021-02-24_site.jpg","jetpack-related-posts":[],"jetpack_sharing_enabled":true,"_links":{"self":[{"href":"https:\/\/www.brenne-au-coeur.com\/index.php\/wp-json\/wp\/v2\/posts\/712","targetHints":{"allow":["GET"]}}],"collection":[{"href":"https:\/\/www.brenne-au-coeur.com\/index.php\/wp-json\/wp\/v2\/posts"}],"about":[{"href":"https:\/\/www.brenne-au-coeur.com\/index.php\/wp-json\/wp\/v2\/types\/post"}],"author":[{"embeddable":true,"href":"https:\/\/www.brenne-au-coeur.com\/index.php\/wp-json\/wp\/v2\/users\/1"}],"replies":[{"embeddable":true,"href":"https:\/\/www.brenne-au-coeur.com\/index.php\/wp-json\/wp\/v2\/comments?post=712"}],"version-history":[{"count":0,"href":"https:\/\/www.brenne-au-coeur.com\/index.php\/wp-json\/wp\/v2\/posts\/712\/revisions"}],"wp:featuredmedia":[{"embeddable":true,"href":"https:\/\/www.brenne-au-coeur.com\/index.php\/wp-json\/wp\/v2\/media\/556"}],"wp:attachment":[{"href":"https:\/\/www.brenne-au-coeur.com\/index.php\/wp-json\/wp\/v2\/media?parent=712"}],"wp:term":[{"taxonomy":"category","embeddable":true,"href":"https:\/\/www.brenne-au-coeur.com\/index.php\/wp-json\/wp\/v2\/categories?post=712"},{"taxonomy":"post_tag","embeddable":true,"href":"https:\/\/www.brenne-au-coeur.com\/index.php\/wp-json\/wp\/v2\/tags?post=712"}],"curies":[{"name":"wp","href":"https:\/\/api.w.org\/{rel}","templated":true}]}}