{"id":7081,"date":"2025-10-03T17:22:59","date_gmt":"2025-10-03T15:22:59","guid":{"rendered":"https:\/\/www.brenne-au-coeur.com\/?p=7081"},"modified":"2025-10-03T17:22:59","modified_gmt":"2025-10-03T15:22:59","slug":"la-brenne-racontee","status":"publish","type":"post","link":"https:\/\/www.brenne-au-coeur.com\/index.php\/2025\/10\/03\/la-brenne-racontee\/breves\/7081\/","title":{"rendered":"La Brenne racont\u00e9e"},"content":{"rendered":"<p><span style=\"font-size: large;\">Chemin d&rsquo;\u00e9tang, raconte-nous la Brenne, mardi 21 octobre 2025 de 14h30 \u00e0 17h00<\/span><\/p>\n<p><span style=\"font-size: large;\">Rendez-vous&nbsp;: Parking de l&rsquo;\u00e9tang Mass\u00e9, Le Blizon Rosnay. Animateur&nbsp;: Beno\u00eet Huyghe. Organisateur&nbsp;: Ecomus\u00e9e de la Brenne<\/span><\/p>\n<p><span style=\"font-size: large;\">Chemins, chauss\u00e9es d&rsquo;\u00e9tangs, haies, arbres creux ont tout vu, tout entendu depuis la cr\u00e9ation des \u00e9tangs. Le sentier du Blizon, du nom de l&rsquo;\u00e9tang qui le borde, offre un espace privil\u00e9gi\u00e9 pour la d\u00e9couverte et l&rsquo;observation en Brenne. Notre guide nous emm\u00e8nera sur cet itin\u00e9raire et nous racontera la Brenne, son h\u00e9ritage patrimonial et ses pratiques actuelles qui ne font qu&rsquo;un avec ses paysages exceptionnels<\/span><\/p>\n<p><span style=\"font-size: large;\">R\u00e9servation obligatoire. Mini 3 pers. &#8211; maxi 15 pers. Pr\u00e9voir des chaussures adapt\u00e9es, des bottes si le terrain est humide. Porter des v\u00eatements aux couleurs neutres adapt\u00e9s \u00e0 la m\u00e9t\u00e9o&nbsp;; pantalon, prendre chapeau et eau en \u00e9t\u00e9. Balade \u00e0 pied d&rsquo;environ 2km.<\/span><\/p>\n<p><span style=\"font-size: large;\">Adulte plein tarif&nbsp;: 10 \u20ac Tarif enfant d\u00e8s 7 ans&nbsp;: 4,50 \u20ac<\/span><\/p>\n<p><span style=\"font-size: large;\">Renseignements \/ R\u00e9servation 02 54 28 12 13 (Maison du Parc) 02 54 28 11 00 (Maison de la Nature et de la R\u00e9serve) 02 54 28 20 28 (Office de Tourisme Destination Brenne) tourisme@parc-naturel-brenne.fr <a href=\"http:\/\/www.parc-naturel-brenne.fr\/observez\/sorties-et-animations-nature\/paysages\">www.parc-naturel-brenne.fr\/observez\/sorties-et-animations-nature\/paysages<\/a><\/span><\/p>\n","protected":false},"excerpt":{"rendered":"<p>Chemin d&rsquo;\u00e9tang, raconte-nous la Brenne, mardi 21 octobre 2025 de 14h30 \u00e0 17h00 Rendez-vous&nbsp;: Parking de l&rsquo;\u00e9tang Mass\u00e9, Le Blizon Rosnay. Animateur&nbsp;: Beno\u00eet Huyghe. Organisateur&nbsp;: Ecomus\u00e9e de la Brenne Chemins, chauss\u00e9es d&rsquo;\u00e9tangs, haies, arbres creux ont tout vu, tout entendu depuis la cr\u00e9ation des \u00e9tangs. Le sentier du Blizon, du nom de l&rsquo;\u00e9tang qui le&hellip;&nbsp;<a href=\"https:\/\/www.brenne-au-coeur.com\/index.php\/2025\/10\/03\/la-brenne-racontee\/breves\/7081\/\" rel=\"bookmark\">Lire la suite&nbsp;&raquo;<span class=\"screen-reader-text\">La Brenne racont\u00e9e<\/span><\/a><\/p>\n","protected":false},"author":1,"featured_media":0,"comment_status":"open","ping_status":"open","sticky":false,"template":"","format":"standard","meta":{"rop_custom_images_group":[],"rop_custom_messages_group":[],"rop_publish_now":"initial","rop_publish_now_accounts":[],"rop_publish_now_history":[],"rop_publish_now_status":"pending","_monsterinsights_skip_tracking":false,"_monsterinsights_sitenote_active":false,"_monsterinsights_sitenote_note":"","_monsterinsights_sitenote_category":0,"neve_meta_sidebar":"","neve_meta_container":"","neve_meta_enable_content_width":"off","neve_meta_content_width":70,"neve_meta_title_alignment":"","neve_meta_author_avatar":"","neve_post_elements_order":"","neve_meta_disable_header":"","neve_meta_disable_footer":"","neve_meta_disable_title":"","_jetpack_memberships_contains_paid_content":false,"footnotes":"","jetpack_publicize_message":"","jetpack_publicize_feature_enabled":true,"jetpack_social_post_already_shared":true,"jetpack_social_options":{"image_generator_settings":{"template":"highway","default_image_id":0,"font":"","enabled":false},"version":2}},"categories":[124],"tags":[],"class_list":["post-7081","post","type-post","status-publish","format-standard","hentry","category-breves"],"aioseo_notices":[],"jetpack_publicize_connections":[],"jetpack_featured_media_url":"","jetpack-related-posts":[],"jetpack_sharing_enabled":true,"_links":{"self":[{"href":"https:\/\/www.brenne-au-coeur.com\/index.php\/wp-json\/wp\/v2\/posts\/7081","targetHints":{"allow":["GET"]}}],"collection":[{"href":"https:\/\/www.brenne-au-coeur.com\/index.php\/wp-json\/wp\/v2\/posts"}],"about":[{"href":"https:\/\/www.brenne-au-coeur.com\/index.php\/wp-json\/wp\/v2\/types\/post"}],"author":[{"embeddable":true,"href":"https:\/\/www.brenne-au-coeur.com\/index.php\/wp-json\/wp\/v2\/users\/1"}],"replies":[{"embeddable":true,"href":"https:\/\/www.brenne-au-coeur.com\/index.php\/wp-json\/wp\/v2\/comments?post=7081"}],"version-history":[{"count":1,"href":"https:\/\/www.brenne-au-coeur.com\/index.php\/wp-json\/wp\/v2\/posts\/7081\/revisions"}],"predecessor-version":[{"id":7082,"href":"https:\/\/www.brenne-au-coeur.com\/index.php\/wp-json\/wp\/v2\/posts\/7081\/revisions\/7082"}],"wp:attachment":[{"href":"https:\/\/www.brenne-au-coeur.com\/index.php\/wp-json\/wp\/v2\/media?parent=7081"}],"wp:term":[{"taxonomy":"category","embeddable":true,"href":"https:\/\/www.brenne-au-coeur.com\/index.php\/wp-json\/wp\/v2\/categories?post=7081"},{"taxonomy":"post_tag","embeddable":true,"href":"https:\/\/www.brenne-au-coeur.com\/index.php\/wp-json\/wp\/v2\/tags?post=7081"}],"curies":[{"name":"wp","href":"https:\/\/api.w.org\/{rel}","templated":true}]}}