{"id":7050,"date":"2025-08-31T14:56:24","date_gmt":"2025-08-31T12:56:24","guid":{"rendered":"https:\/\/www.brenne-au-coeur.com\/?p=7050"},"modified":"2025-08-31T14:56:24","modified_gmt":"2025-08-31T12:56:24","slug":"matthieu-bore-a-jaugette","status":"publish","type":"post","link":"https:\/\/www.brenne-au-coeur.com\/index.php\/2025\/08\/31\/matthieu-bore-a-jaugette\/communes\/obterre\/7050\/","title":{"rendered":"Matthieu Bor\u00e9 \u00e0 Jaugette"},"content":{"rendered":"<p><span style=\"font-size: large;\">Matthieu Bor\u00e9 revient sur la sc\u00e8ne du Manoir des Arts de Jaugette, dimanche 21 septembre. Artiste aux mille facettes, il interpr\u00e9tera des classiques de la chanson fran\u00e7aise. Trenet, Brassens, Salvador et d\u2019autres.<\/span><\/p>\n<p><span style=\"font-size: large;\">Une occasion de revoir ou de d\u00e9couvrir un musicien \u00e9clectique, tel qu\u2019il est pr\u00e9sent\u00e9 sur son <a href=\"https:\/\/www.matthieubore.com\/\">site internet<\/a>&nbsp;:<\/span><\/p>\n<p><span style=\"font-size: large;\"><a href=\"https:\/\/www.brenne-au-coeur.com\/wp-content\/uploads\/2025\/08\/matthieu-2-.jpeg\" rel=\"lightbox[7050]\"><img loading=\"lazy\" decoding=\"async\" class=\"alignleft wp-image-7052\" src=\"https:\/\/www.brenne-au-coeur.com\/wp-content\/uploads\/2025\/08\/matthieu-2-.jpeg\" alt=\"\" width=\"396\" height=\"222\" srcset=\"https:\/\/www.brenne-au-coeur.com\/wp-content\/uploads\/2025\/08\/matthieu-2-.jpeg 300w, https:\/\/www.brenne-au-coeur.com\/wp-content\/uploads\/2025\/08\/matthieu-2--150x84.jpeg 150w\" sizes=\"auto, (max-width: 396px) 100vw, 396px\" \/><\/a>\u00ab\u00a0Le chanteur et pianiste fran\u00e7ais Matthieu Bor\u00e9 marche dans les pas de sa grand-m\u00e8re professeure de piano et de son a\u00efeul le compositeur Th\u00e9odore Lack, il commence son instrument \u00e0 l&rsquo;\u00e2ge de sept ans.<\/span><\/p>\n<p><span style=\"font-size: large;\">Dot\u00e9 de go\u00fbts musicaux vari\u00e9s, il m\u00e8ne successivement les groupes rock Mister Puntila et Shortking avant de se tourner vers le trip-hop avec Arsenal dans les ann\u00e9es 1990. A l&rsquo;aube de la d\u00e9cennie suivante, il change de r\u00e9pertoire et se produit dans les clubs jazz de la capitale tels que le Bilboquet ou le Caveau de la Huchette. Entre standards et compositions personnelles salu\u00e9s par la critique, Matthieu Bor\u00e9 se trace une route originale en France et \u00e0 l&rsquo;international, que retracent neuf albums dont on peut entendre certains titres sur les ondes de Jazz Radio, TSF Jazz, FIP ou encore Radio Swiss Jazz.<\/span><\/p>\n<p><span style=\"font-size: large;\">Ses deux premiers albums reprennent la musique des ann\u00e9es cinquante am\u00e9ricaines (Fats Domino&rsquo;s True Spirit, 2001 et Doo-wop, 2003) et il fait alors le tour des festivals, de Juan-les-Pins \u00e0 Marciac. Sometimes On My Own (2007) et Naked Songs (2015) d\u00e9voilent une autre facette du musicien, plus jazzy et intimiste. En 2009, FriZZante&nbsp;!! capte l&rsquo;attention, notamment avec son single \u00ab\u00a0Putting on the Ritz\u00a0\u00bb. Suivent de nombreux concerts (Festival de Montreal, New Morning, Olympia) et un disque Live au Duc des Lombards (2011). En 2012 sort Roots&nbsp;: une solide dose de funk n\u00e9o-orl\u00e9anais dans lequel Matthieu Bor\u00e9 montre une pr\u00e9dilection pour les sonorit\u00e9s acoustiques et les tubes d\u00e9cal\u00e9s.Soucieux d\u00e9sormais de proposer une \u0153uvre plus personnelle, il \u00e9crit et compose Gumbo Kings en 2019 (inspir\u00e9 des ma\u00eetres de la Nouvelle-Orl\u00e9ans comme Professor Longhair ou Allen Toussaint), puis Rumble In Montreuil en 2021, aux accents ska jama\u00efcain et rock soul 60&rsquo;s\u00a0\u00bb.<\/span><\/p>\n<p>Concert \u00e0 17h00: 18 \u20ac, tarif r\u00e9duit 16 \u20ac, gratuit pour les moins de 12 ans<\/p>\n","protected":false},"excerpt":{"rendered":"<p>Matthieu Bor\u00e9 revient sur la sc\u00e8ne du Manoir des Arts de Jaugette, dimanche 21 septembre. Artiste aux mille facettes, il interpr\u00e9tera des classiques de la chanson fran\u00e7aise. Trenet, Brassens, Salvador et d\u2019autres. Une occasion de revoir ou de d\u00e9couvrir un musicien \u00e9clectique, tel qu\u2019il est pr\u00e9sent\u00e9 sur son site internet&nbsp;: \u00ab\u00a0Le chanteur et pianiste fran\u00e7ais&hellip;&nbsp;<a href=\"https:\/\/www.brenne-au-coeur.com\/index.php\/2025\/08\/31\/matthieu-bore-a-jaugette\/communes\/obterre\/7050\/\" rel=\"bookmark\">Lire la suite&nbsp;&raquo;<span class=\"screen-reader-text\">Matthieu Bor\u00e9 \u00e0 Jaugette<\/span><\/a><\/p>\n","protected":false},"author":1,"featured_media":7051,"comment_status":"open","ping_status":"open","sticky":false,"template":"","format":"standard","meta":{"rop_custom_images_group":[],"rop_custom_messages_group":[],"rop_publish_now":"initial","rop_publish_now_accounts":[],"rop_publish_now_history":[],"rop_publish_now_status":"pending","_monsterinsights_skip_tracking":false,"_monsterinsights_sitenote_active":false,"_monsterinsights_sitenote_note":"","_monsterinsights_sitenote_category":0,"neve_meta_sidebar":"","neve_meta_container":"","neve_meta_enable_content_width":"off","neve_meta_content_width":70,"neve_meta_title_alignment":"","neve_meta_author_avatar":"","neve_post_elements_order":"","neve_meta_disable_header":"","neve_meta_disable_footer":"","neve_meta_disable_title":"","_jetpack_memberships_contains_paid_content":false,"footnotes":"","jetpack_publicize_message":"","jetpack_publicize_feature_enabled":true,"jetpack_social_post_already_shared":true,"jetpack_social_options":{"image_generator_settings":{"template":"highway","default_image_id":0,"font":"","enabled":false},"version":2}},"categories":[63,14],"tags":[104,64],"class_list":["post-7050","post","type-post","status-publish","format-standard","has-post-thumbnail","hentry","category-jaugette","category-obterre","tag-chansons","tag-concert"],"aioseo_notices":[],"jetpack_publicize_connections":[],"jetpack_featured_media_url":"https:\/\/www.brenne-au-coeur.com\/wp-content\/uploads\/2025\/08\/matthieu.resized.jpg","jetpack-related-posts":[],"jetpack_sharing_enabled":true,"_links":{"self":[{"href":"https:\/\/www.brenne-au-coeur.com\/index.php\/wp-json\/wp\/v2\/posts\/7050","targetHints":{"allow":["GET"]}}],"collection":[{"href":"https:\/\/www.brenne-au-coeur.com\/index.php\/wp-json\/wp\/v2\/posts"}],"about":[{"href":"https:\/\/www.brenne-au-coeur.com\/index.php\/wp-json\/wp\/v2\/types\/post"}],"author":[{"embeddable":true,"href":"https:\/\/www.brenne-au-coeur.com\/index.php\/wp-json\/wp\/v2\/users\/1"}],"replies":[{"embeddable":true,"href":"https:\/\/www.brenne-au-coeur.com\/index.php\/wp-json\/wp\/v2\/comments?post=7050"}],"version-history":[{"count":1,"href":"https:\/\/www.brenne-au-coeur.com\/index.php\/wp-json\/wp\/v2\/posts\/7050\/revisions"}],"predecessor-version":[{"id":7053,"href":"https:\/\/www.brenne-au-coeur.com\/index.php\/wp-json\/wp\/v2\/posts\/7050\/revisions\/7053"}],"wp:featuredmedia":[{"embeddable":true,"href":"https:\/\/www.brenne-au-coeur.com\/index.php\/wp-json\/wp\/v2\/media\/7051"}],"wp:attachment":[{"href":"https:\/\/www.brenne-au-coeur.com\/index.php\/wp-json\/wp\/v2\/media?parent=7050"}],"wp:term":[{"taxonomy":"category","embeddable":true,"href":"https:\/\/www.brenne-au-coeur.com\/index.php\/wp-json\/wp\/v2\/categories?post=7050"},{"taxonomy":"post_tag","embeddable":true,"href":"https:\/\/www.brenne-au-coeur.com\/index.php\/wp-json\/wp\/v2\/tags?post=7050"}],"curies":[{"name":"wp","href":"https:\/\/api.w.org\/{rel}","templated":true}]}}