{"id":7046,"date":"2025-08-31T09:30:33","date_gmt":"2025-08-31T07:30:33","guid":{"rendered":"https:\/\/www.brenne-au-coeur.com\/?p=7046"},"modified":"2025-08-31T09:30:33","modified_gmt":"2025-08-31T07:30:33","slug":"brame-du-cerf","status":"publish","type":"post","link":"https:\/\/www.brenne-au-coeur.com\/index.php\/2025\/08\/31\/brame-du-cerf\/breves\/7046\/","title":{"rendered":"Brame du cerf"},"content":{"rendered":"<p><span style=\"font-size: large;\">Sortie cr\u00e9pusculaire, samedi 27 septembre 2025, de 18h30 \u00e0 21h30. Rendez-vous entre l&rsquo;\u00e9glise et le restaurant Le cendrille, Place de l&rsquo;\u00e9glise \u00e0 Rosnay. Animateur&nbsp;: Didier Th\u00e9bault.<\/span><\/p>\n<p><span style=\"font-size: large;\">Organisateur&nbsp;: Librenne. Depuis des lustres, dans les for\u00eats de la Brenne retentissent les complaintes amoureuses des grands cerfs qui se disputent la supr\u00e9matie sur les biches. Nous vous proposons de d\u00e9couvrir ce spectacle magnifique. Au cr\u00e9puscule, nous partirons avec notre guide \u00e0 la recherche des grands m\u00e2les pour \u00e9couter leur brame ou le choc de leurs bois dans leurs luttes. Nous d\u00e9couvrirons \u00e9galement, autour d&rsquo;une boisson chaude, la vie des cervid\u00e9s, au travers de commentaires et anecdotes.<\/span><\/p>\n<p><span style=\"font-size: large;\">R\u00e9servation obligatoire. Mini 5 &#8211; maxi 15 pers. Porter des v\u00eatements aux couleurs neutres, chauds, non bruyants et adapt\u00e9s \u00e0 la m\u00e9t\u00e9o, pantalon. Pr\u00e9voir des chaussures ferm\u00e9es type randonn\u00e9e. Apporter des jumelles si vous avez et une lampe de poche. Ne pas mettre de parfum. D\u00e9placement en v\u00e9hicule personnel jusqu&rsquo;au lieu d&rsquo;animation, petite balade \u00e0 pied sur le site. Parcours accessible aux personnes \u00e0 mobilit\u00e9 r\u00e9duite (2 jo\u00eblettes disponibles sur r\u00e9servation). Ouverture des r\u00e9servations d\u00e9but ao\u00fbt 2025.<\/span><\/p>\n<p><span style=\"font-size: large;\">Adulte plein tarif&nbsp;: 10 \u20ac Tarif enfant D\u00e8s 8 ans&nbsp;: 5 \u20ac<\/span><\/p>\n<p><span style=\"font-size: large;\">Renseignements \/ R\u00e9servation 02 54 28 12 13 (Maison du Parc) 02 54 28 11 00 (Maison de la Nature et de la R\u00e9serve) 02 54 28 20 28 (Office de Tourisme Destination Brenne) tourisme@parc-naturel-brenne.fr www.parc-naturel-brenne.fr\/observez\/sorties-et-animations-nature\/araignees-et-insectes<\/span><\/p>\n","protected":false},"excerpt":{"rendered":"<p>Sortie cr\u00e9pusculaire, samedi 27 septembre 2025, de 18h30 \u00e0 21h30. Rendez-vous entre l&rsquo;\u00e9glise et le restaurant Le cendrille, Place de l&rsquo;\u00e9glise \u00e0 Rosnay. Animateur&nbsp;: Didier Th\u00e9bault. Organisateur&nbsp;: Librenne. Depuis des lustres, dans les for\u00eats de la Brenne retentissent les complaintes amoureuses des grands cerfs qui se disputent la supr\u00e9matie sur les biches. Nous vous proposons&hellip;&nbsp;<a href=\"https:\/\/www.brenne-au-coeur.com\/index.php\/2025\/08\/31\/brame-du-cerf\/breves\/7046\/\" rel=\"bookmark\">Lire la suite&nbsp;&raquo;<span class=\"screen-reader-text\">Brame du cerf<\/span><\/a><\/p>\n","protected":false},"author":1,"featured_media":0,"comment_status":"open","ping_status":"open","sticky":false,"template":"","format":"standard","meta":{"rop_custom_images_group":[],"rop_custom_messages_group":[],"rop_publish_now":"initial","rop_publish_now_accounts":[],"rop_publish_now_history":[],"rop_publish_now_status":"pending","_monsterinsights_skip_tracking":false,"_monsterinsights_sitenote_active":false,"_monsterinsights_sitenote_note":"","_monsterinsights_sitenote_category":0,"neve_meta_sidebar":"","neve_meta_container":"","neve_meta_enable_content_width":"off","neve_meta_content_width":70,"neve_meta_title_alignment":"","neve_meta_author_avatar":"","neve_post_elements_order":"","neve_meta_disable_header":"","neve_meta_disable_footer":"","neve_meta_disable_title":"","_jetpack_memberships_contains_paid_content":false,"footnotes":"","jetpack_publicize_message":"","jetpack_publicize_feature_enabled":true,"jetpack_social_post_already_shared":true,"jetpack_social_options":{"image_generator_settings":{"template":"highway","default_image_id":0,"font":"","enabled":false},"version":2}},"categories":[124],"tags":[],"class_list":["post-7046","post","type-post","status-publish","format-standard","hentry","category-breves"],"aioseo_notices":[],"jetpack_publicize_connections":[],"jetpack_featured_media_url":"","jetpack-related-posts":[],"jetpack_sharing_enabled":true,"_links":{"self":[{"href":"https:\/\/www.brenne-au-coeur.com\/index.php\/wp-json\/wp\/v2\/posts\/7046","targetHints":{"allow":["GET"]}}],"collection":[{"href":"https:\/\/www.brenne-au-coeur.com\/index.php\/wp-json\/wp\/v2\/posts"}],"about":[{"href":"https:\/\/www.brenne-au-coeur.com\/index.php\/wp-json\/wp\/v2\/types\/post"}],"author":[{"embeddable":true,"href":"https:\/\/www.brenne-au-coeur.com\/index.php\/wp-json\/wp\/v2\/users\/1"}],"replies":[{"embeddable":true,"href":"https:\/\/www.brenne-au-coeur.com\/index.php\/wp-json\/wp\/v2\/comments?post=7046"}],"version-history":[{"count":1,"href":"https:\/\/www.brenne-au-coeur.com\/index.php\/wp-json\/wp\/v2\/posts\/7046\/revisions"}],"predecessor-version":[{"id":7047,"href":"https:\/\/www.brenne-au-coeur.com\/index.php\/wp-json\/wp\/v2\/posts\/7046\/revisions\/7047"}],"wp:attachment":[{"href":"https:\/\/www.brenne-au-coeur.com\/index.php\/wp-json\/wp\/v2\/media?parent=7046"}],"wp:term":[{"taxonomy":"category","embeddable":true,"href":"https:\/\/www.brenne-au-coeur.com\/index.php\/wp-json\/wp\/v2\/categories?post=7046"},{"taxonomy":"post_tag","embeddable":true,"href":"https:\/\/www.brenne-au-coeur.com\/index.php\/wp-json\/wp\/v2\/tags?post=7046"}],"curies":[{"name":"wp","href":"https:\/\/api.w.org\/{rel}","templated":true}]}}