{"id":7037,"date":"2025-08-29T11:44:26","date_gmt":"2025-08-29T09:44:26","guid":{"rendered":"https:\/\/www.brenne-au-coeur.com\/?p=7037"},"modified":"2025-08-29T11:44:26","modified_gmt":"2025-08-29T09:44:26","slug":"la-passion-de-venus","status":"publish","type":"post","link":"https:\/\/www.brenne-au-coeur.com\/index.php\/2025\/08\/29\/la-passion-de-venus\/communes\/mezieres-en-brenne\/7037\/","title":{"rendered":"La passion de V\u00e9nus"},"content":{"rendered":"<figure id=\"attachment_7039\" aria-describedby=\"caption-attachment-7039\" style=\"width: 200px\" class=\"wp-caption alignleft\"><a href=\"https:\/\/www.brenne-au-coeur.com\/wp-content\/uploads\/2025\/08\/venus-2.resized.jpg\" rel=\"lightbox[7037]\"><img loading=\"lazy\" decoding=\"async\" class=\"wp-image-7039 size-medium\" src=\"https:\/\/www.brenne-au-coeur.com\/wp-content\/uploads\/2025\/08\/venus-2.resized-200x300.jpg\" alt=\"\" width=\"200\" height=\"300\" srcset=\"https:\/\/www.brenne-au-coeur.com\/wp-content\/uploads\/2025\/08\/venus-2.resized-200x300.jpg 200w, https:\/\/www.brenne-au-coeur.com\/wp-content\/uploads\/2025\/08\/venus-2.resized-683x1024.jpg 683w, https:\/\/www.brenne-au-coeur.com\/wp-content\/uploads\/2025\/08\/venus-2.resized-100x150.jpg 100w, https:\/\/www.brenne-au-coeur.com\/wp-content\/uploads\/2025\/08\/venus-2.resized-768x1151.jpg 768w, https:\/\/www.brenne-au-coeur.com\/wp-content\/uploads\/2025\/08\/venus-2.resized.jpg 834w\" sizes=\"auto, (max-width: 200px) 100vw, 200px\" \/><\/a><figcaption id=\"caption-attachment-7039\" class=\"wp-caption-text\">V\u00e9nus, entour\u00e9e de Fabienne Vandroux, propri\u00e9taire du poney Kronos mon gosse et d&rsquo;un officiel du concours<\/figcaption><\/figure>\n<p><span style=\"font-size: large;\">V\u00e9nus Vom Dorp a d\u00e9croch\u00e9 une belle deuxi\u00e8me place, lors des rencontres nationales hippiques <a href=\"https:\/\/sopony.shf.eu\/\">So\u2019Pony<\/a>, qui se sont d\u00e9roul\u00e9es \u00e0 Fontainebleau du 20 au 24 ao\u00fbt dernier. Tout au long de la semaine, les crit\u00e9riums ont rassembl\u00e9 les meilleurs poneys de sauts d\u2019obstacle r\u00e9partis selon l\u2019\u00e2ge, dans diff\u00e9rents concours. La jeune mac\u00e9rienne montait un poney dans la cat\u00e9gorie des 5 ans*. <\/span><\/p>\n<p><span style=\"font-size: large;\">Un r\u00e9sultat encourageant pour cette cavali\u00e8re de 17 ans, d\u00e9j\u00e0 tr\u00e8s exp\u00e9riment\u00e9e, puisqu\u2019elle monte des poneys depuis dix ans, et participe \u00e0 des comp\u00e9titions depuis l\u2019\u00e2ge de 12 ans. Cinq ann\u00e9es durant lesquelles elle s\u2019est align\u00e9e successivement dans des confrontations d\u00e9partementales, r\u00e9gionales, nationales, glanant plusieurs succ\u00e8s. V\u00e9nus s\u2019est \u00e9galement distingu\u00e9e lors d\u2019un meeting international \u00e0 Tours o\u00f9 elle se classa dans les cinq premi\u00e8res places, sur plusieurs \u00e9preuves (respectivement 2<sup>e<\/sup>, 3<sup>e<\/sup> et 5<sup>e<\/sup>).<\/span><\/p>\n<p><span style=\"font-size: large;\">C\u2019est \u00e0 la <a href=\"https:\/\/www.fermeequestredemazerolles.fr\/\">ferme de Mazerolles<\/a>, \u00e0 Saulnay, qu\u2019elle s\u2019entra\u00eene et pr\u00e9pare les poneys pour la comp\u00e9tition. Un centre \u00e9questre dans lequel elle s\u2019est aguerrie, lui permettant d\u2019obtenir le \u00ab\u00a0galop 7\u00a0\u00bb. Le dipl\u00f4me le plus \u00e9lev\u00e9, qui valide ses comp\u00e9tences de cavali\u00e8re. Elle b\u00e9n\u00e9ficie des conseils d\u2019Axelle Vasseur, une coach attentive \u00e0 assurer une constante progression. Car monter \u00e0 cheval, est un sport exigeant. Il n\u00e9cessite beaucoup de rigueur et de travail. Des caract\u00e9ristiques qui ne manquent pas \u00e0 V\u00e9nus.<\/span><\/p>\n<p><span style=\"font-size: large;\">\u00ab\u00a0<em>On n\u2019a jamais fini de s\u2019am\u00e9liorer, confie-t-elle. La ma\u00eetrise de la technique peut conna\u00eetre des phases de progr\u00e8s suivies de p\u00e9riodes de stagnations voire de r\u00e9gression<\/em>&nbsp;\u00bb. Une lucidit\u00e9 qui n\u2019a d\u2019\u00e9gal que sa volont\u00e9 de pers\u00e9v\u00e9rer, sur le chemin qu\u2019elle trace ann\u00e9e apr\u00e8s ann\u00e9e. <\/span><\/p>\n<p><span style=\"font-size: large;\"><a href=\"https:\/\/www.brenne-au-coeur.com\/wp-content\/uploads\/2025\/08\/venus-3.resized.jpg\" rel=\"lightbox[7037]\"><img loading=\"lazy\" decoding=\"async\" class=\"alignright wp-image-7042 size-medium\" src=\"https:\/\/www.brenne-au-coeur.com\/wp-content\/uploads\/2025\/08\/venus-3.resized-300x200.jpg\" alt=\"\" width=\"300\" height=\"200\" srcset=\"https:\/\/www.brenne-au-coeur.com\/wp-content\/uploads\/2025\/08\/venus-3.resized-300x200.jpg 300w, https:\/\/www.brenne-au-coeur.com\/wp-content\/uploads\/2025\/08\/venus-3.resized-150x100.jpg 150w, https:\/\/www.brenne-au-coeur.com\/wp-content\/uploads\/2025\/08\/venus-3.resized-768x512.jpg 768w, https:\/\/www.brenne-au-coeur.com\/wp-content\/uploads\/2025\/08\/venus-3.resized-930x620.jpg 930w, https:\/\/www.brenne-au-coeur.com\/wp-content\/uploads\/2025\/08\/venus-3.resized-272x182.jpg 272w, https:\/\/www.brenne-au-coeur.com\/wp-content\/uploads\/2025\/08\/venus-3.resized.jpg 960w\" sizes=\"auto, (max-width: 300px) 100vw, 300px\" \/><\/a>Et de la pugnacit\u00e9, il en faut dans un milieu \u00e9questre particuli\u00e8rement rude pour s\u2019imposer. Les rapports entre les personnes \u00e9tant souvent rugueux. \u00ab\u00a0<em>La concurrence est sans piti\u00e9, t\u00e9moigne V\u00e9nus.<\/em>&nbsp;\u00bb Atteindre les sommets est d\u2019autant plus difficile que pour l\u2019\u00e9quitation, contrairement \u00e0 d\u2019autres disciplines, les qualit\u00e9s intrins\u00e8ques de l\u2019athl\u00e8te, ne suffisent pas toujours. C\u2019est un sport o\u00f9 ne pas \u00eatre issu du s\u00e9rail et ne pas disposer d\u2019importants moyens financiers constituent un handicap. Pour jouer les premiers r\u00f4les, il est indispensable de pouvoir se procurer les meilleurs chevaux, de b\u00e9n\u00e9ficier d\u2019infrastructures adapt\u00e9es, de personnel performant. Tout ceci \u00e0 un co\u00fbt tr\u00e8s \u00e9lev\u00e9. <\/span><\/p>\n<p><span style=\"font-size: large;\">Mais V\u00e9nus ne s\u2019effarouche pas devant les obstacles. Elle montre une d\u00e9termination sans faille. Son objectif est clair. Poursuivre le travail et encha\u00eener les comp\u00e9titions.<\/span><\/p>\n<p><span style=\"font-size: large;\">Elle puise, sans aucun doute, cette volont\u00e9 d\u00e8s son plus jeune \u00e2ge. \u00ab\u00a0<em>Les chevaux, pour moi, c\u2019est une passion. J\u2019ai toujours aim\u00e9 m\u2019en occuper, les chouchouter\u00a0<\/em>\u00bb. <\/span><\/p>\n<figure id=\"attachment_7041\" aria-describedby=\"caption-attachment-7041\" style=\"width: 200px\" class=\"wp-caption alignleft\"><a href=\"https:\/\/www.brenne-au-coeur.com\/wp-content\/uploads\/2025\/08\/venus-5.jpeg\" rel=\"lightbox[7037]\"><img loading=\"lazy\" decoding=\"async\" class=\"wp-image-7041\" src=\"https:\/\/www.brenne-au-coeur.com\/wp-content\/uploads\/2025\/08\/venus-5-225x300.jpeg\" alt=\"\" width=\"200\" height=\"267\" srcset=\"https:\/\/www.brenne-au-coeur.com\/wp-content\/uploads\/2025\/08\/venus-5-225x300.jpeg 225w, https:\/\/www.brenne-au-coeur.com\/wp-content\/uploads\/2025\/08\/venus-5-112x150.jpeg 112w, https:\/\/www.brenne-au-coeur.com\/wp-content\/uploads\/2025\/08\/venus-5.jpeg 702w\" sizes=\"auto, (max-width: 200px) 100vw, 200px\" \/><\/a><figcaption id=\"caption-attachment-7041\" class=\"wp-caption-text\">V\u00e9nus rend visite \u00e0 une r\u00e9sidente d&rsquo;un EHPAD, en compagnie d&rsquo;un petit poney.<\/figcaption><\/figure>\n<p><span style=\"font-size: large;\">Le cheval, source de bonheur dans la vie de V\u00e9nus, l\u2019est aussi pour bien des humains. L\u2019efficacit\u00e9 de l\u2019\u00e9quith\u00e9rapie est reconnue pour apporter du bien \u00eatre. La pr\u00e9sence des \u00e9quid\u00e9s apaise bien des maux. La m\u00e9thode est pratiqu\u00e9e en alternative th\u00e9rapeutique \u00e0 la prise de m\u00e9dicaments. Des dirigeants d\u2019EHPAD l\u2019ont bien compris. Ils organisent des rencontres entre les r\u00e9sidents des maisons de retraite et des poneys. V\u00e9nus est de toutes les sorties organis\u00e9es dans les EHPAD du secteur et notamment celui de M\u00e9zi\u00e8res-en-Brenne. Avec les responsables du centre \u00e9questre de Mazerolles, elle accompagne l\u2019animal dans les locaux, aupr\u00e8s des personnes \u00e2g\u00e9es. <\/span><\/p>\n<p><span style=\"font-size: large;\">Autant dire que les journ\u00e9es de la cavali\u00e8re sont bien remplies. Puisqu\u2019elle m\u00e8ne ces activit\u00e9s en parall\u00e8le \u00e0 ses \u00e9tudes. Elle peut compter sur le soutien ind\u00e9fectible de ses parents pour l\u2019aider \u00e0 relever les d\u00e9fis qu\u2019elle se lance. D\u00e8s septembre un prochain concours se profile \u00e0 l\u2019horizon. On suivra les performances futures de cette jeune femme enthousiaste et g\u00e9n\u00e9reuse, \u00e0 l\u2019avenir prometteur. <\/span><\/p>\n<p>&nbsp;<\/p>\n<p>&nbsp;<\/p>\n<p><span style=\"font-size: large;\">* La cat\u00e9gorie 5 ans comporte 3 sous groupes en fonction de la taille des poneys. V\u00e9nus concourait dans le groupe B. La taille au garrot est compris entre 1m20 et 1m30. <\/span><\/p>\n","protected":false},"excerpt":{"rendered":"<p>V\u00e9nus Vom Dorp a d\u00e9croch\u00e9 une belle deuxi\u00e8me place, lors des rencontres nationales hippiques So\u2019Pony, qui se sont d\u00e9roul\u00e9es \u00e0 Fontainebleau du 20 au 24 ao\u00fbt dernier. Tout au long de la semaine, les crit\u00e9riums ont rassembl\u00e9 les meilleurs poneys de sauts d\u2019obstacle r\u00e9partis selon l\u2019\u00e2ge, dans diff\u00e9rents concours. La jeune mac\u00e9rienne montait un poney&hellip;&nbsp;<a href=\"https:\/\/www.brenne-au-coeur.com\/index.php\/2025\/08\/29\/la-passion-de-venus\/communes\/mezieres-en-brenne\/7037\/\" rel=\"bookmark\">Lire la suite&nbsp;&raquo;<span class=\"screen-reader-text\">La passion de V\u00e9nus<\/span><\/a><\/p>\n","protected":false},"author":1,"featured_media":7040,"comment_status":"open","ping_status":"open","sticky":false,"template":"","format":"standard","meta":{"rop_custom_images_group":[],"rop_custom_messages_group":[],"rop_publish_now":"initial","rop_publish_now_accounts":[],"rop_publish_now_history":[],"rop_publish_now_status":"pending","_monsterinsights_skip_tracking":false,"_monsterinsights_sitenote_active":false,"_monsterinsights_sitenote_note":"","_monsterinsights_sitenote_category":0,"neve_meta_sidebar":"","neve_meta_container":"","neve_meta_enable_content_width":"off","neve_meta_content_width":70,"neve_meta_title_alignment":"","neve_meta_author_avatar":"","neve_post_elements_order":"","neve_meta_disable_header":"","neve_meta_disable_footer":"","neve_meta_disable_title":"","_jetpack_memberships_contains_paid_content":false,"footnotes":"","jetpack_publicize_message":"","jetpack_publicize_feature_enabled":true,"jetpack_social_post_already_shared":true,"jetpack_social_options":{"image_generator_settings":{"template":"highway","default_image_id":0,"font":"","enabled":false},"version":2}},"categories":[12],"tags":[201,80],"class_list":["post-7037","post","type-post","status-publish","format-standard","has-post-thumbnail","hentry","category-mezieres-en-brenne","tag-equitation","tag-sport"],"aioseo_notices":[],"jetpack_publicize_connections":[],"jetpack_featured_media_url":"https:\/\/www.brenne-au-coeur.com\/wp-content\/uploads\/2025\/08\/venus-4.resized.jpg","jetpack-related-posts":[],"jetpack_sharing_enabled":true,"_links":{"self":[{"href":"https:\/\/www.brenne-au-coeur.com\/index.php\/wp-json\/wp\/v2\/posts\/7037","targetHints":{"allow":["GET"]}}],"collection":[{"href":"https:\/\/www.brenne-au-coeur.com\/index.php\/wp-json\/wp\/v2\/posts"}],"about":[{"href":"https:\/\/www.brenne-au-coeur.com\/index.php\/wp-json\/wp\/v2\/types\/post"}],"author":[{"embeddable":true,"href":"https:\/\/www.brenne-au-coeur.com\/index.php\/wp-json\/wp\/v2\/users\/1"}],"replies":[{"embeddable":true,"href":"https:\/\/www.brenne-au-coeur.com\/index.php\/wp-json\/wp\/v2\/comments?post=7037"}],"version-history":[{"count":1,"href":"https:\/\/www.brenne-au-coeur.com\/index.php\/wp-json\/wp\/v2\/posts\/7037\/revisions"}],"predecessor-version":[{"id":7043,"href":"https:\/\/www.brenne-au-coeur.com\/index.php\/wp-json\/wp\/v2\/posts\/7037\/revisions\/7043"}],"wp:featuredmedia":[{"embeddable":true,"href":"https:\/\/www.brenne-au-coeur.com\/index.php\/wp-json\/wp\/v2\/media\/7040"}],"wp:attachment":[{"href":"https:\/\/www.brenne-au-coeur.com\/index.php\/wp-json\/wp\/v2\/media?parent=7037"}],"wp:term":[{"taxonomy":"category","embeddable":true,"href":"https:\/\/www.brenne-au-coeur.com\/index.php\/wp-json\/wp\/v2\/categories?post=7037"},{"taxonomy":"post_tag","embeddable":true,"href":"https:\/\/www.brenne-au-coeur.com\/index.php\/wp-json\/wp\/v2\/tags?post=7037"}],"curies":[{"name":"wp","href":"https:\/\/api.w.org\/{rel}","templated":true}]}}