{"id":6979,"date":"2025-08-04T19:12:58","date_gmt":"2025-08-04T17:12:58","guid":{"rendered":"https:\/\/www.brenne-au-coeur.com\/?p=6979"},"modified":"2025-08-04T19:12:58","modified_gmt":"2025-08-04T17:12:58","slug":"fete-des-barques","status":"publish","type":"post","link":"https:\/\/www.brenne-au-coeur.com\/index.php\/2025\/08\/04\/fete-des-barques\/breves\/6979\/","title":{"rendered":"F\u00eate des barques"},"content":{"rendered":"<p><span style=\"font-size: large;\">Plage de Lurais, samedi 23 ao\u00fbt 2025, \u00e0 19h30. Organisateur&nbsp;: <\/span><span style=\"font-size: large;\">Lurais&rsquo;tivales. Traditionnel d\u00e9fil\u00e9 de barques illumin\u00e9es sur la Creuse&nbsp;: Un concert du groupe Cascabel pour d\u00e9buter la soir\u00e9e; d\u00e8s la tomb\u00e9e de la nuit, une dizaine de bateaux avec des sujets confectionn\u00e9 dans le plus grand secret, se succ\u00e8dent et d\u00e9voilent des jeux de lumi\u00e8re, des m\u00e9canismes et \u00e0 chaque fois des tr\u00e9sors de cr\u00e9ativit\u00e9 et d\u2019ing\u00e9niosit\u00e9. Tout \u00e7a sur une bande son choisie par les \u00e9quipes de \u00ab&nbsp;barquistes&nbsp;\u00bb. S\u2019ensuit un magnifique feu d\u2019artifice tir\u00e9 depuis l\u2019\u00eele et le pont qui ravira petits et grands. , Sur place, buvette et stand de restauration, produits locaux&nbsp;!<\/span><\/p>\n<p><span style=\"font-size: large;\">Acc\u00e8s gratuit. Renseignements\u00a0: luraistivales@gmail.com <a href=\"http:\/\/www.luraistivales.com\/\">www.luraistivales.com<\/a><\/span><\/p>\n","protected":false},"excerpt":{"rendered":"<p>Plage de Lurais, samedi 23 ao\u00fbt 2025, \u00e0 19h30. Organisateur&nbsp;: Lurais&rsquo;tivales. Traditionnel d\u00e9fil\u00e9 de barques illumin\u00e9es sur la Creuse&nbsp;: Un concert du groupe Cascabel pour d\u00e9buter la soir\u00e9e; d\u00e8s la tomb\u00e9e de la nuit, une dizaine de bateaux avec des sujets confectionn\u00e9 dans le plus grand secret, se succ\u00e8dent et d\u00e9voilent des jeux de lumi\u00e8re,&hellip;&nbsp;<a href=\"https:\/\/www.brenne-au-coeur.com\/index.php\/2025\/08\/04\/fete-des-barques\/breves\/6979\/\" rel=\"bookmark\">Lire la suite&nbsp;&raquo;<span class=\"screen-reader-text\">F\u00eate des barques<\/span><\/a><\/p>\n","protected":false},"author":1,"featured_media":0,"comment_status":"open","ping_status":"open","sticky":false,"template":"","format":"standard","meta":{"rop_custom_images_group":[],"rop_custom_messages_group":[],"rop_publish_now":"initial","rop_publish_now_accounts":[],"rop_publish_now_history":[],"rop_publish_now_status":"pending","_monsterinsights_skip_tracking":false,"_monsterinsights_sitenote_active":false,"_monsterinsights_sitenote_note":"","_monsterinsights_sitenote_category":0,"neve_meta_sidebar":"","neve_meta_container":"","neve_meta_enable_content_width":"off","neve_meta_content_width":70,"neve_meta_title_alignment":"","neve_meta_author_avatar":"","neve_post_elements_order":"","neve_meta_disable_header":"","neve_meta_disable_footer":"","neve_meta_disable_title":"","_jetpack_memberships_contains_paid_content":false,"footnotes":"","jetpack_publicize_message":"","jetpack_publicize_feature_enabled":true,"jetpack_social_post_already_shared":true,"jetpack_social_options":{"image_generator_settings":{"template":"highway","default_image_id":0,"font":"","enabled":false},"version":2}},"categories":[124],"tags":[],"class_list":["post-6979","post","type-post","status-publish","format-standard","hentry","category-breves"],"aioseo_notices":[],"jetpack_publicize_connections":[],"jetpack_featured_media_url":"","jetpack-related-posts":[],"jetpack_sharing_enabled":true,"_links":{"self":[{"href":"https:\/\/www.brenne-au-coeur.com\/index.php\/wp-json\/wp\/v2\/posts\/6979","targetHints":{"allow":["GET"]}}],"collection":[{"href":"https:\/\/www.brenne-au-coeur.com\/index.php\/wp-json\/wp\/v2\/posts"}],"about":[{"href":"https:\/\/www.brenne-au-coeur.com\/index.php\/wp-json\/wp\/v2\/types\/post"}],"author":[{"embeddable":true,"href":"https:\/\/www.brenne-au-coeur.com\/index.php\/wp-json\/wp\/v2\/users\/1"}],"replies":[{"embeddable":true,"href":"https:\/\/www.brenne-au-coeur.com\/index.php\/wp-json\/wp\/v2\/comments?post=6979"}],"version-history":[{"count":1,"href":"https:\/\/www.brenne-au-coeur.com\/index.php\/wp-json\/wp\/v2\/posts\/6979\/revisions"}],"predecessor-version":[{"id":6980,"href":"https:\/\/www.brenne-au-coeur.com\/index.php\/wp-json\/wp\/v2\/posts\/6979\/revisions\/6980"}],"wp:attachment":[{"href":"https:\/\/www.brenne-au-coeur.com\/index.php\/wp-json\/wp\/v2\/media?parent=6979"}],"wp:term":[{"taxonomy":"category","embeddable":true,"href":"https:\/\/www.brenne-au-coeur.com\/index.php\/wp-json\/wp\/v2\/categories?post=6979"},{"taxonomy":"post_tag","embeddable":true,"href":"https:\/\/www.brenne-au-coeur.com\/index.php\/wp-json\/wp\/v2\/tags?post=6979"}],"curies":[{"name":"wp","href":"https:\/\/api.w.org\/{rel}","templated":true}]}}