{"id":6965,"date":"2025-08-04T17:51:24","date_gmt":"2025-08-04T15:51:24","guid":{"rendered":"https:\/\/www.brenne-au-coeur.com\/?p=6965"},"modified":"2025-08-04T18:50:42","modified_gmt":"2025-08-04T16:50:42","slug":"le-bien-vivre-des-anciens","status":"publish","type":"post","link":"https:\/\/www.brenne-au-coeur.com\/index.php\/2025\/08\/04\/le-bien-vivre-des-anciens\/communes\/mezieres-en-brenne\/6965\/","title":{"rendered":"Le bien vivre des anciens"},"content":{"rendered":"<p><span style=\"font-size: large;\">Un duo gagnant pour le bien vivre des anciens. \u00e0 l&rsquo;EHPAD de M\u00e9zi\u00e8res-en-Brenne. Dans cet article, Marie-Line Chaput, animatrice de la maison de retraite, explique comment, chaque ann\u00e9e, la R\u00e9sidence de la Brenne et l\u2019Association les Orchid\u00e9es con\u00e7oivent, avec les souhaits \u00e9mis par les r\u00e9sidents, un programme d\u2019animation haut en couleur, contribuant ainsi, au maintien de leur vie sociale.<\/span><\/p>\n<p><span style=\"font-size: large;\">\u00ab\u00a0Des Brins de Causette\u00a0\u00bb sont organis\u00e9s pour conna\u00eetre les d\u00e9sirs des R\u00e9sidents et faire vivre le programme d\u2019animation.<\/span><\/p>\n<p><span style=\"font-size: large;\">\u00c0 titre d\u2019exemple, les r\u00e9sidents, les b\u00e9n\u00e9voles de l\u2019association les Orchid\u00e9es et les familles s\u2019adonnent \u00e0 de joyeuses parties de belote ou de jeux de soci\u00e9t\u00e9 anim\u00e9s par nos anciens tous les mardis. <\/span><\/p>\n<p><span style=\"font-size: large;\">Le jeudi l\u2019incontournable balade au march\u00e9 de M\u00e9zi\u00e8res-en-Brenne permet aux a\u00een\u00e9s de conserver le lien avec la vie de la commune. L\u2019apr\u00e8s-midi, place \u00e0 des ateliers bricolage avec l\u2019appui des b\u00e9n\u00e9voles pour confectionner de petits objets d\u00e9coratifs, qui seront pr\u00e9sent\u00e9s lors des manifestations festives. Le vendredi matin, r\u00e9sidents et b\u00e9n\u00e9voles poussent la chansonnette.<\/span><\/p>\n<figure id=\"attachment_6970\" aria-describedby=\"caption-attachment-6970\" style=\"width: 216px\" class=\"wp-caption alignleft\"><a href=\"https:\/\/www.brenne-au-coeur.com\/wp-content\/uploads\/2025\/08\/photo-ehpad8.resized.jpg\" rel=\"lightbox[6965]\"><img loading=\"lazy\" decoding=\"async\" class=\"wp-image-6970\" src=\"https:\/\/www.brenne-au-coeur.com\/wp-content\/uploads\/2025\/08\/photo-ehpad8.resized.jpg\" alt=\"\" width=\"216\" height=\"162\" srcset=\"https:\/\/www.brenne-au-coeur.com\/wp-content\/uploads\/2025\/08\/photo-ehpad8.resized.jpg 192w, https:\/\/www.brenne-au-coeur.com\/wp-content\/uploads\/2025\/08\/photo-ehpad8.resized-150x113.jpg 150w\" sizes=\"auto, (max-width: 216px) 100vw, 216px\" \/><\/a><figcaption id=\"caption-attachment-6970\" class=\"wp-caption-text\">Le Tour De France 2024 \u00e9clair\u00e9s par les Ain\u00e9s<\/figcaption><\/figure>\n<p>&nbsp;<\/p>\n<p><span style=\"font-size: large;\">Le bien vivre en EHPAD c\u2019est aussi la participation active \u00e0 de grands \u00e9v\u00e9nements toujours \u00e9paul\u00e9 par les infatigables b\u00e9n\u00e9voles de l\u2019association les Orchid\u00e9es.<\/span><\/p>\n<p>&nbsp;<\/p>\n<p>&nbsp;<\/p>\n<p>&nbsp;<\/p>\n<p><span style=\"font-size: large;\">L\u2019EHPAD a \u00e9t\u00e9 retenu pour participer au projet \u00ab\u00a0les \u00e9claireurs du Tour de France\u00a0\u00bb port\u00e9 par AG2R La Mondiale et ReSant\u00e9-Vous dans une d\u00e9marche active de pr\u00e9vention-sant\u00e9.<\/span><\/p>\n<p><span style=\"font-size: large;\"><a href=\"https:\/\/www.brenne-au-coeur.com\/wp-content\/uploads\/2025\/08\/photo-ehpad9.resized.jpg\" rel=\"lightbox[6965]\"><img loading=\"lazy\" decoding=\"async\" class=\"alignright wp-image-6971\" src=\"https:\/\/www.brenne-au-coeur.com\/wp-content\/uploads\/2025\/08\/photo-ehpad9.resized-300x225.jpg\" alt=\"\" width=\"232\" height=\"174\" srcset=\"https:\/\/www.brenne-au-coeur.com\/wp-content\/uploads\/2025\/08\/photo-ehpad9.resized-300x225.jpg 300w, https:\/\/www.brenne-au-coeur.com\/wp-content\/uploads\/2025\/08\/photo-ehpad9.resized-150x113.jpg 150w, https:\/\/www.brenne-au-coeur.com\/wp-content\/uploads\/2025\/08\/photo-ehpad9.resized.jpg 320w\" sizes=\"auto, (max-width: 232px) 100vw, 232px\" \/><\/a>Ce projet sportif, inclusif et solidaire invite les a\u00een\u00e9s, leurs aidants professionnels et leurs proches (conjoints, enfants, petits-enfants, etc.) \u00e0 renouer ensemble, dans la dur\u00e9e, avec la pratique d\u2019une activit\u00e9 physique r\u00e9guli\u00e8re, vectrice de bien-\u00eatre. Le \u00ab\u00a0peloton interg\u00e9n\u00e9rationnel\u00a0\u00bb, form\u00e9 par l&rsquo;ensemble des structures laur\u00e9ates, s&rsquo;engage \u00e0 parcourir, sur des v\u00e9los \u00ab\u00a0indoor\u00a0\u00bb et des p\u00e9daliers \u00e0 bras connect\u00e9s, les 3 492 km de la 111e \u00e9dition du Tour de France, au cours des 30 jours pr\u00e9c\u00e9dents le d\u00e9part de la Grande Boucle.<\/span><\/p>\n<p><span style=\"font-size: large;\">Du 30 mai au 28 juin les r\u00e9sidents, les agents, les familles, les b\u00e9n\u00e9voles et de nombreux acteurs ext\u00e9rieurs (associations sportives locales, accueil de loisirs, cr\u00e8che\u2026) se sont relay\u00e9s afin d\u2019atteindre le 3492 km du Tour de France. En r\u00e9compense les r\u00e9sidents ont pu assister au d\u00e9part de l\u2019\u00e9tape Orl\u00e9ans \/ Saint-Amand-Montrond \u00e0 Orl\u00e9ans.<\/span><\/p>\n<p><span style=\"font-size: large;\">Un lien interg\u00e9n\u00e9rationnel renforc\u00e9<\/span><\/p>\n<p><span style=\"font-size: large;\"><a href=\"https:\/\/www.brenne-au-coeur.com\/wp-content\/uploads\/2025\/08\/photo-ehapd4.resized-rotated.jpg\" rel=\"lightbox[6965]\"><img loading=\"lazy\" decoding=\"async\" class=\"alignleft wp-image-6968\" src=\"https:\/\/www.brenne-au-coeur.com\/wp-content\/uploads\/2025\/08\/photo-ehapd4.resized-rotated.jpg\" alt=\"\" width=\"175\" height=\"233\" srcset=\"https:\/\/www.brenne-au-coeur.com\/wp-content\/uploads\/2025\/08\/photo-ehapd4.resized-rotated.jpg 144w, https:\/\/www.brenne-au-coeur.com\/wp-content\/uploads\/2025\/08\/photo-ehapd4.resized-113x150.jpg 113w\" sizes=\"auto, (max-width: 175px) 100vw, 175px\" \/><\/a>De nombreux projets interg\u00e9n\u00e9rationnels ont \u00e9t\u00e9 organis\u00e9s \u00e0 l\u2019image de celui avec la cr\u00e8che de Paulnay \u00ab\u00a0Bout d\u2019ficelle\u00a0\u00bb appuy\u00e9 par le CPIE Brenne-Berry.<\/span><\/p>\n<p><span style=\"font-size: large;\">L\u2019objectif du projet \u00e9tait de cr\u00e9er un livre de recettes r\u00e9gionales illustr\u00e9 par les enfants et les r\u00e9sidents. Lors des rencontres mensuelles autour du jardinage organis\u00e9es \u00e0 la fois \u00e0 l\u2019EHPAD et \u00e0 la cr\u00e8che tout au long de l\u2019ann\u00e9e, des liens forts entre les r\u00e9sidents et les enfants de la cr\u00e8che se sont tiss\u00e9s. Le livre est mis en vente, et un tome 2 est \u00e0 l\u2019\u00e9tude pour 2025, ponctu\u00e9 d\u2019ateliers sur la th\u00e9matique des paysages de Brenne.<\/span><\/p>\n<p><span style=\"font-size: large;\">L\u2019animal, une place de m\u00e9diateur\u00a0:<\/span><\/p>\n<p><span style=\"font-size: large;\">L\u2019EHPAD re\u00e7oit plusieurs fois dans l\u2019ann\u00e9e, la visite d\u2019Arthur, un poney de la ferme de Mazerolles. Les <a href=\"https:\/\/www.brenne-au-coeur.com\/wp-content\/uploads\/2025\/08\/photo-ehpad3.resized.jpg\" rel=\"lightbox[6965]\"><img loading=\"lazy\" decoding=\"async\" class=\"alignright wp-image-6967\" src=\"https:\/\/www.brenne-au-coeur.com\/wp-content\/uploads\/2025\/08\/photo-ehpad3.resized.jpg\" alt=\"\" width=\"230\" height=\"214\" srcset=\"https:\/\/www.brenne-au-coeur.com\/wp-content\/uploads\/2025\/08\/photo-ehpad3.resized.jpg 267w, https:\/\/www.brenne-au-coeur.com\/wp-content\/uploads\/2025\/08\/photo-ehpad3.resized-150x139.jpg 150w\" sizes=\"auto, (max-width: 230px) 100vw, 230px\" \/><\/a>r\u00e9sidents sont aussi invit\u00e9s chaque ann\u00e9e pour repr\u00e9senter la m\u00e9diation \u00e9quine \u00e0 la ferme expo de Tours, au parc des expositions. La m\u00e9diation animale favorise l&rsquo;interaction et la communication avec la personne \u00e2g\u00e9e. <\/span><\/p>\n<p><span style=\"font-size: large;\">L\u2019EHPAD f\u00eate No\u00ebl au Ch\u00e2teau<\/span><\/p>\n<p><span style=\"font-size: large;\"><a href=\"https:\/\/www.brenne-au-coeur.com\/wp-content\/uploads\/2025\/08\/photo-ehpad.jpg\" rel=\"lightbox[6965]\"><img loading=\"lazy\" decoding=\"async\" class=\"alignleft wp-image-6974\" src=\"https:\/\/www.brenne-au-coeur.com\/wp-content\/uploads\/2025\/08\/photo-ehpad-300x225.jpg\" alt=\"\" width=\"272\" height=\"204\" srcset=\"https:\/\/www.brenne-au-coeur.com\/wp-content\/uploads\/2025\/08\/photo-ehpad-300x225.jpg 300w, https:\/\/www.brenne-au-coeur.com\/wp-content\/uploads\/2025\/08\/photo-ehpad-150x112.jpg 150w, https:\/\/www.brenne-au-coeur.com\/wp-content\/uploads\/2025\/08\/photo-ehpad.jpg 450w\" sizes=\"auto, (max-width: 272px) 100vw, 272px\" \/><\/a>Le march\u00e9 de No\u00ebl organis\u00e9 au sein de l\u2019\u00e9tablissement a rev\u00eatu cette ann\u00e9e des couleurs ch\u00e2telaines inspir\u00e9s de la visite du ch\u00e2teau de Chenonceau, qui a enthousiasm\u00e9 les r\u00e9sidents. Lustre, costumes et d\u00e9corations royales ont apport\u00e9 un enjouement et une ambiance royale \u00e0 l\u2019EHPAD .<\/span><\/p>\n<p>&nbsp;<\/p>\n<p>&nbsp;<\/p>\n<p>&nbsp;<\/p>\n<p><span style=\"font-size: large;\"><a href=\"https:\/\/www.brenne-au-coeur.com\/wp-content\/uploads\/2025\/08\/photo-ehpad6.jpg\" rel=\"lightbox[6965]\"><img loading=\"lazy\" decoding=\"async\" class=\"alignright wp-image-6973 \" src=\"https:\/\/www.brenne-au-coeur.com\/wp-content\/uploads\/2025\/08\/photo-ehpad6-135x300.jpg\" alt=\"\" width=\"92\" height=\"204\" srcset=\"https:\/\/www.brenne-au-coeur.com\/wp-content\/uploads\/2025\/08\/photo-ehpad6-135x300.jpg 135w, https:\/\/www.brenne-au-coeur.com\/wp-content\/uploads\/2025\/08\/photo-ehpad6-67x150.jpg 67w, https:\/\/www.brenne-au-coeur.com\/wp-content\/uploads\/2025\/08\/photo-ehpad6.jpg 460w\" sizes=\"auto, (max-width: 92px) 100vw, 92px\" \/><\/a><a href=\"https:\/\/www.brenne-au-coeur.com\/wp-content\/uploads\/2025\/08\/photoehpad7.resized.jpg\" rel=\"lightbox[6965]\"><img loading=\"lazy\" decoding=\"async\" class=\"alignleft wp-image-6969\" src=\"https:\/\/www.brenne-au-coeur.com\/wp-content\/uploads\/2025\/08\/photoehpad7.resized.jpg\" alt=\"\" width=\"283\" height=\"203\" srcset=\"https:\/\/www.brenne-au-coeur.com\/wp-content\/uploads\/2025\/08\/photoehpad7.resized.jpg 223w, https:\/\/www.brenne-au-coeur.com\/wp-content\/uploads\/2025\/08\/photoehpad7.resized-150x108.jpg 150w\" sizes=\"auto, (max-width: 283px) 100vw, 283px\" \/><\/a>Des spectacles, des sorties, des go\u00fbters festifs, toute opportunit\u00e9 est valoris\u00e9e pour animer l\u2019EHPAD. <\/span><\/p>\n<p><span style=\"font-size: large;\">Envie de \u00ab\u00a0beloter\u00a0\u00bb, chanter, bricoler, accompagner les r\u00e9sidents lors des sorties ou simplement partager des moments de convivialit\u00e9\u00a0? N\u2019h\u00e9sitez pas \u00e0 contacter l\u2019Association les Orchid\u00e9es \u00e0 l\u2019EHPAD au 02.54.38.04.16.<\/span><\/p>\n","protected":false},"excerpt":{"rendered":"<p>Un duo gagnant pour le bien vivre des anciens. \u00e0 l&rsquo;EHPAD de M\u00e9zi\u00e8res-en-Brenne. Dans cet article, Marie-Line Chaput, animatrice de la maison de retraite, explique comment, chaque ann\u00e9e, la R\u00e9sidence de la Brenne et l\u2019Association les Orchid\u00e9es con\u00e7oivent, avec les souhaits \u00e9mis par les r\u00e9sidents, un programme d\u2019animation haut en couleur, contribuant ainsi, au maintien&hellip;&nbsp;<a href=\"https:\/\/www.brenne-au-coeur.com\/index.php\/2025\/08\/04\/le-bien-vivre-des-anciens\/communes\/mezieres-en-brenne\/6965\/\" rel=\"bookmark\">Lire la suite&nbsp;&raquo;<span class=\"screen-reader-text\">Le bien vivre des anciens<\/span><\/a><\/p>\n","protected":false},"author":1,"featured_media":6969,"comment_status":"open","ping_status":"open","sticky":false,"template":"","format":"standard","meta":{"rop_custom_images_group":[],"rop_custom_messages_group":[],"rop_publish_now":"initial","rop_publish_now_accounts":[],"rop_publish_now_history":[],"rop_publish_now_status":"pending","_monsterinsights_skip_tracking":false,"_monsterinsights_sitenote_active":false,"_monsterinsights_sitenote_note":"","_monsterinsights_sitenote_category":0,"neve_meta_sidebar":"","neve_meta_container":"","neve_meta_enable_content_width":"off","neve_meta_content_width":70,"neve_meta_title_alignment":"","neve_meta_author_avatar":"","neve_post_elements_order":"","neve_meta_disable_header":"","neve_meta_disable_footer":"","neve_meta_disable_title":"","_jetpack_memberships_contains_paid_content":false,"footnotes":"","jetpack_publicize_message":"","jetpack_publicize_feature_enabled":true,"jetpack_social_post_already_shared":true,"jetpack_social_options":{"image_generator_settings":{"template":"highway","default_image_id":0,"font":"","enabled":false},"version":2}},"categories":[97,12],"tags":[31,197],"class_list":["post-6965","post","type-post","status-publish","format-standard","has-post-thumbnail","hentry","category-ehpad","category-mezieres-en-brenne","tag-associations","tag-ehpad"],"aioseo_notices":[],"jetpack_publicize_connections":[],"jetpack_featured_media_url":"https:\/\/www.brenne-au-coeur.com\/wp-content\/uploads\/2025\/08\/photoehpad7.resized.jpg","jetpack-related-posts":[],"jetpack_sharing_enabled":true,"_links":{"self":[{"href":"https:\/\/www.brenne-au-coeur.com\/index.php\/wp-json\/wp\/v2\/posts\/6965","targetHints":{"allow":["GET"]}}],"collection":[{"href":"https:\/\/www.brenne-au-coeur.com\/index.php\/wp-json\/wp\/v2\/posts"}],"about":[{"href":"https:\/\/www.brenne-au-coeur.com\/index.php\/wp-json\/wp\/v2\/types\/post"}],"author":[{"embeddable":true,"href":"https:\/\/www.brenne-au-coeur.com\/index.php\/wp-json\/wp\/v2\/users\/1"}],"replies":[{"embeddable":true,"href":"https:\/\/www.brenne-au-coeur.com\/index.php\/wp-json\/wp\/v2\/comments?post=6965"}],"version-history":[{"count":3,"href":"https:\/\/www.brenne-au-coeur.com\/index.php\/wp-json\/wp\/v2\/posts\/6965\/revisions"}],"predecessor-version":[{"id":6977,"href":"https:\/\/www.brenne-au-coeur.com\/index.php\/wp-json\/wp\/v2\/posts\/6965\/revisions\/6977"}],"wp:featuredmedia":[{"embeddable":true,"href":"https:\/\/www.brenne-au-coeur.com\/index.php\/wp-json\/wp\/v2\/media\/6969"}],"wp:attachment":[{"href":"https:\/\/www.brenne-au-coeur.com\/index.php\/wp-json\/wp\/v2\/media?parent=6965"}],"wp:term":[{"taxonomy":"category","embeddable":true,"href":"https:\/\/www.brenne-au-coeur.com\/index.php\/wp-json\/wp\/v2\/categories?post=6965"},{"taxonomy":"post_tag","embeddable":true,"href":"https:\/\/www.brenne-au-coeur.com\/index.php\/wp-json\/wp\/v2\/tags?post=6965"}],"curies":[{"name":"wp","href":"https:\/\/api.w.org\/{rel}","templated":true}]}}