{"id":6953,"date":"2025-08-03T11:29:05","date_gmt":"2025-08-03T09:29:05","guid":{"rendered":"https:\/\/www.brenne-au-coeur.com\/?p=6953"},"modified":"2025-08-03T11:29:05","modified_gmt":"2025-08-03T09:29:05","slug":"la-vie-secrete-des-libellules","status":"publish","type":"post","link":"https:\/\/www.brenne-au-coeur.com\/index.php\/2025\/08\/03\/la-vie-secrete-des-libellules\/breves\/6953\/","title":{"rendered":"La vie secr\u00e8te des libellules"},"content":{"rendered":"<p><span style=\"font-size: large;\">Jeudi 21 ao\u00fbt 2025 de 10h00 \u00e0 12h00. Rendez-vous&nbsp;: Place de l&rsquo;\u00e9glise \u00e0 Ciron. Animatrice&nbsp;: Fr\u00e9d\u00e9rique Ardibus. Organisateur&nbsp;: PNR Brenne. L&rsquo;\u00e9t\u00e9 est une saison propice pour d\u00e9couvrir les libellules. Nous les observerons \u00e0 leurs diff\u00e9rents stades (larves, adultes) et d\u00e9couvrirons quelques anecdotes \u00e9tonnantes sur leur mani\u00e8res de vivre. L&rsquo;animation peut \u00eatre annul\u00e9e en cas de mauvais temps.<\/span><\/p>\n<p><span style=\"font-size: large;\">R\u00e9servation obligatoire. Mini 3 &#8211; maxi 15 pers. Porter des v\u00eatements de couleurs neutre adapt\u00e9s \u00e0 la m\u00e9t\u00e9o, chaussures ferm\u00e9es pouvant aller dans l&rsquo;eau ou des bottes. Pr\u00e9voir bouteille d&rsquo;eau et chapeau de soleil. Enfant \u00e0 partir de 5 ans accompagn\u00e9 d&rsquo;un adulte. L&rsquo;animation peut \u00eatre annul\u00e9e en cas de mauvais temps.<\/span><\/p>\n<p><span style=\"font-size: large;\">Pas d&rsquo;acc\u00e8s aux personnes \u00e0 mobilit\u00e9 r\u00e9duite. Les animaux ne sont pas accept\u00e9s<\/span><\/p>\n<p><span style=\"font-size: large;\">Adulte plein tarif&nbsp;: de 6 \u20ac \u00e0 7 \u20ac Tarif enfant d\u00e8s 5 ans&nbsp;: de 6 \u20ac \u00e0 7 \u20ac<\/span><\/p>\n<p><span style=\"font-size: large;\">Renseignements \/ R\u00e9servation<\/span><\/p>\n<p><span style=\"font-size: large;\">02 54 28 12 13 (Maison du Parc)<\/span><\/p>\n<p><span style=\"font-size: large;\">02 54 28 11 00 (Maison de la Nature et de la R\u00e9serve)<\/span><\/p>\n<p><span style=\"font-size: large;\">02 54 28 20 28 (Office de tourisme Destination Brenne)<\/span><\/p>\n<p><span style=\"font-size: large;\">tourisme@parc-naturel-brenne.fr<\/span><\/p>\n","protected":false},"excerpt":{"rendered":"<p>Jeudi 21 ao\u00fbt 2025 de 10h00 \u00e0 12h00. Rendez-vous&nbsp;: Place de l&rsquo;\u00e9glise \u00e0 Ciron. Animatrice&nbsp;: Fr\u00e9d\u00e9rique Ardibus. Organisateur&nbsp;: PNR Brenne. L&rsquo;\u00e9t\u00e9 est une saison propice pour d\u00e9couvrir les libellules. Nous les observerons \u00e0 leurs diff\u00e9rents stades (larves, adultes) et d\u00e9couvrirons quelques anecdotes \u00e9tonnantes sur leur mani\u00e8res de vivre. L&rsquo;animation peut \u00eatre annul\u00e9e en cas de&hellip;&nbsp;<a href=\"https:\/\/www.brenne-au-coeur.com\/index.php\/2025\/08\/03\/la-vie-secrete-des-libellules\/breves\/6953\/\" rel=\"bookmark\">Lire la suite&nbsp;&raquo;<span class=\"screen-reader-text\">La vie secr\u00e8te des libellules<\/span><\/a><\/p>\n","protected":false},"author":1,"featured_media":0,"comment_status":"open","ping_status":"open","sticky":false,"template":"","format":"standard","meta":{"rop_custom_images_group":[],"rop_custom_messages_group":[],"rop_publish_now":"initial","rop_publish_now_accounts":[],"rop_publish_now_history":[],"rop_publish_now_status":"pending","_monsterinsights_skip_tracking":false,"_monsterinsights_sitenote_active":false,"_monsterinsights_sitenote_note":"","_monsterinsights_sitenote_category":0,"neve_meta_sidebar":"","neve_meta_container":"","neve_meta_enable_content_width":"off","neve_meta_content_width":70,"neve_meta_title_alignment":"","neve_meta_author_avatar":"","neve_post_elements_order":"","neve_meta_disable_header":"","neve_meta_disable_footer":"","neve_meta_disable_title":"","_jetpack_memberships_contains_paid_content":false,"footnotes":"","jetpack_publicize_message":"","jetpack_publicize_feature_enabled":true,"jetpack_social_post_already_shared":true,"jetpack_social_options":{"image_generator_settings":{"template":"highway","default_image_id":0,"font":"","enabled":false},"version":2}},"categories":[124],"tags":[],"class_list":["post-6953","post","type-post","status-publish","format-standard","hentry","category-breves"],"aioseo_notices":[],"jetpack_publicize_connections":[],"jetpack_featured_media_url":"","jetpack-related-posts":[],"jetpack_sharing_enabled":true,"_links":{"self":[{"href":"https:\/\/www.brenne-au-coeur.com\/index.php\/wp-json\/wp\/v2\/posts\/6953","targetHints":{"allow":["GET"]}}],"collection":[{"href":"https:\/\/www.brenne-au-coeur.com\/index.php\/wp-json\/wp\/v2\/posts"}],"about":[{"href":"https:\/\/www.brenne-au-coeur.com\/index.php\/wp-json\/wp\/v2\/types\/post"}],"author":[{"embeddable":true,"href":"https:\/\/www.brenne-au-coeur.com\/index.php\/wp-json\/wp\/v2\/users\/1"}],"replies":[{"embeddable":true,"href":"https:\/\/www.brenne-au-coeur.com\/index.php\/wp-json\/wp\/v2\/comments?post=6953"}],"version-history":[{"count":1,"href":"https:\/\/www.brenne-au-coeur.com\/index.php\/wp-json\/wp\/v2\/posts\/6953\/revisions"}],"predecessor-version":[{"id":6954,"href":"https:\/\/www.brenne-au-coeur.com\/index.php\/wp-json\/wp\/v2\/posts\/6953\/revisions\/6954"}],"wp:attachment":[{"href":"https:\/\/www.brenne-au-coeur.com\/index.php\/wp-json\/wp\/v2\/media?parent=6953"}],"wp:term":[{"taxonomy":"category","embeddable":true,"href":"https:\/\/www.brenne-au-coeur.com\/index.php\/wp-json\/wp\/v2\/categories?post=6953"},{"taxonomy":"post_tag","embeddable":true,"href":"https:\/\/www.brenne-au-coeur.com\/index.php\/wp-json\/wp\/v2\/tags?post=6953"}],"curies":[{"name":"wp","href":"https:\/\/api.w.org\/{rel}","templated":true}]}}