{"id":6950,"date":"2025-07-30T17:45:01","date_gmt":"2025-07-30T15:45:01","guid":{"rendered":"https:\/\/www.brenne-au-coeur.com\/?p=6950"},"modified":"2025-07-30T17:45:01","modified_gmt":"2025-07-30T15:45:01","slug":"marionnette","status":"publish","type":"post","link":"https:\/\/www.brenne-au-coeur.com\/index.php\/2025\/07\/30\/marionnette\/breves\/6950\/","title":{"rendered":"Marionnette"},"content":{"rendered":"<p><span style=\"font-size: large;\">18\u00e8me f\u00eate de la Marionnette \u00e0 <\/span><span style=\"font-size: large;\">N\u00e9ons-sur-Creuse<\/span><span style=\"font-size: large;\">, <\/span><span style=\"font-size: large;\">d<\/span><span style=\"font-size: large;\">u vendredi 15 ao\u00fbt au dimanche 17 ao\u00fbt, Salle de l&rsquo;\u00e9cole, Salle des associations et plein air,1 place des maronniers Organisateur&nbsp;: AnimaN\u00e9ons. Durant trois jours venez d\u00e9couvrir l&rsquo;art de la marionnette au c\u0153ur du village de N\u00e9ons-sur-Creuse&nbsp;! Ce sera la 18\u00e8me \u00e9dition de la F\u00eate de le Marionnette, le festival le plus tendre de l&rsquo;\u00e9t\u00e9 en Brenne&nbsp;! Au programme des spectacles en ext\u00e9rieur et en salle pour les petits et les grands, des grands jeux en bois en acc\u00e8s libre pour jouer en famille ou avec les copains, des ateliers pour \u00ab\u00a0cuisiner\u00a0\u00bb sa marionnette ou pour apprendre le \u00ab\u00a0Scratch\u00a0\u00bb avec vinyles et platines, accompagn\u00e9 par DJ Tinkiet. Quant \u00e0 Pascal Pouvreau il installera sa P&rsquo;tite kermesse joyeuse et po\u00e9tique pour jouer toutes et tous ensemble sur le th\u00e8me de l&rsquo;eau. Il y aura \u00e9galement de quoi se restaurer et se d\u00e9salt\u00e9rer tout au long du festival avec m\u00eame un bar \u00e0 m\u00f4mes&nbsp;!<\/span><\/p>\n<p><span style=\"font-size: large;\">R\u00e9servation obligatoire. Nombre de places limit\u00e9. R\u00e9servation en ligne jusqu&rsquo;\u00e0 12h la veille de chaque spectacle. Pass\u00e9 ce d\u00e9lai la r\u00e9servation ce fera sur place en guichet central en fonction du nombre de places restantes.<\/span><\/p>\n<p><span style=\"font-size: large;\">Renseignements \/ R\u00e9servation 06 52 11 31 35 animaneons@gmail.com<\/span><\/p>\n<p><span style=\"font-size: large;\">Facebook www.fetemarionnette.org\/<\/span><\/p>\n","protected":false},"excerpt":{"rendered":"<p>18\u00e8me f\u00eate de la Marionnette \u00e0 N\u00e9ons-sur-Creuse, du vendredi 15 ao\u00fbt au dimanche 17 ao\u00fbt, Salle de l&rsquo;\u00e9cole, Salle des associations et plein air,1 place des maronniers Organisateur&nbsp;: AnimaN\u00e9ons. Durant trois jours venez d\u00e9couvrir l&rsquo;art de la marionnette au c\u0153ur du village de N\u00e9ons-sur-Creuse&nbsp;! Ce sera la 18\u00e8me \u00e9dition de la F\u00eate de le Marionnette,&hellip;&nbsp;<a href=\"https:\/\/www.brenne-au-coeur.com\/index.php\/2025\/07\/30\/marionnette\/breves\/6950\/\" rel=\"bookmark\">Lire la suite&nbsp;&raquo;<span class=\"screen-reader-text\">Marionnette<\/span><\/a><\/p>\n","protected":false},"author":1,"featured_media":0,"comment_status":"open","ping_status":"open","sticky":false,"template":"","format":"standard","meta":{"rop_custom_images_group":[],"rop_custom_messages_group":[],"rop_publish_now":"initial","rop_publish_now_accounts":[],"rop_publish_now_history":[],"rop_publish_now_status":"pending","_monsterinsights_skip_tracking":false,"_monsterinsights_sitenote_active":false,"_monsterinsights_sitenote_note":"","_monsterinsights_sitenote_category":0,"neve_meta_sidebar":"","neve_meta_container":"","neve_meta_enable_content_width":"off","neve_meta_content_width":70,"neve_meta_title_alignment":"","neve_meta_author_avatar":"","neve_post_elements_order":"","neve_meta_disable_header":"","neve_meta_disable_footer":"","neve_meta_disable_title":"","_jetpack_memberships_contains_paid_content":false,"footnotes":"","jetpack_publicize_message":"","jetpack_publicize_feature_enabled":true,"jetpack_social_post_already_shared":true,"jetpack_social_options":{"image_generator_settings":{"template":"highway","default_image_id":0,"font":"","enabled":false},"version":2}},"categories":[124],"tags":[],"class_list":["post-6950","post","type-post","status-publish","format-standard","hentry","category-breves"],"aioseo_notices":[],"jetpack_publicize_connections":[],"jetpack_featured_media_url":"","jetpack-related-posts":[],"jetpack_sharing_enabled":true,"_links":{"self":[{"href":"https:\/\/www.brenne-au-coeur.com\/index.php\/wp-json\/wp\/v2\/posts\/6950","targetHints":{"allow":["GET"]}}],"collection":[{"href":"https:\/\/www.brenne-au-coeur.com\/index.php\/wp-json\/wp\/v2\/posts"}],"about":[{"href":"https:\/\/www.brenne-au-coeur.com\/index.php\/wp-json\/wp\/v2\/types\/post"}],"author":[{"embeddable":true,"href":"https:\/\/www.brenne-au-coeur.com\/index.php\/wp-json\/wp\/v2\/users\/1"}],"replies":[{"embeddable":true,"href":"https:\/\/www.brenne-au-coeur.com\/index.php\/wp-json\/wp\/v2\/comments?post=6950"}],"version-history":[{"count":1,"href":"https:\/\/www.brenne-au-coeur.com\/index.php\/wp-json\/wp\/v2\/posts\/6950\/revisions"}],"predecessor-version":[{"id":6951,"href":"https:\/\/www.brenne-au-coeur.com\/index.php\/wp-json\/wp\/v2\/posts\/6950\/revisions\/6951"}],"wp:attachment":[{"href":"https:\/\/www.brenne-au-coeur.com\/index.php\/wp-json\/wp\/v2\/media?parent=6950"}],"wp:term":[{"taxonomy":"category","embeddable":true,"href":"https:\/\/www.brenne-au-coeur.com\/index.php\/wp-json\/wp\/v2\/categories?post=6950"},{"taxonomy":"post_tag","embeddable":true,"href":"https:\/\/www.brenne-au-coeur.com\/index.php\/wp-json\/wp\/v2\/tags?post=6950"}],"curies":[{"name":"wp","href":"https:\/\/api.w.org\/{rel}","templated":true}]}}