{"id":695,"date":"2021-10-06T18:32:51","date_gmt":"2021-10-06T16:32:51","guid":{"rendered":"https:\/\/www.brenne-au-coeur.com\/?p=695"},"modified":"2022-05-15T17:21:13","modified_gmt":"2022-05-15T15:21:13","slug":"jeux-et-rencontres-a-laccueil-de-loisirs-de-saint-michel-en-brenne","status":"publish","type":"post","link":"https:\/\/www.brenne-au-coeur.com\/index.php\/2021\/10\/06\/jeux-et-rencontres-a-laccueil-de-loisirs-de-saint-michel-en-brenne\/communes\/saint-michel-en-brenne\/695\/","title":{"rendered":"Jeux et rencontres \u00e0 l\u2019accueil de loisirs de Saint-Michel-en-Brenne"},"content":{"rendered":"<figure id=\"attachment_555\" aria-describedby=\"caption-attachment-555\" style=\"width: 300px\" class=\"wp-caption alignleft\"><a href=\"https:\/\/www.brenne-au-coeur.com\/wp-content\/uploads\/2022\/04\/2021-10-06_Accueil_loisirs_site.jpg\" rel=\"lightbox[695]\"><img loading=\"lazy\" decoding=\"async\" class=\"wp-image-555 size-medium\" src=\"https:\/\/www.brenne-au-coeur.com\/wp-content\/uploads\/2022\/04\/2021-10-06_Accueil_loisirs_site-300x186.jpg\" alt=\"\" width=\"300\" height=\"186\" srcset=\"https:\/\/www.brenne-au-coeur.com\/wp-content\/uploads\/2022\/04\/2021-10-06_Accueil_loisirs_site-300x186.jpg 300w, https:\/\/www.brenne-au-coeur.com\/wp-content\/uploads\/2022\/04\/2021-10-06_Accueil_loisirs_site-1024x633.jpg 1024w, https:\/\/www.brenne-au-coeur.com\/wp-content\/uploads\/2022\/04\/2021-10-06_Accueil_loisirs_site-768x475.jpg 768w, https:\/\/www.brenne-au-coeur.com\/wp-content\/uploads\/2022\/04\/2021-10-06_Accueil_loisirs_site.jpg 1200w\" sizes=\"auto, (max-width: 300px) 100vw, 300px\" \/><\/a><figcaption id=\"caption-attachment-555\" class=\"wp-caption-text\">M. Dominique Villain, pr\u00e9sident de l\u2019association de colombophilie de M\u00e9zi\u00e8res-en-Brenne \u00ab\u00a0Les ailes bleues\u00a0\u00bb, raconte aux enfants<\/figcaption><\/figure>\n<p><span style=\"font-size: large;\">Mercredi 6 octobre, les enfants de l\u2019accueil loisir de la Communaut\u00e9 de Communes C\u0153ur de Brenne <\/span><span style=\"font-size: large;\">ont re\u00e7u la visite <\/span><span style=\"font-size: large;\">de Romaric Boch et de Dominique <\/span><span style=\"font-size: large;\">Villain<\/span><span style=\"font-size: large;\">. <\/span><span style=\"font-size: large;\">R<\/span><span style=\"font-size: large;\">omaric est le papa de L\u00e9ma\u00efc. <\/span><span style=\"font-size: large;\">Elle <\/span><span style=\"font-size: large;\">souffre de la maladie du <a href=\"https:\/\/fr.wikipedia.org\/wiki\/Diab%C3%A8te_de_type_1\">diab\u00e8te 1<\/a>, qui touche en priorit\u00e9 les enfants. Aujourd\u2019hui <\/span><span style=\"font-size: large;\">s<\/span><span style=\"font-size: large;\">a d\u00e9marche \u00e9tait de venir l\u2019expliquer, avec les mots appropri\u00e9s aux enfants. Depuis de nombreux mois, il multiplie les initiatives pour sensibiliser le public sur cette question et r\u00e9colter des fonds pour la recherche. Une sensibilisation <\/span><span style=\"font-size: large;\">qu\u2019il souhaite mener en rapprochant des univers diff\u00e9rents.<\/span> <span style=\"font-size: large;\">Ce mercredi, il s\u2019agissait de faire connaissance avec c<\/span><span style=\"font-size: large;\">elui des pigeons voyageurs. <\/span><span style=\"font-size: large;\">Dominique <\/span><span style=\"font-size: large;\">Villain,<\/span><span style=\"font-size: large;\"> pr\u00e9sident de l\u2019association de colombophilie de M\u00e9zi\u00e8res-en-Brenne \u00ab\u00a0Les ailes bleues\u00a0\u00bb, pr\u00e9sentait ces oiseaux. Par l\u2019interm\u00e9diaire de jeux, mots crois\u00e9s et autres, les enfants ont appris \u00e0 mieux conna\u00eetre les pigeons. Ils ont r\u00e9dig\u00e9 des messages attach\u00e9s aux bagues fix\u00e9es aux pattes des oiseaux. <\/span><span style=\"font-size: large;\">P<\/span><span style=\"font-size: large;\">lusieurs dizaines de pigeons <\/span><span style=\"font-size: large;\">se sont envol\u00e9s lors du l\u00e2cher<\/span><span style=\"font-size: large;\">. On donnera aux enfants de leurs nouvelles lorsqu\u2019ils auront retrouv\u00e9 leur colombier respectif. Cette animation a \u00e9t\u00e9 soutenue et financ\u00e9e par la caisse locale <\/span><span style=\"font-size: large;\">de M\u00e9zi\u00e8res<\/span><span style=\"font-size: large;\"> du Cr\u00e9dit Agricole, partenaire des actions de Romaric, notamment des marathons, qu\u2019il a parcouru<\/span><span style=\"font-size: large;\">s<\/span><span style=\"font-size: large;\"> dans le d\u00e9partement de l\u2019Indre <\/span><span style=\"font-size: large;\">en mai dernier<\/span><span style=\"font-size: large;\">. <\/span><\/p>\n","protected":false},"excerpt":{"rendered":"<p>Mercredi 6 octobre, les enfants de l\u2019accueil loisir de la Communaut\u00e9 de Communes C\u0153ur de Brenne ont re\u00e7u la visite de Romaric Boch et de Dominique Villain. Romaric est le papa de L\u00e9ma\u00efc. Elle souffre de la maladie du diab\u00e8te 1, qui touche en priorit\u00e9 les enfants. Aujourd\u2019hui sa d\u00e9marche \u00e9tait de venir l\u2019expliquer, avec&hellip;&nbsp;<a href=\"https:\/\/www.brenne-au-coeur.com\/index.php\/2021\/10\/06\/jeux-et-rencontres-a-laccueil-de-loisirs-de-saint-michel-en-brenne\/communes\/saint-michel-en-brenne\/695\/\" rel=\"bookmark\">Lire la suite&nbsp;&raquo;<span class=\"screen-reader-text\">Jeux et rencontres \u00e0 l\u2019accueil de loisirs de Saint-Michel-en-Brenne<\/span><\/a><\/p>\n","protected":false},"author":1,"featured_media":555,"comment_status":"open","ping_status":"open","sticky":false,"template":"","format":"standard","meta":{"rop_custom_images_group":[],"rop_custom_messages_group":[],"rop_publish_now":"initial","rop_publish_now_accounts":[],"rop_publish_now_history":[],"rop_publish_now_status":"pending","_monsterinsights_skip_tracking":false,"_monsterinsights_sitenote_active":false,"_monsterinsights_sitenote_note":"","_monsterinsights_sitenote_category":0,"neve_meta_sidebar":"","neve_meta_container":"","neve_meta_enable_content_width":"off","neve_meta_content_width":70,"neve_meta_title_alignment":"","neve_meta_author_avatar":"","neve_post_elements_order":"","neve_meta_disable_header":"","neve_meta_disable_footer":"","neve_meta_disable_title":"","_jetpack_memberships_contains_paid_content":false,"footnotes":"","jetpack_publicize_message":"","jetpack_publicize_feature_enabled":true,"jetpack_social_post_already_shared":false,"jetpack_social_options":{"image_generator_settings":{"template":"highway","default_image_id":0,"font":"","enabled":false},"version":2}},"categories":[16],"tags":[],"class_list":["post-695","post","type-post","status-publish","format-standard","has-post-thumbnail","hentry","category-saint-michel-en-brenne"],"aioseo_notices":[],"jetpack_publicize_connections":[],"jetpack_featured_media_url":"https:\/\/www.brenne-au-coeur.com\/wp-content\/uploads\/2022\/04\/2021-10-06_Accueil_loisirs_site.jpg","jetpack-related-posts":[],"jetpack_sharing_enabled":true,"_links":{"self":[{"href":"https:\/\/www.brenne-au-coeur.com\/index.php\/wp-json\/wp\/v2\/posts\/695","targetHints":{"allow":["GET"]}}],"collection":[{"href":"https:\/\/www.brenne-au-coeur.com\/index.php\/wp-json\/wp\/v2\/posts"}],"about":[{"href":"https:\/\/www.brenne-au-coeur.com\/index.php\/wp-json\/wp\/v2\/types\/post"}],"author":[{"embeddable":true,"href":"https:\/\/www.brenne-au-coeur.com\/index.php\/wp-json\/wp\/v2\/users\/1"}],"replies":[{"embeddable":true,"href":"https:\/\/www.brenne-au-coeur.com\/index.php\/wp-json\/wp\/v2\/comments?post=695"}],"version-history":[{"count":0,"href":"https:\/\/www.brenne-au-coeur.com\/index.php\/wp-json\/wp\/v2\/posts\/695\/revisions"}],"wp:featuredmedia":[{"embeddable":true,"href":"https:\/\/www.brenne-au-coeur.com\/index.php\/wp-json\/wp\/v2\/media\/555"}],"wp:attachment":[{"href":"https:\/\/www.brenne-au-coeur.com\/index.php\/wp-json\/wp\/v2\/media?parent=695"}],"wp:term":[{"taxonomy":"category","embeddable":true,"href":"https:\/\/www.brenne-au-coeur.com\/index.php\/wp-json\/wp\/v2\/categories?post=695"},{"taxonomy":"post_tag","embeddable":true,"href":"https:\/\/www.brenne-au-coeur.com\/index.php\/wp-json\/wp\/v2\/tags?post=695"}],"curies":[{"name":"wp","href":"https:\/\/api.w.org\/{rel}","templated":true}]}}