{"id":6929,"date":"2025-07-22T16:46:48","date_gmt":"2025-07-22T14:46:48","guid":{"rendered":"https:\/\/www.brenne-au-coeur.com\/?p=6929"},"modified":"2025-07-22T16:46:48","modified_gmt":"2025-07-22T14:46:48","slug":"bal-marche-gourmand","status":"publish","type":"post","link":"https:\/\/www.brenne-au-coeur.com\/index.php\/2025\/07\/22\/bal-marche-gourmand\/communes\/mezieres-en-brenne\/6929\/","title":{"rendered":"Bal &#038; march\u00e9 gourmand"},"content":{"rendered":"<p><span style=\"font-size: large;\">Samedi 9 ao\u00fbt, \u00e0 M\u00e9zi\u00e8res-en-Brenne, place Jean Moulin, la m\u00e9diath\u00e8que propose une soir\u00e9e faite de rencontres, de gourmandise, de musique et de danses. <\/span><\/p>\n<p><span style=\"font-size: large;\"><a href=\"https:\/\/www.brenne-au-coeur.com\/wp-content\/uploads\/2025\/07\/thumbnail_KISSONAFROG.resized.jpg\" rel=\"lightbox[6929]\"><img loading=\"lazy\" decoding=\"async\" class=\"alignleft wp-image-6930\" src=\"https:\/\/www.brenne-au-coeur.com\/wp-content\/uploads\/2025\/07\/thumbnail_KISSONAFROG.resized-300x200.jpg\" alt=\"\" width=\"242\" height=\"161\" srcset=\"https:\/\/www.brenne-au-coeur.com\/wp-content\/uploads\/2025\/07\/thumbnail_KISSONAFROG.resized-300x200.jpg 300w, https:\/\/www.brenne-au-coeur.com\/wp-content\/uploads\/2025\/07\/thumbnail_KISSONAFROG.resized-150x100.jpg 150w, https:\/\/www.brenne-au-coeur.com\/wp-content\/uploads\/2025\/07\/thumbnail_KISSONAFROG.resized-768x512.jpg 768w, https:\/\/www.brenne-au-coeur.com\/wp-content\/uploads\/2025\/07\/thumbnail_KISSONAFROG.resized-930x620.jpg 930w, https:\/\/www.brenne-au-coeur.com\/wp-content\/uploads\/2025\/07\/thumbnail_KISSONAFROG.resized-272x182.jpg 272w, https:\/\/www.brenne-au-coeur.com\/wp-content\/uploads\/2025\/07\/thumbnail_KISSONAFROG.resized.jpg 960w\" sizes=\"auto, (max-width: 242px) 100vw, 242px\" \/><\/a>19h00, Ap\u00e9ro-rencontre, 20h00 March\u00e9 gourmand, 21h00, Concert et Bal (gratuit)<\/span><\/p>\n<p><span style=\"font-size: large;\">Le bal trad sera anim\u00e9 par le groupe Kiss on a frog.<\/span><\/p>\n<p><span style=\"font-size: large;\">Tels qu\u2019ils se d\u00e9finissent sur le site, \u00ab\u00a0le groupe Kiss on a frog vous invite \u00e0 partager un \u00ab\u00a0bal folk\u00a0\u00bb, \u00ab\u00a0bal trad\u00a0\u00bb fait de jolies musiques de composition r\u00e9cente; adapt\u00e9es aux danses \u00ab\u00a0dites traditionnelles\u00a0\u00bb pratiqu\u00e9es dans le centre de la France (au sens large&nbsp;!): bourr\u00e9es \u00e0 2 et 3 temps, valses \u00e0 3, 5, 8 ( et peut-\u00eatre bient\u00f4t 1000&nbsp;!) temps, scottishes impaires (et paires, on n&rsquo;est pas sectaires), cercles circassiens, ronds d&rsquo;Argenton, rondeaux, chapelloises, mazurkas, polkas, des danses bretonnes (an dro, hanter-dro, gavotte de l&rsquo;aven) 3 ratons laveurs&#8230;\u00a0\u00bb<\/span><\/p>\n<div class=\"nv-iframe-embed\"><div class=\"lyte-wrapper fourthree\" title=\"Groupe Folk Kiss on a Frog\" style=\"width:420px;max-width:100%;margin:5px auto;\"><div class=\"lyMe hidef\" id=\"WYL_Syr2yLxapkE\" itemprop=\"video\" itemscope itemtype=\"https:\/\/schema.org\/VideoObject\"><div><meta itemprop=\"thumbnailUrl\" content=\"https:\/\/www.brenne-au-coeur.com\/wp-content\/plugins\/wp-youtube-lyte\/lyteCache.php?origThumbUrl=https%3A%2F%2Fi.ytimg.com%2Fvi%2FSyr2yLxapkE%2Fmaxresdefault.jpg\" \/><meta itemprop=\"embedURL\" content=\"https:\/\/www.youtube.com\/embed\/Syr2yLxapkE\" \/><meta itemprop=\"duration\" content=\"PT4M9S\" \/><meta itemprop=\"uploadDate\" content=\"2015-11-15T05:58:42Z\" \/><\/div><div id=\"lyte_Syr2yLxapkE\" data-src=\"https:\/\/www.brenne-au-coeur.com\/wp-content\/plugins\/wp-youtube-lyte\/lyteCache.php?origThumbUrl=https%3A%2F%2Fi.ytimg.com%2Fvi%2FSyr2yLxapkE%2Fmaxresdefault.jpg\" class=\"pL\"><div class=\"tC\"><div class=\"tT\" itemprop=\"name\">Groupe Folk Kiss on a Frog<\/div><\/div><div class=\"play\"><\/div><div class=\"ctrl\"><div class=\"Lctrl\"><\/div><div class=\"Rctrl\"><\/div><\/div><\/div><noscript><a href=\"https:\/\/youtu.be\/Syr2yLxapkE\" rel=\"nofollow\"><img loading=\"lazy\" decoding=\"async\" src=\"https:\/\/www.brenne-au-coeur.com\/wp-content\/plugins\/wp-youtube-lyte\/lyteCache.php?origThumbUrl=https%3A%2F%2Fi.ytimg.com%2Fvi%2FSyr2yLxapkE%2F0.jpg\" alt=\"Groupe Folk Kiss on a Frog\" width=\"420\" height=\"295\" \/><br \/>Lire cette vid\u00e9o sur YouTube<\/a><\/noscript><meta itemprop=\"description\" content=\"Kiss on a Frog . produit une musique chaleureuse, \u00e9nergique. On retrouvera des sonorit\u00e9s afro-cubaines, anglo-saxonnes tout en assumant un aspect traditionnelle, moderne et f\u00e9d\u00e9rateur.\"><\/div><\/div><div class=\"lL\" style=\"max-width:100%;width:420px;margin:5px auto;\"><\/div><\/div>\n","protected":false},"excerpt":{"rendered":"<p>Samedi 9 ao\u00fbt, \u00e0 M\u00e9zi\u00e8res-en-Brenne, place Jean Moulin, la m\u00e9diath\u00e8que propose une soir\u00e9e faite de rencontres, de gourmandise, de musique et de danses. 19h00, Ap\u00e9ro-rencontre, 20h00 March\u00e9 gourmand, 21h00, Concert et Bal (gratuit) Le bal trad sera anim\u00e9 par le groupe Kiss on a frog. Tels qu\u2019ils se d\u00e9finissent sur le site, \u00ab\u00a0le groupe Kiss&hellip;&nbsp;<a href=\"https:\/\/www.brenne-au-coeur.com\/index.php\/2025\/07\/22\/bal-marche-gourmand\/communes\/mezieres-en-brenne\/6929\/\" rel=\"bookmark\">Lire la suite&nbsp;&raquo;<span class=\"screen-reader-text\">Bal &#038; march\u00e9 gourmand<\/span><\/a><\/p>\n","protected":false},"author":1,"featured_media":6931,"comment_status":"open","ping_status":"open","sticky":false,"template":"","format":"standard","meta":{"rop_custom_images_group":[],"rop_custom_messages_group":[],"rop_publish_now":"initial","rop_publish_now_accounts":[],"rop_publish_now_history":[],"rop_publish_now_status":"pending","_monsterinsights_skip_tracking":false,"_monsterinsights_sitenote_active":false,"_monsterinsights_sitenote_note":"","_monsterinsights_sitenote_category":0,"neve_meta_sidebar":"","neve_meta_container":"","neve_meta_enable_content_width":"off","neve_meta_content_width":70,"neve_meta_title_alignment":"","neve_meta_author_avatar":"","neve_post_elements_order":"","neve_meta_disable_header":"","neve_meta_disable_footer":"","neve_meta_disable_title":"","_jetpack_memberships_contains_paid_content":false,"footnotes":"","jetpack_publicize_message":"","jetpack_publicize_feature_enabled":true,"jetpack_social_post_already_shared":true,"jetpack_social_options":{"image_generator_settings":{"template":"highway","default_image_id":0,"font":"","enabled":false},"version":2}},"categories":[59,12],"tags":[103,40],"class_list":["post-6929","post","type-post","status-publish","format-standard","has-post-thumbnail","hentry","category-mediatheque","category-mezieres-en-brenne","tag-gastronomie","tag-musique"],"aioseo_notices":[],"jetpack_publicize_connections":[],"jetpack_featured_media_url":"https:\/\/www.brenne-au-coeur.com\/wp-content\/uploads\/2025\/07\/BalTrad2025-Kissonafrog.resized.jpg","jetpack-related-posts":[],"jetpack_sharing_enabled":true,"_links":{"self":[{"href":"https:\/\/www.brenne-au-coeur.com\/index.php\/wp-json\/wp\/v2\/posts\/6929","targetHints":{"allow":["GET"]}}],"collection":[{"href":"https:\/\/www.brenne-au-coeur.com\/index.php\/wp-json\/wp\/v2\/posts"}],"about":[{"href":"https:\/\/www.brenne-au-coeur.com\/index.php\/wp-json\/wp\/v2\/types\/post"}],"author":[{"embeddable":true,"href":"https:\/\/www.brenne-au-coeur.com\/index.php\/wp-json\/wp\/v2\/users\/1"}],"replies":[{"embeddable":true,"href":"https:\/\/www.brenne-au-coeur.com\/index.php\/wp-json\/wp\/v2\/comments?post=6929"}],"version-history":[{"count":1,"href":"https:\/\/www.brenne-au-coeur.com\/index.php\/wp-json\/wp\/v2\/posts\/6929\/revisions"}],"predecessor-version":[{"id":6932,"href":"https:\/\/www.brenne-au-coeur.com\/index.php\/wp-json\/wp\/v2\/posts\/6929\/revisions\/6932"}],"wp:featuredmedia":[{"embeddable":true,"href":"https:\/\/www.brenne-au-coeur.com\/index.php\/wp-json\/wp\/v2\/media\/6931"}],"wp:attachment":[{"href":"https:\/\/www.brenne-au-coeur.com\/index.php\/wp-json\/wp\/v2\/media?parent=6929"}],"wp:term":[{"taxonomy":"category","embeddable":true,"href":"https:\/\/www.brenne-au-coeur.com\/index.php\/wp-json\/wp\/v2\/categories?post=6929"},{"taxonomy":"post_tag","embeddable":true,"href":"https:\/\/www.brenne-au-coeur.com\/index.php\/wp-json\/wp\/v2\/tags?post=6929"}],"curies":[{"name":"wp","href":"https:\/\/api.w.org\/{rel}","templated":true}]}}