{"id":6925,"date":"2025-07-22T16:16:43","date_gmt":"2025-07-22T14:16:43","guid":{"rendered":"https:\/\/www.brenne-au-coeur.com\/?p=6925"},"modified":"2025-07-22T16:16:43","modified_gmt":"2025-07-22T14:16:43","slug":"spectacles-sous-les-arbres","status":"publish","type":"post","link":"https:\/\/www.brenne-au-coeur.com\/index.php\/2025\/07\/22\/spectacles-sous-les-arbres\/communes\/mezieres-en-brenne\/6925\/","title":{"rendered":"Spectacles sous les arbres"},"content":{"rendered":"<p><span style=\"font-size: large;\">Samedi 26 juillet 2025 \u00e0 17h, \u00e0 la m\u00e9diath\u00e8que de M\u00e9zi\u00e8res, le collectif BARDA compagnie propose la projection de \u00ab\u00a0DETRACK\u00a0\u00bb. <\/span><\/p>\n<p><span style=\"font-size: large;\">Laissez-vous embarquer dans ce road-movie clownesque, \u00e0 la rencontre de personnages singuliers et d\u00e9cal\u00e9s. <\/span><\/p>\n<p><span style=\"font-size: large;\">Ce film a \u00e9t\u00e9 produit en 2012 par Atout Brenne (accompagnement de personnes en situation de handicap) avec Barda Compagnie. <\/span><\/p>\n<p><span style=\"font-size: large;\"><a href=\"https:\/\/www.brenne-au-coeur.com\/wp-content\/uploads\/2025\/07\/sous-les-arbres-1.jpg\" rel=\"lightbox[6925]\"><img loading=\"lazy\" decoding=\"async\" class=\"alignleft wp-image-6926 size-medium\" src=\"https:\/\/www.brenne-au-coeur.com\/wp-content\/uploads\/2025\/07\/sous-les-arbres-1-212x300.jpg\" alt=\"\" width=\"212\" height=\"300\" srcset=\"https:\/\/www.brenne-au-coeur.com\/wp-content\/uploads\/2025\/07\/sous-les-arbres-1-212x300.jpg 212w, https:\/\/www.brenne-au-coeur.com\/wp-content\/uploads\/2025\/07\/sous-les-arbres-1-724x1024.jpg 724w, https:\/\/www.brenne-au-coeur.com\/wp-content\/uploads\/2025\/07\/sous-les-arbres-1-106x150.jpg 106w, https:\/\/www.brenne-au-coeur.com\/wp-content\/uploads\/2025\/07\/sous-les-arbres-1-768x1086.jpg 768w, https:\/\/www.brenne-au-coeur.com\/wp-content\/uploads\/2025\/07\/sous-les-arbres-1-1086x1536.jpg 1086w, https:\/\/www.brenne-au-coeur.com\/wp-content\/uploads\/2025\/07\/sous-les-arbres-1.jpg 1414w\" sizes=\"auto, (max-width: 212px) 100vw, 212px\" \/><\/a> Cette s\u00e9ance de cin\u00e9ma d\u2019une dur\u00e9e de 27 mn, est l\u2019une des nombreuses animations de \u201cSpectacles sous les arbres\u201d qui auront lieu de 14h30 \u00e0 23h00.<\/span><\/p>\n<p><span style=\"font-size: large;\">Barda a concoct\u00e9 un programme aux petits oignons pour cette deuxi\u00e8me \u00e9dition. BULLE, la sieste musicale fera m\u00e9diter, en musique et en dessins VERT TIGE, le spectacle des jardins invitera \u00e0 mettre les mains dans la terre, \u00e0 contempler le jardin pour \u00e9couter ce qu\u2019il a \u00e0 nous dire, sur nous, sur notre rapport au monde. BONHEUR A LA CARTE, l&rsquo;entresort musical, chantera notre avenir au creux de l&rsquo;oreille DETRACK, le court-m\u00e9trage embarquera dans un road-movie clownesque et fantastique, \u00e0 la rencontre de personnages singuliers et d\u00e9cal\u00e9s. enfin, MAZINGUE, le spectacle musical th\u00e9\u00e2tralis\u00e9, emm\u00e8nera \u00e0 dos de m\u00e9sange faire un tour de musique du monde, tout en humour et po\u00e9sie. Atelier cyanotype au cours de l&rsquo;apr\u00e8s-midi.<\/span><\/p>\n<p><span style=\"font-size: large;\">Petite restauration sur place.<\/span><\/p>\n<p><span style=\"font-size: large;\">Adulte plein tarif Prix libre, (mini)&nbsp;: 5 \u20ac<\/span><\/p>\n<p><span style=\"font-size: large;\">Renseignements \/ R\u00e9servation bardacie.spectacle@gmail.com www.bardacompagnie.org urlr.me\/vBCjM2<\/span><\/p>\n","protected":false},"excerpt":{"rendered":"<p>Samedi 26 juillet 2025 \u00e0 17h, \u00e0 la m\u00e9diath\u00e8que de M\u00e9zi\u00e8res, le collectif BARDA compagnie propose la projection de \u00ab\u00a0DETRACK\u00a0\u00bb. Laissez-vous embarquer dans ce road-movie clownesque, \u00e0 la rencontre de personnages singuliers et d\u00e9cal\u00e9s. Ce film a \u00e9t\u00e9 produit en 2012 par Atout Brenne (accompagnement de personnes en situation de handicap) avec Barda Compagnie. Cette&hellip;&nbsp;<a href=\"https:\/\/www.brenne-au-coeur.com\/index.php\/2025\/07\/22\/spectacles-sous-les-arbres\/communes\/mezieres-en-brenne\/6925\/\" rel=\"bookmark\">Lire la suite&nbsp;&raquo;<span class=\"screen-reader-text\">Spectacles sous les arbres<\/span><\/a><\/p>\n","protected":false},"author":1,"featured_media":6927,"comment_status":"open","ping_status":"open","sticky":false,"template":"","format":"standard","meta":{"rop_custom_images_group":[],"rop_custom_messages_group":[],"rop_publish_now":"initial","rop_publish_now_accounts":[],"rop_publish_now_history":[],"rop_publish_now_status":"pending","_monsterinsights_skip_tracking":false,"_monsterinsights_sitenote_active":false,"_monsterinsights_sitenote_note":"","_monsterinsights_sitenote_category":0,"neve_meta_sidebar":"","neve_meta_container":"","neve_meta_enable_content_width":"off","neve_meta_content_width":70,"neve_meta_title_alignment":"","neve_meta_author_avatar":"","neve_post_elements_order":"","neve_meta_disable_header":"","neve_meta_disable_footer":"","neve_meta_disable_title":"","_jetpack_memberships_contains_paid_content":false,"footnotes":"","jetpack_publicize_message":"","jetpack_publicize_feature_enabled":true,"jetpack_social_post_already_shared":true,"jetpack_social_options":{"image_generator_settings":{"template":"highway","default_image_id":0,"font":"","enabled":false},"version":2}},"categories":[59,12],"tags":[78],"class_list":["post-6925","post","type-post","status-publish","format-standard","has-post-thumbnail","hentry","category-mediatheque","category-mezieres-en-brenne","tag-spectacle"],"aioseo_notices":[],"jetpack_publicize_connections":[],"jetpack_featured_media_url":"https:\/\/www.brenne-au-coeur.com\/wp-content\/uploads\/2025\/07\/thumbnail_DETRACK.jpg","jetpack-related-posts":[],"jetpack_sharing_enabled":true,"_links":{"self":[{"href":"https:\/\/www.brenne-au-coeur.com\/index.php\/wp-json\/wp\/v2\/posts\/6925","targetHints":{"allow":["GET"]}}],"collection":[{"href":"https:\/\/www.brenne-au-coeur.com\/index.php\/wp-json\/wp\/v2\/posts"}],"about":[{"href":"https:\/\/www.brenne-au-coeur.com\/index.php\/wp-json\/wp\/v2\/types\/post"}],"author":[{"embeddable":true,"href":"https:\/\/www.brenne-au-coeur.com\/index.php\/wp-json\/wp\/v2\/users\/1"}],"replies":[{"embeddable":true,"href":"https:\/\/www.brenne-au-coeur.com\/index.php\/wp-json\/wp\/v2\/comments?post=6925"}],"version-history":[{"count":1,"href":"https:\/\/www.brenne-au-coeur.com\/index.php\/wp-json\/wp\/v2\/posts\/6925\/revisions"}],"predecessor-version":[{"id":6928,"href":"https:\/\/www.brenne-au-coeur.com\/index.php\/wp-json\/wp\/v2\/posts\/6925\/revisions\/6928"}],"wp:featuredmedia":[{"embeddable":true,"href":"https:\/\/www.brenne-au-coeur.com\/index.php\/wp-json\/wp\/v2\/media\/6927"}],"wp:attachment":[{"href":"https:\/\/www.brenne-au-coeur.com\/index.php\/wp-json\/wp\/v2\/media?parent=6925"}],"wp:term":[{"taxonomy":"category","embeddable":true,"href":"https:\/\/www.brenne-au-coeur.com\/index.php\/wp-json\/wp\/v2\/categories?post=6925"},{"taxonomy":"post_tag","embeddable":true,"href":"https:\/\/www.brenne-au-coeur.com\/index.php\/wp-json\/wp\/v2\/tags?post=6925"}],"curies":[{"name":"wp","href":"https:\/\/api.w.org\/{rel}","templated":true}]}}