{"id":6911,"date":"2025-07-21T20:44:05","date_gmt":"2025-07-21T18:44:05","guid":{"rendered":"https:\/\/www.brenne-au-coeur.com\/?p=6911"},"modified":"2025-07-21T20:44:05","modified_gmt":"2025-07-21T18:44:05","slug":"une-loi-qui-a-du-plomb-dans-laile","status":"publish","type":"post","link":"https:\/\/www.brenne-au-coeur.com\/index.php\/2025\/07\/21\/une-loi-qui-a-du-plomb-dans-laile\/2-dernier-article-paru\/6911\/","title":{"rendered":"Une loi qui a du plomb dans l\u2019aile"},"content":{"rendered":"<p><span style=\"font-size: large;\">Dans le texte qui suit, le site <a href=\"https:\/\/reporterre.net\/Nature\"><i><b>Reporterre<\/b><\/i><\/a> fait le point sur une p\u00e9tition lanc\u00e9e sur le site de l\u2019Assembl\u00e9e nationale contre la loi Duplomb. Elle a recueilli pr\u00e8s de 1, 5000 000 signatures. ( il suffit pour signer de se rendre sur le site de l\u2019Assembl\u00e9e nationale et de sa laisser guider). <\/span><\/p>\n<p><span style=\"font-size: large;\"><a href=\"https:\/\/www.brenne-au-coeur.com\/wp-content\/uploads\/2025\/07\/duplomb3.jpeg\" rel=\"lightbox[6911]\"><img loading=\"lazy\" decoding=\"async\" class=\"alignleft wp-image-6912\" src=\"https:\/\/www.brenne-au-coeur.com\/wp-content\/uploads\/2025\/07\/duplomb3.jpeg\" alt=\"\" width=\"377\" height=\"211\" srcset=\"https:\/\/www.brenne-au-coeur.com\/wp-content\/uploads\/2025\/07\/duplomb3.jpeg 300w, https:\/\/www.brenne-au-coeur.com\/wp-content\/uploads\/2025\/07\/duplomb3-150x84.jpeg 150w\" sizes=\"auto, (max-width: 377px) 100vw, 377px\" \/><\/a>\u00ab\u00a0Un nouveau d\u00e9bat pourrait avoir lieu, mais le gouvernement ne compte pas abandonner cette loi pour autant.<\/span><\/p>\n<p><span style=\"font-size: large;\">Ils misaient sur les vacances d\u2019\u00e9t\u00e9 pour que les Fran\u00e7ais passent \u00e0 autre chose. Les d\u00e9fenseurs de la loi Duplomb se sont lourdement tromp\u00e9s. Ce weekend, un tsunami citoyen a d\u00e9ferl\u00e9 sur le pays contre ce texte qui r\u00e9autorise des pesticides interdits dont l\u2019ac\u00e9tamipride, facilite la construction de m\u00e9gabassines et favorise l\u2019\u00e9levage industriel.<\/span><\/p>\n<p><span style=\"font-size: large;\">Que ce soit sur la plage, au caf\u00e9, dans les boucles familiales WhatsApp, la mobilisation contre la loi Duplomb adopt\u00e9e mardi 8 juillet s\u2019est immisc\u00e9e dans les conversations pour appeler les uns et les autres \u00e0 signer la p\u00e9tition exigeant son retrait. Dimanche 20 juillet en fin d\u2019apr\u00e8s-midi, le texte avait recueilli plus d\u2019un million de signatures.<\/span><\/p>\n<p><span style=\"font-size: large;\">Jamais une requ\u00eate lanc\u00e9e sur la plateforme de p\u00e9tition citoyenne sur le site de l\u2019Assembl\u00e9e nationale n\u2019avait re\u00e7u autant de soutiens. \u00c0 titre de comparaison, celle qui avait le plus fonctionn\u00e9 depuis la cr\u00e9ation de cet outil \u00e9tait celle r\u00e9clamant la dissolution de l\u2019unit\u00e9 polici\u00e8re Brav-M en 2023&nbsp;: elle a recueilli 263 887 signatures.<\/span><\/p>\n<p><span style=\"font-size: large;\">\u00ab&nbsp;Faire bloc contre la b\u00eatise humaine&nbsp;\u00bb<\/span><\/p>\n<p><span style=\"font-size: large;\"><a href=\"https:\/\/www.brenne-au-coeur.com\/wp-content\/uploads\/2025\/07\/dulpomb2.jpeg\" rel=\"lightbox[6911]\"><img loading=\"lazy\" decoding=\"async\" class=\"alignright wp-image-6913\" src=\"https:\/\/www.brenne-au-coeur.com\/wp-content\/uploads\/2025\/07\/dulpomb2.jpeg\" alt=\"\" width=\"337\" height=\"224\" srcset=\"https:\/\/www.brenne-au-coeur.com\/wp-content\/uploads\/2025\/07\/dulpomb2.jpeg 275w, https:\/\/www.brenne-au-coeur.com\/wp-content\/uploads\/2025\/07\/dulpomb2-150x100.jpeg 150w, https:\/\/www.brenne-au-coeur.com\/wp-content\/uploads\/2025\/07\/dulpomb2-272x182.jpeg 272w\" sizes=\"auto, (max-width: 337px) 100vw, 337px\" \/><\/a>La dynamique est d\u2019autant plus sensationnelle que la p\u00e9tition a \u00e9t\u00e9 lanc\u00e9e il y a quelques jours \u00e0 peine, le 10 juillet, par \u00c9l\u00e9onore Paterry, une \u00e9tudiante inconnue du grand public, sans relais m\u00e9diatique, associatif ni politique. Dans son texte, la femme de 23 ans \u00e9crit que \u00ab&nbsp;rien n\u2019est encore perdu&nbsp;\u00bb, qu\u2019il est encore temps \u00ab&nbsp;de refuser l\u2019inacceptable&nbsp;\u00bb et appelle \u00e0 \u00ab&nbsp;faire bloc contre la b\u00eatise humaine&nbsp;\u00bb.<\/span><\/p>\n<p><span style=\"font-size: large;\">Tr\u00e8s vite, son message a fait mouche. Apr\u00e8s 15 000 signatures le 16 juillet, 100 000 le lendemain, 500 000 deux jours plus tard et maintenant plus d\u2019un million, le compteur continue de grimper \u00e0 un rythme effr\u00e9n\u00e9.<\/span><\/p>\n<p><span style=\"font-size: large;\">De nombreuses personnalit\u00e9s, comme l\u2019acteur Pierre Niney, le chanteur Julien Dor\u00e9 ainsi que des cr\u00e9atrices de contenus comme Enjoy Phoenix ont \u00e9galement apport\u00e9 leur soutien \u00e0 la p\u00e9tition contre le texte n\u00e9faste pour la sant\u00e9 et l\u2019environnement.<\/span><\/p>\n<p><span style=\"font-size: large;\">\u00ab&nbsp;Gr\u00e2ce \u00e0 vous, la voix du peuple r\u00e9sonne un peu plus fort&nbsp;\u00bb<\/span><\/p>\n<p><span style=\"font-size: large;\">\u00ab&nbsp;Gr\u00e2ce \u00e0 vous, la voix du peuple r\u00e9sonne un peu plus fort&nbsp;\u00bb, s\u2019est f\u00e9licit\u00e9e samedi apr\u00e8s-midi \u00c9l\u00e9onore Pattery sur son compte LinkedIn, ajoutant&nbsp;: \u00ab&nbsp;C\u2019est le moment de r\u00e9volutionner le monde d\u2019aujourd\u2019hui, pour b\u00e2tir la paix de demain.&nbsp;\u00bb<\/span><\/p>\n<p><span style=\"font-size: large;\">L\u2019association de lutte contre les pesticides G\u00e9n\u00e9rations futures a salu\u00e9 une \u00ab&nbsp;mobilisation exceptionnelle, du jamais-vu dans l\u2019histoire de la V\u1d49 R\u00e9publique, qui t\u00e9moigne du rejet massif de cette loi par la soci\u00e9t\u00e9 civile&nbsp;\u00bb.<\/span><\/p>\n<p><span style=\"font-size: large;\">Que va-t-il se passer maintenant&nbsp;? Alors que la loi Duplomb avait \u00e9t\u00e9 adopt\u00e9e sans d\u00e9bat dans l\u2019h\u00e9micycle apr\u00e8s le vote d\u2019une motion de rejet par les partisans du texte allant du centre \u00e0 l\u2019extr\u00eame droite, peut-on enfin esp\u00e9rer un d\u00e9bat d\u00e9mocratique&nbsp;?<\/span><\/p>\n<p><span style=\"font-size: large;\">Un possible nouveau d\u00e9bat<\/span><\/p>\n<p><span style=\"font-size: large;\"><a href=\"https:\/\/www.brenne-au-coeur.com\/wp-content\/uploads\/2025\/07\/duplomb.jpeg\" rel=\"lightbox[6911]\"><img loading=\"lazy\" decoding=\"async\" class=\"alignleft wp-image-6914\" src=\"https:\/\/www.brenne-au-coeur.com\/wp-content\/uploads\/2025\/07\/duplomb.jpeg\" alt=\"\" width=\"404\" height=\"229\" srcset=\"https:\/\/www.brenne-au-coeur.com\/wp-content\/uploads\/2025\/07\/duplomb.jpeg 298w, https:\/\/www.brenne-au-coeur.com\/wp-content\/uploads\/2025\/07\/duplomb-150x85.jpeg 150w\" sizes=\"auto, (max-width: 404px) 100vw, 404px\" \/><\/a>La barre des 500 000 signatures largement franchie, la proc\u00e9dure pr\u00e9voit que la conf\u00e9rence des pr\u00e9sidents de l\u2019Assembl\u00e9e nationale (la pr\u00e9sidente de la chambre basse et les pr\u00e9sidents de groupe et des commissions permanentes notamment) \u00ab&nbsp;peut d\u00e9cider d\u2019organiser un d\u00e9bat en s\u00e9ance publique&nbsp;\u00bb. Toutefois, seule la p\u00e9tition sera d\u00e9battue, le dispositif ne permet pas de faire r\u00e9examiner automatiquement la loi Duplomb ni de l\u2019abroger.<\/span><\/p>\n<p><span style=\"font-size: large;\">Chez les politiques, chacun semble camper sur ses positions. La pr\u00e9sidente de l\u2019Assembl\u00e9e Ya\u00ebl Braun-Pivet s\u2019est dite dimanche 20 juillet \u00ab&nbsp;favorable&nbsp;\u00bb \u00e0 l\u2019organisation d\u2019un tel d\u00e9bat. Mais il \u00ab&nbsp;ne pourra en aucun cas revenir sur la loi vot\u00e9e&nbsp;\u00bb qui va, selon elle, \u00ab&nbsp;sauver un certain nombre de nos agriculteurs&nbsp;\u00bb. Ni Annie Genevard, la ministre de l\u2019Agriculture, ni Agn\u00e8s Pannier-Runacher, ministre de la Transition \u00e9cologique, n\u2019ont r\u00e9agi. M\u00eame chose parmi les \u00e9lus du Rassemblement national.<\/span><\/p>\n<p><span style=\"font-size: large;\">Interrog\u00e9e le 21 juillet sur le plateau de France 2, la porte-parole du gouvernement Sophie Primas a dit que \u00ab&nbsp;le gouvernement \u00e9coute bien s\u00fbr les mouvements d\u00e9mocratiques comme celui qui s\u2019exprime aujourd\u2019hui&nbsp;\u00bb. \u00ab&nbsp;Peut-\u00eatre n\u2019avons-nous pas assez rassur\u00e9, peut-\u00eatre n\u2019avons-nous pas expliqu\u00e9 \u00e0 quel point cette loi a pour objectif de remettre les agriculteurs fran\u00e7ais dans le m\u00eame cadre d\u2019exercice de leur profession que leurs coll\u00e8gues europ\u00e9ens&nbsp;\u00bb, a-t-elle ajout\u00e9, avant d\u2019assurer que \u00ab&nbsp;beaucoup de d\u00e9rogations sont prises&nbsp;\u00bb concernant la r\u00e9introduction de l\u2019ac\u00e9tamipride pr\u00e9vue dans la loi.<\/span><\/p>\n<p><span style=\"font-size: large;\">La pression sur Emmanuel Macron<\/span><\/p>\n<p><span style=\"font-size: large;\">\u00c9cologistes, insoumis et socialistes exhortent quant \u00e0 eux Emmanuel Macron \u00e0 ne pas promulguer la loi. La patronne des \u00c9cologistes, Marine Tondelier, souhaite ainsi une \u00ab&nbsp;deuxi\u00e8me d\u00e9lib\u00e9ration&nbsp;\u00bb du texte au Parlement, comme peut le d\u00e9cider Emmanuel Macron.<\/span><\/p>\n<p><span style=\"font-size: large;\">Le pr\u00e9sident et le Premier ministre \u00ab&nbsp;doivent entendre la col\u00e8re populaire contre cette loi pass\u00e9e en force&nbsp;\u00bb, a \u00e9crit sur X Manuel Bompard, le coordinateur de la France insoumise. Le chef des d\u00e9put\u00e9s socialistes Boris Vallaud a lui r\u00e9clam\u00e9 l\u2019inscription de la p\u00e9tition \u00e0 l\u2019ordre du jour de l\u2019Assembl\u00e9e \u00ab&nbsp;d\u00e8s la rentr\u00e9e&nbsp;\u00bb pour permettre un d\u00e9bat.<\/span><\/p>\n<p><span style=\"font-size: large;\">Mauvais joueur Laurent Duplomb&nbsp;? \u00ab&nbsp;\u00c7a ne m\u2019inspire pas grand-chose, \u00e7a veut dire que l\u2019opposition s\u2019exprime&nbsp;\u00bb, a comment\u00e9 le s\u00e9nateur (LR) qui a port\u00e9 et donn\u00e9 son nom au texte, dimanche 20 juillet sur Franceinfo. S\u2019il estime qu\u2019un d\u00e9bat va bien se tenir, pour lui, interdire l\u2019ac\u00e9tamipride \u00ab&nbsp;fait courir une concurrence d\u00e9loyale aux agriculteurs fran\u00e7ais&nbsp;\u00bb.<\/span><\/p>\n<p><span style=\"font-size: large;\">M\u00eame r\u00e9action pour le patron de la FNSEA Arnaud Rousseau, fervent d\u00e9fenseur du texte. Il a estim\u00e9 dans un communiqu\u00e9 que l\u2019agriculture fran\u00e7aise \u00ab&nbsp;dispara\u00eetra&nbsp;\u00bb si on lui impose \u00ab&nbsp;des normes sup\u00e9rieures&nbsp;\u00bb \u00e0 celles de ses voisins europ\u00e9ens.<\/span><\/p>\n<p><span style=\"font-size: large;\">Quoi qu\u2019il advienne, rien ne devrait se passer avant la rentr\u00e9e du c\u00f4t\u00e9 du Parlement. La session parlementaire \u00e9tant termin\u00e9e, les d\u00e9put\u00e9s sont en vacances depuis vendredi 11 juillet.<\/span><\/p>\n<p><span style=\"font-size: large;\">En route vers les 2,3 millions<\/span><\/p>\n<p><span style=\"font-size: large;\">Mais parmi la population, tout reste possible. La prochaine \u00e9tape&nbsp;: atteindre les 2,3 millions de signatures pour d\u00e9passer la p\u00e9tition de l\u2019Affaire du si\u00e8cle. La campagne de justice climatique initi\u00e9e par quatre associations (Fondation pour la nature et l\u2019homme, Greenpeace France, Notre affaire \u00e0 tous et Oxfam France) en d\u00e9cembre 2018 visait \u00e0 poursuivre en justice l\u2019\u00c9tat pour inaction climatique. C\u2019est la p\u00e9tition qui a recueilli le plus de soutiens dans l\u2019histoire du pays pour l\u2019heure.<\/span><\/p>\n<p><span style=\"font-size: large;\">Si tout cela n\u2019est encore pas suffisant pour montrer le d\u00e9saccord des Fran\u00e7ais contre la loi Duplomb, une autre option serait d\u2019obtenir un r\u00e9f\u00e9rendum d\u2019initiative partag\u00e9e sur la question. Pour ce faire, il faudrait recueillir le soutien de 10&nbsp;% du corps \u00e9lectoral, soit 4,8 millions de signatures.\u00a0\u00bb<\/span><\/p>\n","protected":false},"excerpt":{"rendered":"<p>Dans le texte qui suit, le site Reporterre fait le point sur une p\u00e9tition lanc\u00e9e sur le site de l\u2019Assembl\u00e9e nationale contre la loi Duplomb. Elle a recueilli pr\u00e8s de 1, 5000 000 signatures. ( il suffit pour signer de se rendre sur le site de l\u2019Assembl\u00e9e nationale et de sa laisser guider). \u00ab\u00a0Un nouveau&hellip;&nbsp;<a href=\"https:\/\/www.brenne-au-coeur.com\/index.php\/2025\/07\/21\/une-loi-qui-a-du-plomb-dans-laile\/2-dernier-article-paru\/6911\/\" rel=\"bookmark\">Lire la suite&nbsp;&raquo;<span class=\"screen-reader-text\">Une loi qui a du plomb dans l\u2019aile<\/span><\/a><\/p>\n","protected":false},"author":1,"featured_media":6914,"comment_status":"open","ping_status":"open","sticky":false,"template":"","format":"standard","meta":{"rop_custom_images_group":[],"rop_custom_messages_group":[],"rop_publish_now":"initial","rop_publish_now_accounts":[],"rop_publish_now_history":[],"rop_publish_now_status":"pending","_monsterinsights_skip_tracking":false,"_monsterinsights_sitenote_active":false,"_monsterinsights_sitenote_note":"","_monsterinsights_sitenote_category":0,"neve_meta_sidebar":"","neve_meta_container":"","neve_meta_enable_content_width":"off","neve_meta_content_width":70,"neve_meta_title_alignment":"","neve_meta_author_avatar":"","neve_post_elements_order":"","neve_meta_disable_header":"","neve_meta_disable_footer":"","neve_meta_disable_title":"","_jetpack_memberships_contains_paid_content":false,"footnotes":"","jetpack_publicize_message":"","jetpack_publicize_feature_enabled":true,"jetpack_social_post_already_shared":true,"jetpack_social_options":{"image_generator_settings":{"template":"highway","default_image_id":0,"font":"","enabled":false},"version":2}},"categories":[193],"tags":[77],"class_list":["post-6911","post","type-post","status-publish","format-standard","has-post-thumbnail","hentry","category-2-dernier-article-paru","tag-sante"],"aioseo_notices":[],"jetpack_publicize_connections":[],"jetpack_featured_media_url":"https:\/\/www.brenne-au-coeur.com\/wp-content\/uploads\/2025\/07\/duplomb.jpeg","jetpack-related-posts":[],"jetpack_sharing_enabled":true,"_links":{"self":[{"href":"https:\/\/www.brenne-au-coeur.com\/index.php\/wp-json\/wp\/v2\/posts\/6911","targetHints":{"allow":["GET"]}}],"collection":[{"href":"https:\/\/www.brenne-au-coeur.com\/index.php\/wp-json\/wp\/v2\/posts"}],"about":[{"href":"https:\/\/www.brenne-au-coeur.com\/index.php\/wp-json\/wp\/v2\/types\/post"}],"author":[{"embeddable":true,"href":"https:\/\/www.brenne-au-coeur.com\/index.php\/wp-json\/wp\/v2\/users\/1"}],"replies":[{"embeddable":true,"href":"https:\/\/www.brenne-au-coeur.com\/index.php\/wp-json\/wp\/v2\/comments?post=6911"}],"version-history":[{"count":1,"href":"https:\/\/www.brenne-au-coeur.com\/index.php\/wp-json\/wp\/v2\/posts\/6911\/revisions"}],"predecessor-version":[{"id":6915,"href":"https:\/\/www.brenne-au-coeur.com\/index.php\/wp-json\/wp\/v2\/posts\/6911\/revisions\/6915"}],"wp:featuredmedia":[{"embeddable":true,"href":"https:\/\/www.brenne-au-coeur.com\/index.php\/wp-json\/wp\/v2\/media\/6914"}],"wp:attachment":[{"href":"https:\/\/www.brenne-au-coeur.com\/index.php\/wp-json\/wp\/v2\/media?parent=6911"}],"wp:term":[{"taxonomy":"category","embeddable":true,"href":"https:\/\/www.brenne-au-coeur.com\/index.php\/wp-json\/wp\/v2\/categories?post=6911"},{"taxonomy":"post_tag","embeddable":true,"href":"https:\/\/www.brenne-au-coeur.com\/index.php\/wp-json\/wp\/v2\/tags?post=6911"}],"curies":[{"name":"wp","href":"https:\/\/api.w.org\/{rel}","templated":true}]}}