{"id":6898,"date":"2025-07-14T10:47:23","date_gmt":"2025-07-14T08:47:23","guid":{"rendered":"https:\/\/www.brenne-au-coeur.com\/?p=6898"},"modified":"2025-07-14T10:47:23","modified_gmt":"2025-07-14T08:47:23","slug":"fete-du-jambon","status":"publish","type":"post","link":"https:\/\/www.brenne-au-coeur.com\/index.php\/2025\/07\/14\/fete-du-jambon\/communes\/saulnay\/6898\/","title":{"rendered":"F\u00eate du Jambon"},"content":{"rendered":"<p><span style=\"font-size: large;\">Dimanche 20 juillet 2025, \u00e0 partir de 18h00, la commune de Saulnay et son comit\u00e9 des f\u00eates organise leur traditionnelle F\u00eate du jambon. <\/span><\/p>\n<p><span style=\"font-size: large;\"><a href=\"https:\/\/www.brenne-au-coeur.com\/wp-content\/uploads\/2025\/07\/jambon.jpg\" rel=\"lightbox[6898]\"><img loading=\"lazy\" decoding=\"async\" class=\"alignleft wp-image-6899 size-full\" src=\"https:\/\/www.brenne-au-coeur.com\/wp-content\/uploads\/2025\/07\/jambon.jpg\" alt=\"\" width=\"284\" height=\"213\" srcset=\"https:\/\/www.brenne-au-coeur.com\/wp-content\/uploads\/2025\/07\/jambon.jpg 284w, https:\/\/www.brenne-au-coeur.com\/wp-content\/uploads\/2025\/07\/jambon-150x113.jpg 150w\" sizes=\"auto, (max-width: 284px) 100vw, 284px\" \/><\/a>Au programme, le repas champ\u00eatre avec jambon cuit \u00e0 la broche, le spectacle \u00ab\u00a0 Musique sur mesures&nbsp;\u00bb de Jean-Baptiste Dupont et Sarah \u00ab\u00a0musique sur mesures\u00a0\u00bb. Un feu d&rsquo;artifice en pyrotechnique illuminera le ciel brennou. La soir\u00e9e se prolongera avec bal gratuit anim\u00e9 par Marc plaisant.<\/span><\/p>\n<p><span style=\"font-size: large;\">Les visiteurs retrouveront les animations habituelles\u00a0: jeux pour les enfants, tutur confiserie, ainsi que la pr\u00e9sence de Brin d\u2019\u00eatre, les mara\u00eechers de Saulnay.<\/span><\/p>\n<p><span style=\"font-size: large;\">Le repas champ\u00eatre se compose d\u2019une entr\u00e9e, d\u2019un jambon frites, du fromage et d\u2019une tartelette aux fruits. Prix adulte 18 \u20ac, enfant 9 \u20ac<\/span><\/p>\n","protected":false},"excerpt":{"rendered":"<p>Dimanche 20 juillet 2025, \u00e0 partir de 18h00, la commune de Saulnay et son comit\u00e9 des f\u00eates organise leur traditionnelle F\u00eate du jambon. Au programme, le repas champ\u00eatre avec jambon cuit \u00e0 la broche, le spectacle \u00ab\u00a0 Musique sur mesures&nbsp;\u00bb de Jean-Baptiste Dupont et Sarah \u00ab\u00a0musique sur mesures\u00a0\u00bb. Un feu d&rsquo;artifice en pyrotechnique illuminera le&hellip;&nbsp;<a href=\"https:\/\/www.brenne-au-coeur.com\/index.php\/2025\/07\/14\/fete-du-jambon\/communes\/saulnay\/6898\/\" rel=\"bookmark\">Lire la suite&nbsp;&raquo;<span class=\"screen-reader-text\">F\u00eate du Jambon<\/span><\/a><\/p>\n","protected":false},"author":1,"featured_media":6899,"comment_status":"open","ping_status":"open","sticky":false,"template":"","format":"standard","meta":{"rop_custom_images_group":[],"rop_custom_messages_group":[],"rop_publish_now":"initial","rop_publish_now_accounts":[],"rop_publish_now_history":[],"rop_publish_now_status":"pending","_monsterinsights_skip_tracking":false,"_monsterinsights_sitenote_active":false,"_monsterinsights_sitenote_note":"","_monsterinsights_sitenote_category":0,"neve_meta_sidebar":"","neve_meta_container":"","neve_meta_enable_content_width":"off","neve_meta_content_width":70,"neve_meta_title_alignment":"","neve_meta_author_avatar":"","neve_post_elements_order":"","neve_meta_disable_header":"","neve_meta_disable_footer":"","neve_meta_disable_title":"","_jetpack_memberships_contains_paid_content":false,"footnotes":"","jetpack_publicize_message":"","jetpack_publicize_feature_enabled":true,"jetpack_social_post_already_shared":true,"jetpack_social_options":{"image_generator_settings":{"template":"highway","default_image_id":0,"font":"","enabled":false},"version":2}},"categories":[18],"tags":[111],"class_list":["post-6898","post","type-post","status-publish","format-standard","has-post-thumbnail","hentry","category-saulnay","tag-fetes"],"aioseo_notices":[],"jetpack_publicize_connections":[],"jetpack_featured_media_url":"https:\/\/www.brenne-au-coeur.com\/wp-content\/uploads\/2025\/07\/jambon.jpg","jetpack-related-posts":[],"jetpack_sharing_enabled":true,"_links":{"self":[{"href":"https:\/\/www.brenne-au-coeur.com\/index.php\/wp-json\/wp\/v2\/posts\/6898","targetHints":{"allow":["GET"]}}],"collection":[{"href":"https:\/\/www.brenne-au-coeur.com\/index.php\/wp-json\/wp\/v2\/posts"}],"about":[{"href":"https:\/\/www.brenne-au-coeur.com\/index.php\/wp-json\/wp\/v2\/types\/post"}],"author":[{"embeddable":true,"href":"https:\/\/www.brenne-au-coeur.com\/index.php\/wp-json\/wp\/v2\/users\/1"}],"replies":[{"embeddable":true,"href":"https:\/\/www.brenne-au-coeur.com\/index.php\/wp-json\/wp\/v2\/comments?post=6898"}],"version-history":[{"count":1,"href":"https:\/\/www.brenne-au-coeur.com\/index.php\/wp-json\/wp\/v2\/posts\/6898\/revisions"}],"predecessor-version":[{"id":6900,"href":"https:\/\/www.brenne-au-coeur.com\/index.php\/wp-json\/wp\/v2\/posts\/6898\/revisions\/6900"}],"wp:featuredmedia":[{"embeddable":true,"href":"https:\/\/www.brenne-au-coeur.com\/index.php\/wp-json\/wp\/v2\/media\/6899"}],"wp:attachment":[{"href":"https:\/\/www.brenne-au-coeur.com\/index.php\/wp-json\/wp\/v2\/media?parent=6898"}],"wp:term":[{"taxonomy":"category","embeddable":true,"href":"https:\/\/www.brenne-au-coeur.com\/index.php\/wp-json\/wp\/v2\/categories?post=6898"},{"taxonomy":"post_tag","embeddable":true,"href":"https:\/\/www.brenne-au-coeur.com\/index.php\/wp-json\/wp\/v2\/tags?post=6898"}],"curies":[{"name":"wp","href":"https:\/\/api.w.org\/{rel}","templated":true}]}}