{"id":6885,"date":"2025-07-06T18:04:10","date_gmt":"2025-07-06T16:04:10","guid":{"rendered":"https:\/\/www.brenne-au-coeur.com\/?p=6885"},"modified":"2025-07-06T18:04:10","modified_gmt":"2025-07-06T16:04:10","slug":"minute-papillon","status":"publish","type":"post","link":"https:\/\/www.brenne-au-coeur.com\/index.php\/2025\/07\/06\/minute-papillon\/breves\/6885\/","title":{"rendered":"Minute papillon&nbsp;!"},"content":{"rendered":"<p><span style=\"font-size: large;\">Jeudi 24 juillet 2025 de 10h00 \u00e0 12h00. Place de l&rsquo;\u00e9glise \u00e0 Pouligny-Saint-Pierre. Animatrice&nbsp;: Fr\u00e9d\u00e9rique Ardibus. A travers une histoire, des jeux et des temps consacr\u00e9s \u00e0 l&rsquo;observation, venez d\u00e9couvrir l&rsquo;univers des papillons qui peuplent la Brenne. Attention, les papillons ne s&rsquo;observent que par beau temps, l&rsquo;animation peut \u00eatre annul\u00e9e en cas de mauvais temps. R\u00e9servation obligatoire. Mini 3 &#8211; maxi 15 pers. Porter des v\u00eatements de couleurs neutre adapt\u00e9s \u00e0 la m\u00e9t\u00e9o, chaussures ferm\u00e9es ou des bottes si n\u00e9cessaire. Pr\u00e9voir bouteille d&rsquo;eau et chapeau de soleil. Enfant \u00e0 partir de 5 ans accompagn\u00e9 d&rsquo;un adulte. L\u2019animation peut \u00eatre annul\u00e9e en cas de mauvais temps. Adulte plein tarif&nbsp;: de 6 \u20ac \u00e0 7 \u20ac Tarif enfant D\u00e8s 5 ans&nbsp;: de 6 \u20ac \u00e0 7 \u20ac<\/span><\/p>\n<p><span style=\"font-size: large;\">Renseignements \/ R\u00e9servation<\/span><\/p>\n<p><span style=\"font-size: large;\">02 54 28 12 13 (Maison du Parc) 02 54 28 11 00 (Maison de la Nature et de la R\u00e9serve) 02 54 28 20 28 (Office de tourisme Destination Brenne) <a href=\"mailto:tourisme@parc-naturel-brenne.fr\">tourisme@parc-naturel-brenne.fr<\/a> www.parc-naturel-brenne.fr\/observez\/sorties-et-animations-nature\/en-famille<\/span><\/p>\n","protected":false},"excerpt":{"rendered":"<p>Jeudi 24 juillet 2025 de 10h00 \u00e0 12h00. Place de l&rsquo;\u00e9glise \u00e0 Pouligny-Saint-Pierre. Animatrice&nbsp;: Fr\u00e9d\u00e9rique Ardibus. A travers une histoire, des jeux et des temps consacr\u00e9s \u00e0 l&rsquo;observation, venez d\u00e9couvrir l&rsquo;univers des papillons qui peuplent la Brenne. Attention, les papillons ne s&rsquo;observent que par beau temps, l&rsquo;animation peut \u00eatre annul\u00e9e en cas de mauvais temps.&hellip;&nbsp;<a href=\"https:\/\/www.brenne-au-coeur.com\/index.php\/2025\/07\/06\/minute-papillon\/breves\/6885\/\" rel=\"bookmark\">Lire la suite&nbsp;&raquo;<span class=\"screen-reader-text\">Minute papillon&nbsp;!<\/span><\/a><\/p>\n","protected":false},"author":1,"featured_media":0,"comment_status":"open","ping_status":"open","sticky":false,"template":"","format":"standard","meta":{"rop_custom_images_group":[],"rop_custom_messages_group":[],"rop_publish_now":"initial","rop_publish_now_accounts":[],"rop_publish_now_history":[],"rop_publish_now_status":"pending","_monsterinsights_skip_tracking":false,"_monsterinsights_sitenote_active":false,"_monsterinsights_sitenote_note":"","_monsterinsights_sitenote_category":0,"neve_meta_sidebar":"","neve_meta_container":"","neve_meta_enable_content_width":"off","neve_meta_content_width":70,"neve_meta_title_alignment":"","neve_meta_author_avatar":"","neve_post_elements_order":"","neve_meta_disable_header":"","neve_meta_disable_footer":"","neve_meta_disable_title":"","_jetpack_memberships_contains_paid_content":false,"footnotes":"","jetpack_publicize_message":"","jetpack_publicize_feature_enabled":true,"jetpack_social_post_already_shared":true,"jetpack_social_options":{"image_generator_settings":{"template":"highway","default_image_id":0,"font":"","enabled":false},"version":2}},"categories":[124],"tags":[],"class_list":["post-6885","post","type-post","status-publish","format-standard","hentry","category-breves"],"aioseo_notices":[],"jetpack_publicize_connections":[],"jetpack_featured_media_url":"","jetpack-related-posts":[],"jetpack_sharing_enabled":true,"_links":{"self":[{"href":"https:\/\/www.brenne-au-coeur.com\/index.php\/wp-json\/wp\/v2\/posts\/6885","targetHints":{"allow":["GET"]}}],"collection":[{"href":"https:\/\/www.brenne-au-coeur.com\/index.php\/wp-json\/wp\/v2\/posts"}],"about":[{"href":"https:\/\/www.brenne-au-coeur.com\/index.php\/wp-json\/wp\/v2\/types\/post"}],"author":[{"embeddable":true,"href":"https:\/\/www.brenne-au-coeur.com\/index.php\/wp-json\/wp\/v2\/users\/1"}],"replies":[{"embeddable":true,"href":"https:\/\/www.brenne-au-coeur.com\/index.php\/wp-json\/wp\/v2\/comments?post=6885"}],"version-history":[{"count":1,"href":"https:\/\/www.brenne-au-coeur.com\/index.php\/wp-json\/wp\/v2\/posts\/6885\/revisions"}],"predecessor-version":[{"id":6886,"href":"https:\/\/www.brenne-au-coeur.com\/index.php\/wp-json\/wp\/v2\/posts\/6885\/revisions\/6886"}],"wp:attachment":[{"href":"https:\/\/www.brenne-au-coeur.com\/index.php\/wp-json\/wp\/v2\/media?parent=6885"}],"wp:term":[{"taxonomy":"category","embeddable":true,"href":"https:\/\/www.brenne-au-coeur.com\/index.php\/wp-json\/wp\/v2\/categories?post=6885"},{"taxonomy":"post_tag","embeddable":true,"href":"https:\/\/www.brenne-au-coeur.com\/index.php\/wp-json\/wp\/v2\/tags?post=6885"}],"curies":[{"name":"wp","href":"https:\/\/api.w.org\/{rel}","templated":true}]}}