{"id":6883,"date":"2025-07-06T18:02:19","date_gmt":"2025-07-06T16:02:19","guid":{"rendered":"https:\/\/www.brenne-au-coeur.com\/?p=6883"},"modified":"2025-07-06T18:02:19","modified_gmt":"2025-07-06T16:02:19","slug":"concert-2","status":"publish","type":"post","link":"https:\/\/www.brenne-au-coeur.com\/index.php\/2025\/07\/06\/concert-2\/breves\/6883\/","title":{"rendered":"Concert"},"content":{"rendered":"<p><span style=\"font-size: large;\">Concert F\u00e9licien Brut &amp; Astrig Siranossian, mardi 22 juillet 2025 \u00e0 21h00, \u00c9glise Saint Etienne, 8-10 place de l&rsquo;\u00e9glise \u00e0 Paulnay. <\/span><\/p>\n<p><span style=\"font-size: large;\">La violoncelliste Astrig Siranossian se produit r\u00e9guli\u00e8rement en tant que soliste avec les plus grands orchestres. En octobre 2022, elle a sorti son album \u201cDuo-Solo\u201d, une alchimie entre m\u00e9lodies et danses traditionnelles et le r\u00e9pertoire classique, mettant en dialogue le violoncelle et la voix. Fe\u0301licien Brut de\u0301couvre tre\u0300s jeune l\u2019accorde\u0301on. Lorsqu\u2019il de\u0301bute l\u2019apprentissage de la musique, c\u2019est d\u2019abord pour jouer un re\u0301pertoire populaire intrinse\u0300quement lie\u0301 a\u0300 cet instrument&nbsp;: celui des bals musette. Il d\u00e9couvre lors de sa formation au sein du Po\u0302le Supe\u0301rieur de Bordeaux-Aquitaine de nombreux re\u0301pertoires et, en particulier, celui de la musique classique qui devient une ve\u0301ritable passion\u2026 Concert organis\u00e9 dans le cadre du hors les murs des Intemporel-les \u2013 festival de musiques curieuses \u2013 qui se d\u00e9roulera du 20 au 27 juillet \u00e0 Argenton-sur-Creuse. Adulte plein tarif&nbsp;: 5 \u20ac. Renseignements \/ R\u00e9servation<\/span><\/p>\n<p><span style=\"font-size: large;\">billetterie@les-intemporel-les.com (R\u00e9servation) les-intemporel-les.com\/artiste\/felicien-brut-astrig-siranossian\/ Facebook <\/span><\/p>\n<p><span style=\"font-size: large;\">06 95 26 36 41 <\/span><\/p>\n","protected":false},"excerpt":{"rendered":"<p>Concert F\u00e9licien Brut &amp; Astrig Siranossian, mardi 22 juillet 2025 \u00e0 21h00, \u00c9glise Saint Etienne, 8-10 place de l&rsquo;\u00e9glise \u00e0 Paulnay. La violoncelliste Astrig Siranossian se produit r\u00e9guli\u00e8rement en tant que soliste avec les plus grands orchestres. En octobre 2022, elle a sorti son album \u201cDuo-Solo\u201d, une alchimie entre m\u00e9lodies et danses traditionnelles et le&hellip;&nbsp;<a href=\"https:\/\/www.brenne-au-coeur.com\/index.php\/2025\/07\/06\/concert-2\/breves\/6883\/\" rel=\"bookmark\">Lire la suite&nbsp;&raquo;<span class=\"screen-reader-text\">Concert<\/span><\/a><\/p>\n","protected":false},"author":1,"featured_media":0,"comment_status":"open","ping_status":"open","sticky":false,"template":"","format":"standard","meta":{"rop_custom_images_group":[],"rop_custom_messages_group":[],"rop_publish_now":"initial","rop_publish_now_accounts":[],"rop_publish_now_history":[],"rop_publish_now_status":"pending","_monsterinsights_skip_tracking":false,"_monsterinsights_sitenote_active":false,"_monsterinsights_sitenote_note":"","_monsterinsights_sitenote_category":0,"neve_meta_sidebar":"","neve_meta_container":"","neve_meta_enable_content_width":"off","neve_meta_content_width":70,"neve_meta_title_alignment":"","neve_meta_author_avatar":"","neve_post_elements_order":"","neve_meta_disable_header":"","neve_meta_disable_footer":"","neve_meta_disable_title":"","_jetpack_memberships_contains_paid_content":false,"footnotes":"","jetpack_publicize_message":"","jetpack_publicize_feature_enabled":true,"jetpack_social_post_already_shared":true,"jetpack_social_options":{"image_generator_settings":{"template":"highway","default_image_id":0,"font":"","enabled":false},"version":2}},"categories":[124],"tags":[],"class_list":["post-6883","post","type-post","status-publish","format-standard","hentry","category-breves"],"aioseo_notices":[],"jetpack_publicize_connections":[],"jetpack_featured_media_url":"","jetpack-related-posts":[],"jetpack_sharing_enabled":true,"_links":{"self":[{"href":"https:\/\/www.brenne-au-coeur.com\/index.php\/wp-json\/wp\/v2\/posts\/6883","targetHints":{"allow":["GET"]}}],"collection":[{"href":"https:\/\/www.brenne-au-coeur.com\/index.php\/wp-json\/wp\/v2\/posts"}],"about":[{"href":"https:\/\/www.brenne-au-coeur.com\/index.php\/wp-json\/wp\/v2\/types\/post"}],"author":[{"embeddable":true,"href":"https:\/\/www.brenne-au-coeur.com\/index.php\/wp-json\/wp\/v2\/users\/1"}],"replies":[{"embeddable":true,"href":"https:\/\/www.brenne-au-coeur.com\/index.php\/wp-json\/wp\/v2\/comments?post=6883"}],"version-history":[{"count":1,"href":"https:\/\/www.brenne-au-coeur.com\/index.php\/wp-json\/wp\/v2\/posts\/6883\/revisions"}],"predecessor-version":[{"id":6884,"href":"https:\/\/www.brenne-au-coeur.com\/index.php\/wp-json\/wp\/v2\/posts\/6883\/revisions\/6884"}],"wp:attachment":[{"href":"https:\/\/www.brenne-au-coeur.com\/index.php\/wp-json\/wp\/v2\/media?parent=6883"}],"wp:term":[{"taxonomy":"category","embeddable":true,"href":"https:\/\/www.brenne-au-coeur.com\/index.php\/wp-json\/wp\/v2\/categories?post=6883"},{"taxonomy":"post_tag","embeddable":true,"href":"https:\/\/www.brenne-au-coeur.com\/index.php\/wp-json\/wp\/v2\/tags?post=6883"}],"curies":[{"name":"wp","href":"https:\/\/api.w.org\/{rel}","templated":true}]}}