{"id":6855,"date":"2025-07-06T15:40:43","date_gmt":"2025-07-06T13:40:43","guid":{"rendered":"https:\/\/www.brenne-au-coeur.com\/?p=6855"},"modified":"2025-07-06T15:40:43","modified_gmt":"2025-07-06T13:40:43","slug":"noces-de-paroles","status":"publish","type":"post","link":"https:\/\/www.brenne-au-coeur.com\/index.php\/2025\/07\/06\/noces-de-paroles\/communes\/linge\/6855\/","title":{"rendered":"Noces de Paroles"},"content":{"rendered":"<p><span style=\"font-size: large;\">Le festival de conte et d\u2019oralit\u00e9 se d\u00e9roulera cette ann\u00e9e les 11, 12 et 13 juillet, au Grand Aslon (commune de Ling\u00e9).<\/span><\/p>\n<p><span style=\"font-size: large;\">Deux spectacles seront pr\u00e9sent\u00e9s chaque soir. <\/span><\/p>\n<p><span style=\"font-size: large;\">Vendredi 11 juillet \u00e0 20h30, Sc\u00e8ne du Cercle des R\u00e9cits Vivants. Nathalie Galibert, Beno\u00eet Vergnaudet Marc Charpentier. <\/span><\/p>\n<p><span style=\"font-size: large;\">\u00c0 22h00, Florence Ferin \u00ab\u00a0Au jardin des merveilles\u00a0\u00bb.<\/span><\/p>\n<figure id=\"attachment_6861\" aria-describedby=\"caption-attachment-6861\" style=\"width: 177px\" class=\"wp-caption alignleft\"><a href=\"https:\/\/www.brenne-au-coeur.com\/wp-content\/uploads\/2025\/07\/florence-ferin.jpeg\" rel=\"lightbox[6855]\"><img loading=\"lazy\" decoding=\"async\" class=\"wp-image-6861\" src=\"https:\/\/www.brenne-au-coeur.com\/wp-content\/uploads\/2025\/07\/florence-ferin.jpeg\" alt=\"\" width=\"177\" height=\"177\" srcset=\"https:\/\/www.brenne-au-coeur.com\/wp-content\/uploads\/2025\/07\/florence-ferin.jpeg 225w, https:\/\/www.brenne-au-coeur.com\/wp-content\/uploads\/2025\/07\/florence-ferin-150x150.jpeg 150w, https:\/\/www.brenne-au-coeur.com\/wp-content\/uploads\/2025\/07\/florence-ferin-45x45.jpeg 45w\" sizes=\"auto, (max-width: 177px) 100vw, 177px\" \/><\/a><figcaption id=\"caption-attachment-6861\" class=\"wp-caption-text\">Florence Ferin<\/figcaption><\/figure>\n<p><span style=\"font-size: large;\">Dans l&rsquo;\u00e9criture de ses contes, Florence sait jouer avec la po\u00e9sie des mots et l\u2019humour bien ancr\u00e9 dans le jeu de ses personnages. C&rsquo;est un m\u00e9lange de terre fra\u00eeche et de ciel. Dans cet art qu&rsquo;elle pratique depuis plus de 25 ans, Florence s\u2019accorde la libert\u00e9 de p\u00e9trir ses contes \u00e0 la m\u00e9moire de ses sens et dans sa pr\u00e9sence sinc\u00e8re, c\u2019est toute la sensualit\u00e9 d\u2019un f\u00e9minin qui se dit.<\/span><\/p>\n<p>&nbsp;<\/p>\n<p><span style=\"font-size: large;\">Samedi 12 juillet \u00e0 20h45 \u00ab\u00a0Carte blanche\u00a0\u00bb Armelle et Peppo. Une invitation \u00e0 l\u2019impr\u00e9vu\u2026 avec des invit\u00e9s surprises, pour un moment unique. <\/span><\/p>\n<p><span style=\"color: #202122;\"><span style=\"font-family: Liberation Serif, serif;\"><span style=\"font-size: large;\">Armelle Audigane est conteuse <\/span><\/span><\/span><\/p>\n<figure id=\"attachment_6858\" aria-describedby=\"caption-attachment-6858\" style=\"width: 300px\" class=\"wp-caption alignright\"><a href=\"https:\/\/www.brenne-au-coeur.com\/wp-content\/uploads\/2025\/07\/armelle-et-peppo.webp\"><img loading=\"lazy\" decoding=\"async\" class=\"wp-image-6858 size-medium\" src=\"https:\/\/www.brenne-au-coeur.com\/wp-content\/uploads\/2025\/07\/armelle-et-peppo-300x243.webp\" alt=\"\" width=\"300\" height=\"243\" srcset=\"https:\/\/www.brenne-au-coeur.com\/wp-content\/uploads\/2025\/07\/armelle-et-peppo-300x243.webp 300w, https:\/\/www.brenne-au-coeur.com\/wp-content\/uploads\/2025\/07\/armelle-et-peppo-150x122.webp 150w, https:\/\/www.brenne-au-coeur.com\/wp-content\/uploads\/2025\/07\/armelle-et-peppo.webp 565w\" sizes=\"auto, (max-width: 300px) 100vw, 300px\" \/><\/a><figcaption id=\"caption-attachment-6858\" class=\"wp-caption-text\">Armelle et Peppo<\/figcaption><\/figure>\n<p><span style=\"color: #202122;\"><span style=\"font-family: Liberation Serif, serif;\"><span style=\"font-size: large;\">Par ses r\u00e9cits, elle transmet la richesse des traditions orales tsiganes, un art qu&rsquo;elle a perfectionn\u00e9 pour donner voix aux histoires de son peuple. Ensemble avec Peppo , ils tissent un lien puissant entre leur h\u00e9ritage familial et le public, faisant conna\u00eetre et comprendre la culture tsigane \u00e0 travers leurs spectacles.<\/span><\/span><\/span><\/p>\n<p><span style=\"color: #202122;\"><span style=\"font-family: Liberation Serif, serif;\"><span style=\"font-size: large;\">Peppo Audigane est musicien<\/span><\/span><\/span><\/p>\n<p><span style=\"color: #202122;\"><span style=\"font-family: Liberation Serif, serif;\"><span style=\"font-size: large;\">\u00c0 travers ses compositions, il exprime les racines profondes de la musique tsigane . Ses notes accompagnent et portent les r\u00e9cits cont\u00e9s, cr\u00e9ant une atmosph\u00e8re riche et \u00e9vocatrice. <\/span><\/span><\/span><\/p>\n<p><span style=\"font-size: large;\">\u00c0 22h30, Victor Cova Correa \u00ab\u00a0Cap sur le Venezula\u00a0!\u00a0\u00bb. <\/span><\/p>\n<figure id=\"attachment_6862\" aria-describedby=\"caption-attachment-6862\" style=\"width: 168px\" class=\"wp-caption alignleft\"><a href=\"https:\/\/www.brenne-au-coeur.com\/wp-content\/uploads\/2025\/07\/victor.avif\"><img loading=\"lazy\" decoding=\"async\" class=\"wp-image-6862\" src=\"https:\/\/www.brenne-au-coeur.com\/wp-content\/uploads\/2025\/07\/victor-231x300.avif\" alt=\"\" width=\"168\" height=\"218\" srcset=\"https:\/\/www.brenne-au-coeur.com\/wp-content\/uploads\/2025\/07\/victor-231x300.avif 231w, https:\/\/www.brenne-au-coeur.com\/wp-content\/uploads\/2025\/07\/victor-115x150.avif 115w, https:\/\/www.brenne-au-coeur.com\/wp-content\/uploads\/2025\/07\/victor.avif 430w\" sizes=\"auto, (max-width: 168px) 100vw, 168px\" \/><\/a><figcaption id=\"caption-attachment-6862\" class=\"wp-caption-text\">Victor Cova Correa<\/figcaption><\/figure>\n<p><span style=\"font-size: large;\">Victor Cova Correa est un citoyen du monde \u00e0 la double nationalit\u00e9 fran\u00e7aise et v\u00e9n\u00e9zu\u00e9lienne. N\u00e9 \u00e0 Caracas, ville de son enfance, il grandit dans les Andes, aux c\u00f4t\u00e9s d\u2019un grand-p\u00e8re cordonnier ambulant qui \u00e9tait aussi docker, marcheur in\u00e9puisable, inventeur d\u2019histoires, ami du petit peuple et compagnon des \u00e9paves humaines. C\u2019est le grand-p\u00e8re Temistocles qui lui apprit l\u2019alchimie du sourire lumineux et du regard bavard. Conteur et r\u00e9alisateur, Victor aime observer les r\u00e9alit\u00e9s trop am\u00e8res pour \u00eatre entendues, et les faire baigner dans le miel d&rsquo;un r\u00e9cit afin de les rendre plus digestes.<\/span><\/p>\n<p><span style=\"font-size: large;\">\u00c0 23h50, Carte noire Jean Audigane \u00ab\u00a0 Contes de la nuit\u00a0\u00bb. Une veill\u00e9e entre ombre et myst\u00e8re, avec des invit\u00e9-e-s surprises.<\/span><\/p>\n<p><span style=\"color: #202122;\"><span style=\"font-family: Liberation Serif, serif;\"><span style=\"font-size: large;\">Jean Audigane est conteur<\/span><\/span><\/span><\/p>\n<figure id=\"attachment_6859\" aria-describedby=\"caption-attachment-6859\" style=\"width: 159px\" class=\"wp-caption alignright\"><a href=\"https:\/\/www.brenne-au-coeur.com\/wp-content\/uploads\/2025\/07\/jean-audigane.webp\"><img loading=\"lazy\" decoding=\"async\" class=\"wp-image-6859\" src=\"https:\/\/www.brenne-au-coeur.com\/wp-content\/uploads\/2025\/07\/jean-audigane-231x300.webp\" alt=\"\" width=\"159\" height=\"206\" srcset=\"https:\/\/www.brenne-au-coeur.com\/wp-content\/uploads\/2025\/07\/jean-audigane-231x300.webp 231w, https:\/\/www.brenne-au-coeur.com\/wp-content\/uploads\/2025\/07\/jean-audigane-115x150.webp 115w, https:\/\/www.brenne-au-coeur.com\/wp-content\/uploads\/2025\/07\/jean-audigane.webp 492w\" sizes=\"auto, (max-width: 159px) 100vw, 159px\" \/><\/a><figcaption id=\"caption-attachment-6859\" class=\"wp-caption-text\">Jean Audigane<\/figcaption><\/figure>\n<p><span style=\"color: #000000;\"><span style=\"font-family: Liberation Serif, serif;\"><span style=\"font-size: large;\">Il marche sur les traces de ses parents tout en ouvrant des chemins nouveaux. S&rsquo;inspirant de son h\u00e9ritage, il m\u00e9lange des formes contemporaines de narration avec les r\u00e9cits traditionnels, cr\u00e9ant ainsi une rencontre entre les cultures d&rsquo;hier et d\u2019aujourd&rsquo;hui.<\/span><\/span><\/span><\/p>\n<p><span style=\"font-size: large;\">Dimanche 13 juillet \u00e0 19h45, Nicolas Popovic et C\u00e9line Chenouf, langues des signes \u00ab\u00a0Les Contes du Chapeau\u00a0\u00bb. \u00c0 21h00, Jean Audigane \u00ab\u00a0Top Chrono\u00a0\u00bb. <\/span><\/p>\n<p><span style=\"font-size: large;\">\u00c0 22h50 Patrick Fishman \u00ab\u00a0Contes de Mongolie\u00a0\u00bb.<\/span><\/p>\n<figure id=\"attachment_6856\" aria-describedby=\"caption-attachment-6856\" style=\"width: 212px\" class=\"wp-caption alignleft\"><a href=\"https:\/\/www.brenne-au-coeur.com\/wp-content\/uploads\/2025\/07\/patrick-fischmann.webp\"><img loading=\"lazy\" decoding=\"async\" class=\"wp-image-6856\" src=\"https:\/\/www.brenne-au-coeur.com\/wp-content\/uploads\/2025\/07\/patrick-fischmann-300x300.webp\" alt=\"\" width=\"212\" height=\"212\" srcset=\"https:\/\/www.brenne-au-coeur.com\/wp-content\/uploads\/2025\/07\/patrick-fischmann-300x300.webp 300w, https:\/\/www.brenne-au-coeur.com\/wp-content\/uploads\/2025\/07\/patrick-fischmann-150x150.webp 150w, https:\/\/www.brenne-au-coeur.com\/wp-content\/uploads\/2025\/07\/patrick-fischmann-45x45.webp 45w, https:\/\/www.brenne-au-coeur.com\/wp-content\/uploads\/2025\/07\/patrick-fischmann.webp 312w\" sizes=\"auto, (max-width: 212px) 100vw, 212px\" \/><\/a><figcaption id=\"caption-attachment-6856\" class=\"wp-caption-text\">Patrick Fischmann<\/figcaption><\/figure>\n<p><span style=\"font-size: large;\">Patrick Fischmann est un auteur dont l&rsquo;\u0153uvre consiste \u00e0 r\u00e9veiller et rassembler des contes du monde entier pour un r\u00e9ensemencement multiculturel et spirituel. Dans tous ses livres il exulte \u00ab\u00a0un imaginaire qui prend soin du monde\u00a0\u00bb. Barde, \u00e9crivain, infatigable passeur, il poursuit de livre en livre sa qu\u00eate de la m\u00e9tamorphose.<\/span><\/p>\n<p>&nbsp;<\/p>\n<p>&nbsp;<\/p>\n<p>&nbsp;<\/p>\n<p>&nbsp;<\/p>\n<p><span style=\"font-size: large;\">Une petite restauration et buvette sera propos\u00e9e sur place.<\/span><\/p>\n<p><span style=\"font-size: large;\">Il est conseill\u00e9 de prendre un plaid pour d\u2019\u00e9ventuelle fra\u00eecheur du soir, un anti-moustique, une lampe de poche.<\/span><\/p>\n<p><span style=\"font-size: large;\">Entr\u00e9e\u00a0: 10\u20ac<\/span><\/p>\n<p>Les textes de pr\u00e9sentation sont issus des diff\u00e9rents sites et blogs des artistes.<\/p>\n<p>&nbsp;<\/p>\n<p>&nbsp;<\/p>\n","protected":false},"excerpt":{"rendered":"<p>Le festival de conte et d\u2019oralit\u00e9 se d\u00e9roulera cette ann\u00e9e les 11, 12 et 13 juillet, au Grand Aslon (commune de Ling\u00e9). Deux spectacles seront pr\u00e9sent\u00e9s chaque soir. Vendredi 11 juillet \u00e0 20h30, Sc\u00e8ne du Cercle des R\u00e9cits Vivants. Nathalie Galibert, Beno\u00eet Vergnaudet Marc Charpentier. \u00c0 22h00, Florence Ferin \u00ab\u00a0Au jardin des merveilles\u00a0\u00bb. Dans l&rsquo;\u00e9criture&hellip;&nbsp;<a href=\"https:\/\/www.brenne-au-coeur.com\/index.php\/2025\/07\/06\/noces-de-paroles\/communes\/linge\/6855\/\" rel=\"bookmark\">Lire la suite&nbsp;&raquo;<span class=\"screen-reader-text\">Noces de Paroles<\/span><\/a><\/p>\n","protected":false},"author":1,"featured_media":6863,"comment_status":"open","ping_status":"open","sticky":false,"template":"","format":"standard","meta":{"rop_custom_images_group":[],"rop_custom_messages_group":[],"rop_publish_now":"initial","rop_publish_now_accounts":[],"rop_publish_now_history":[],"rop_publish_now_status":"pending","_monsterinsights_skip_tracking":false,"_monsterinsights_sitenote_active":false,"_monsterinsights_sitenote_note":"","_monsterinsights_sitenote_category":0,"neve_meta_sidebar":"","neve_meta_container":"","neve_meta_enable_content_width":"off","neve_meta_content_width":70,"neve_meta_title_alignment":"","neve_meta_author_avatar":"","neve_post_elements_order":"","neve_meta_disable_header":"","neve_meta_disable_footer":"","neve_meta_disable_title":"","_jetpack_memberships_contains_paid_content":false,"footnotes":"","jetpack_publicize_message":"","jetpack_publicize_feature_enabled":true,"jetpack_social_post_already_shared":true,"jetpack_social_options":{"image_generator_settings":{"template":"highway","default_image_id":0,"font":"","enabled":false},"version":2}},"categories":[9],"tags":[79,98],"class_list":["post-6855","post","type-post","status-publish","format-standard","has-post-thumbnail","hentry","category-linge","tag-contes","tag-festival"],"aioseo_notices":[],"jetpack_publicize_connections":[],"jetpack_featured_media_url":"https:\/\/www.brenne-au-coeur.com\/wp-content\/uploads\/2025\/07\/20250625_135845.resized-rotated.jpg","jetpack-related-posts":[],"jetpack_sharing_enabled":true,"_links":{"self":[{"href":"https:\/\/www.brenne-au-coeur.com\/index.php\/wp-json\/wp\/v2\/posts\/6855","targetHints":{"allow":["GET"]}}],"collection":[{"href":"https:\/\/www.brenne-au-coeur.com\/index.php\/wp-json\/wp\/v2\/posts"}],"about":[{"href":"https:\/\/www.brenne-au-coeur.com\/index.php\/wp-json\/wp\/v2\/types\/post"}],"author":[{"embeddable":true,"href":"https:\/\/www.brenne-au-coeur.com\/index.php\/wp-json\/wp\/v2\/users\/1"}],"replies":[{"embeddable":true,"href":"https:\/\/www.brenne-au-coeur.com\/index.php\/wp-json\/wp\/v2\/comments?post=6855"}],"version-history":[{"count":1,"href":"https:\/\/www.brenne-au-coeur.com\/index.php\/wp-json\/wp\/v2\/posts\/6855\/revisions"}],"predecessor-version":[{"id":6864,"href":"https:\/\/www.brenne-au-coeur.com\/index.php\/wp-json\/wp\/v2\/posts\/6855\/revisions\/6864"}],"wp:featuredmedia":[{"embeddable":true,"href":"https:\/\/www.brenne-au-coeur.com\/index.php\/wp-json\/wp\/v2\/media\/6863"}],"wp:attachment":[{"href":"https:\/\/www.brenne-au-coeur.com\/index.php\/wp-json\/wp\/v2\/media?parent=6855"}],"wp:term":[{"taxonomy":"category","embeddable":true,"href":"https:\/\/www.brenne-au-coeur.com\/index.php\/wp-json\/wp\/v2\/categories?post=6855"},{"taxonomy":"post_tag","embeddable":true,"href":"https:\/\/www.brenne-au-coeur.com\/index.php\/wp-json\/wp\/v2\/tags?post=6855"}],"curies":[{"name":"wp","href":"https:\/\/api.w.org\/{rel}","templated":true}]}}