{"id":6848,"date":"2025-07-03T13:56:34","date_gmt":"2025-07-03T11:56:34","guid":{"rendered":"https:\/\/www.brenne-au-coeur.com\/?p=6848"},"modified":"2025-07-03T13:56:34","modified_gmt":"2025-07-03T11:56:34","slug":"les-abeilles","status":"publish","type":"post","link":"https:\/\/www.brenne-au-coeur.com\/index.php\/2025\/07\/03\/les-abeilles\/breves\/6848\/","title":{"rendered":"Les abeilles"},"content":{"rendered":"<p><span style=\"font-size: large;\">Safari-D\u00e9couverte des abeilles \u00e0 Ingrandes, mercredi 16 juillet 2025 de 10h00 \u00e0 12h00. Maison des abeilles, 2 Les Vall\u00e9es, La Vall\u00e9e.<\/span><\/p>\n<p><span style=\"font-size: large;\">Le safari-abeilles propos\u00e9 par Terre d\u2019Abeilles aux enfants de 6 \u00e0 16 ans permet de d\u00e9couvrir, en vrai, l\u2019univers des abeilles et le travail de l\u2019apiculteur. Gr\u00e2ce \u00e0 nos diff\u00e9rents supports p\u00e9dagogiques (exposition permanente, ruche digitale interactive\u2026) et \u00e0 notre rucher-\u00e9cole. Une demi-journ\u00e9e d\u00e9couverte in\u00e9dite, en compagnie d\u2019un apiculteur professionnel\u2026 qui pourra susciter des vocations&nbsp;!<\/span><\/p>\n<p><span style=\"font-size: large;\">Sur r\u00e9servation.<\/span><\/p>\n<p><span style=\"font-size: large;\">Tarif enfant 6 \u00e0 16 ans&nbsp;: 15 \u20ac. Renseignements \/ R\u00e9servation 02 54 28 68 63<\/span><\/p>\n<p><span style=\"font-size: large;\">lamaisondesabeilles36300@gmail.com www.maisondesabeilles.com<\/span><\/p>\n<p><span style=\"font-size: large;\">www.sauvonslesabeilles.com<\/span><\/p>\n","protected":false},"excerpt":{"rendered":"<p>Safari-D\u00e9couverte des abeilles \u00e0 Ingrandes, mercredi 16 juillet 2025 de 10h00 \u00e0 12h00. Maison des abeilles, 2 Les Vall\u00e9es, La Vall\u00e9e. Le safari-abeilles propos\u00e9 par Terre d\u2019Abeilles aux enfants de 6 \u00e0 16 ans permet de d\u00e9couvrir, en vrai, l\u2019univers des abeilles et le travail de l\u2019apiculteur. Gr\u00e2ce \u00e0 nos diff\u00e9rents supports p\u00e9dagogiques (exposition permanente,&hellip;&nbsp;<a href=\"https:\/\/www.brenne-au-coeur.com\/index.php\/2025\/07\/03\/les-abeilles\/breves\/6848\/\" rel=\"bookmark\">Lire la suite&nbsp;&raquo;<span class=\"screen-reader-text\">Les abeilles<\/span><\/a><\/p>\n","protected":false},"author":1,"featured_media":0,"comment_status":"open","ping_status":"open","sticky":false,"template":"","format":"standard","meta":{"rop_custom_images_group":[],"rop_custom_messages_group":[],"rop_publish_now":"initial","rop_publish_now_accounts":[],"rop_publish_now_history":[],"rop_publish_now_status":"pending","_monsterinsights_skip_tracking":false,"_monsterinsights_sitenote_active":false,"_monsterinsights_sitenote_note":"","_monsterinsights_sitenote_category":0,"neve_meta_sidebar":"","neve_meta_container":"","neve_meta_enable_content_width":"off","neve_meta_content_width":70,"neve_meta_title_alignment":"","neve_meta_author_avatar":"","neve_post_elements_order":"","neve_meta_disable_header":"","neve_meta_disable_footer":"","neve_meta_disable_title":"","_jetpack_memberships_contains_paid_content":false,"footnotes":"","jetpack_publicize_message":"","jetpack_publicize_feature_enabled":true,"jetpack_social_post_already_shared":true,"jetpack_social_options":{"image_generator_settings":{"template":"highway","default_image_id":0,"font":"","enabled":false},"version":2}},"categories":[124],"tags":[],"class_list":["post-6848","post","type-post","status-publish","format-standard","hentry","category-breves"],"aioseo_notices":[],"jetpack_publicize_connections":[],"jetpack_featured_media_url":"","jetpack-related-posts":[],"jetpack_sharing_enabled":true,"_links":{"self":[{"href":"https:\/\/www.brenne-au-coeur.com\/index.php\/wp-json\/wp\/v2\/posts\/6848","targetHints":{"allow":["GET"]}}],"collection":[{"href":"https:\/\/www.brenne-au-coeur.com\/index.php\/wp-json\/wp\/v2\/posts"}],"about":[{"href":"https:\/\/www.brenne-au-coeur.com\/index.php\/wp-json\/wp\/v2\/types\/post"}],"author":[{"embeddable":true,"href":"https:\/\/www.brenne-au-coeur.com\/index.php\/wp-json\/wp\/v2\/users\/1"}],"replies":[{"embeddable":true,"href":"https:\/\/www.brenne-au-coeur.com\/index.php\/wp-json\/wp\/v2\/comments?post=6848"}],"version-history":[{"count":1,"href":"https:\/\/www.brenne-au-coeur.com\/index.php\/wp-json\/wp\/v2\/posts\/6848\/revisions"}],"predecessor-version":[{"id":6849,"href":"https:\/\/www.brenne-au-coeur.com\/index.php\/wp-json\/wp\/v2\/posts\/6848\/revisions\/6849"}],"wp:attachment":[{"href":"https:\/\/www.brenne-au-coeur.com\/index.php\/wp-json\/wp\/v2\/media?parent=6848"}],"wp:term":[{"taxonomy":"category","embeddable":true,"href":"https:\/\/www.brenne-au-coeur.com\/index.php\/wp-json\/wp\/v2\/categories?post=6848"},{"taxonomy":"post_tag","embeddable":true,"href":"https:\/\/www.brenne-au-coeur.com\/index.php\/wp-json\/wp\/v2\/tags?post=6848"}],"curies":[{"name":"wp","href":"https:\/\/api.w.org\/{rel}","templated":true}]}}