{"id":6822,"date":"2025-06-26T14:53:54","date_gmt":"2025-06-26T12:53:54","guid":{"rendered":"https:\/\/www.brenne-au-coeur.com\/?p=6822"},"modified":"2025-06-26T14:53:54","modified_gmt":"2025-06-26T12:53:54","slug":"la-chanteuse-et-le-philosophe","status":"publish","type":"post","link":"https:\/\/www.brenne-au-coeur.com\/index.php\/2025\/06\/26\/la-chanteuse-et-le-philosophe\/breves\/6822\/","title":{"rendered":"La chanteuse et le philosophe"},"content":{"rendered":"<p><span style=\"font-size: large;\">Th\u00e9atre au Jardin La chanteuse et le Philosophe, mercredi 09 juillet 2025, \u00e0 18h30<\/span><\/p>\n<p><span style=\"font-size: large;\">Rendez-vous&nbsp;: Jardin du Beau \u00e0 Chaillac. Organisateur&nbsp;: R.E.L.A.I.S. La chanteuse et le Philosophe &#8230; ou l&rsquo;\u00e9galit\u00e9 des sexes. Un spectacle lu, jou\u00e9 et chant\u00e9 par St\u00e9phane Godefroy et Astrid Fournier-Laroque&nbsp;; d&rsquo;apr\u00e8s le texte \u00ab\u00a0De l&rsquo;\u00e9galit\u00e9 des deux sexes\u00a0\u00bb de Fran\u00e7ois Poullain de la Barre datant de 1673. Le plus gros d\u00e9faut de ce texte est qu&rsquo;il soit encore n\u00e9cessaire&nbsp;!<\/span><\/p>\n<p><span style=\"font-size: large;\">R\u00e9servation conseill\u00e9e. Adulte plein tarif&nbsp;: 8 \u20ac. Renseignements \/ R\u00e9servation<\/span><\/p>\n<p><span style=\"font-size: large;\">02 54 25 70 41 <a href=\"mailto:yoyo@asso-relais.com\">yoyo@asso-relais.com<\/a> www.anyo-relais.home.galacsys.com\/wp<\/span><\/p>\n<p><span style=\"font-size: large;\">Facebook<\/span><\/p>\n","protected":false},"excerpt":{"rendered":"<p>Th\u00e9atre au Jardin La chanteuse et le Philosophe, mercredi 09 juillet 2025, \u00e0 18h30 Rendez-vous&nbsp;: Jardin du Beau \u00e0 Chaillac. Organisateur&nbsp;: R.E.L.A.I.S. La chanteuse et le Philosophe &#8230; ou l&rsquo;\u00e9galit\u00e9 des sexes. Un spectacle lu, jou\u00e9 et chant\u00e9 par St\u00e9phane Godefroy et Astrid Fournier-Laroque&nbsp;; d&rsquo;apr\u00e8s le texte \u00ab\u00a0De l&rsquo;\u00e9galit\u00e9 des deux sexes\u00a0\u00bb de Fran\u00e7ois Poullain&hellip;&nbsp;<a href=\"https:\/\/www.brenne-au-coeur.com\/index.php\/2025\/06\/26\/la-chanteuse-et-le-philosophe\/breves\/6822\/\" rel=\"bookmark\">Lire la suite&nbsp;&raquo;<span class=\"screen-reader-text\">La chanteuse et le philosophe<\/span><\/a><\/p>\n","protected":false},"author":1,"featured_media":0,"comment_status":"open","ping_status":"open","sticky":false,"template":"","format":"standard","meta":{"rop_custom_images_group":[],"rop_custom_messages_group":[],"rop_publish_now":"initial","rop_publish_now_accounts":[],"rop_publish_now_history":[],"rop_publish_now_status":"pending","_monsterinsights_skip_tracking":false,"_monsterinsights_sitenote_active":false,"_monsterinsights_sitenote_note":"","_monsterinsights_sitenote_category":0,"neve_meta_sidebar":"","neve_meta_container":"","neve_meta_enable_content_width":"off","neve_meta_content_width":70,"neve_meta_title_alignment":"","neve_meta_author_avatar":"","neve_post_elements_order":"","neve_meta_disable_header":"","neve_meta_disable_footer":"","neve_meta_disable_title":"","_jetpack_memberships_contains_paid_content":false,"footnotes":"","jetpack_publicize_message":"","jetpack_publicize_feature_enabled":true,"jetpack_social_post_already_shared":true,"jetpack_social_options":{"image_generator_settings":{"template":"highway","default_image_id":0,"font":"","enabled":false},"version":2}},"categories":[124],"tags":[],"class_list":["post-6822","post","type-post","status-publish","format-standard","hentry","category-breves"],"aioseo_notices":[],"jetpack_publicize_connections":[],"jetpack_featured_media_url":"","jetpack-related-posts":[],"jetpack_sharing_enabled":true,"_links":{"self":[{"href":"https:\/\/www.brenne-au-coeur.com\/index.php\/wp-json\/wp\/v2\/posts\/6822","targetHints":{"allow":["GET"]}}],"collection":[{"href":"https:\/\/www.brenne-au-coeur.com\/index.php\/wp-json\/wp\/v2\/posts"}],"about":[{"href":"https:\/\/www.brenne-au-coeur.com\/index.php\/wp-json\/wp\/v2\/types\/post"}],"author":[{"embeddable":true,"href":"https:\/\/www.brenne-au-coeur.com\/index.php\/wp-json\/wp\/v2\/users\/1"}],"replies":[{"embeddable":true,"href":"https:\/\/www.brenne-au-coeur.com\/index.php\/wp-json\/wp\/v2\/comments?post=6822"}],"version-history":[{"count":1,"href":"https:\/\/www.brenne-au-coeur.com\/index.php\/wp-json\/wp\/v2\/posts\/6822\/revisions"}],"predecessor-version":[{"id":6823,"href":"https:\/\/www.brenne-au-coeur.com\/index.php\/wp-json\/wp\/v2\/posts\/6822\/revisions\/6823"}],"wp:attachment":[{"href":"https:\/\/www.brenne-au-coeur.com\/index.php\/wp-json\/wp\/v2\/media?parent=6822"}],"wp:term":[{"taxonomy":"category","embeddable":true,"href":"https:\/\/www.brenne-au-coeur.com\/index.php\/wp-json\/wp\/v2\/categories?post=6822"},{"taxonomy":"post_tag","embeddable":true,"href":"https:\/\/www.brenne-au-coeur.com\/index.php\/wp-json\/wp\/v2\/tags?post=6822"}],"curies":[{"name":"wp","href":"https:\/\/api.w.org\/{rel}","templated":true}]}}