{"id":6811,"date":"2025-06-26T12:19:19","date_gmt":"2025-06-26T10:19:19","guid":{"rendered":"https:\/\/www.brenne-au-coeur.com\/?p=6811"},"modified":"2025-06-26T12:19:19","modified_gmt":"2025-06-26T10:19:19","slug":"danser-pour-le-bien-etre-de-tous","status":"publish","type":"post","link":"https:\/\/www.brenne-au-coeur.com\/index.php\/2025\/06\/26\/danser-pour-le-bien-etre-de-tous\/communes\/mezieres-en-brenne\/6811\/","title":{"rendered":"Danser, pour le bien-\u00eatre de tous"},"content":{"rendered":"<p><span style=\"font-size: large;\">Samedi 21 juin, jour de la f\u00eate de la musique, les danseuses Louise Cazy, Annouk Picaud du <a href=\"https:\/\/www.collectifmondo.com\/\">collectif Mondo<\/a> et H\u00e9l\u00e8ne Andrews-Peraldi, accompagn\u00e9es par l\u2019accord\u00e9oniste et chanteur Fabrice Guillot ont anim\u00e9 la traditionnelle f\u00eate de l\u2019EHPAD de M\u00e9zi\u00e8res-en-Brenne. <\/span><\/p>\n<p><span style=\"font-size: large;\">Une superbe prestation. Bien plus qu\u2019un spectacle. <\/span><\/p>\n<p><span style=\"font-size: large;\"><a href=\"https:\/\/www.brenne-au-coeur.com\/wp-content\/uploads\/2025\/06\/20250621_150351.resized.jpg\" rel=\"lightbox[6811]\"><img loading=\"lazy\" decoding=\"async\" class=\"alignleft wp-image-6813 size-medium\" src=\"https:\/\/www.brenne-au-coeur.com\/wp-content\/uploads\/2025\/06\/20250621_150351.resized-300x225.jpg\" alt=\"\" width=\"300\" height=\"225\" srcset=\"https:\/\/www.brenne-au-coeur.com\/wp-content\/uploads\/2025\/06\/20250621_150351.resized-300x225.jpg 300w, https:\/\/www.brenne-au-coeur.com\/wp-content\/uploads\/2025\/06\/20250621_150351.resized-150x112.jpg 150w, https:\/\/www.brenne-au-coeur.com\/wp-content\/uploads\/2025\/06\/20250621_150351.resized.jpg 403w\" sizes=\"auto, (max-width: 300px) 100vw, 300px\" \/><\/a>Au milieu de l\u2019apr\u00e8s-midi, la salle d\u2019animation de la maison de retraite s\u2019est transform\u00e9e en piste de danse. Les r\u00e9sidents, leur famille, des membres du personnel et de la direction, les b\u00e9n\u00e9voles de l\u2019association \u00ab\u00a0Les Orchid\u00e9es\u00a0\u00bb ont form\u00e9 un cercle dans lequel ont \u00e9volu\u00e9 les danseuses et le musicien. Repris en ch\u0153ur par le public, Fabrice a entonn\u00e9 des grands succ\u00e8s de la chanson fran\u00e7aise. Des airs, des rythmes sur lesquels les danseuses encha\u00een\u00e8rent les pas. Une gracieuse gestuelle par laquelle, elles convi\u00e8rent des personnes fig\u00e9es sur leur fauteuil \u00e0 accompagner leur mouvement. Une approche toute en souplesse et en douceur. Le contact a cr\u00e9\u00e9 la complicit\u00e9. Les mains se sont ouvertes, les bras se sont d\u00e9ploy\u00e9s, les sourires ont illumin\u00e9 les visages. Aux r\u00e9sidents capables de se lever, la main a \u00e9t\u00e9 offerte pour les inviter \u00e0 les rejoindre sur la piste. Un pas h\u00e9sitant, puis deux, puis trois. Bient\u00f4t les couples se sont form\u00e9s. Un, puis deux, puis dix. La danse a provoqu\u00e9 un enchantement, prouvant qu\u2019elle \u00e9tait accessible \u00e0 toutes et tous, quels que soient l\u2019\u00e2ge et le niveau d\u2019autonomie. Un grand moment d\u2019\u00e9motion validant, en quelque sorte, la finalit\u00e9 des projets du collectif Mondo qui \u00ab<i>\u00a0<\/i><i>cherche \u00e0 g\u00e9n\u00e9rer des espaces de rencontre o\u00f9 la diversit\u00e9 est source de richesse pour le groupe. Il s\u2019agit de mettre en valeur chaque personne, de cr\u00e9er des instances de rencontres, de cr\u00e9ation collective, de d\u00e9cision collective, et de participation.\u00a0\u00bb<\/i><\/span><\/p>\n<p><span style=\"font-size: large;\">Par cette d\u00e9marche, les artistes ont apport\u00e9 souffle de vie et ondes positives dans plusieurs services de l\u2019\u00e9tablissement, durant toute cette journ\u00e9e de f\u00eate. <\/span><\/p>\n<div class=\"nv-iframe-embed\"><div class=\"lyte-wrapper fourthree\" title=\"f&ecirc;te ehpad 21 juin 2025\" style=\"width:420px;max-width:100%;margin:5px auto;\"><div class=\"lyMe hidef\" id=\"WYL_fBPbku4srco\" itemprop=\"video\" itemscope itemtype=\"https:\/\/schema.org\/VideoObject\"><div><meta itemprop=\"thumbnailUrl\" content=\"https:\/\/www.brenne-au-coeur.com\/wp-content\/plugins\/wp-youtube-lyte\/lyteCache.php?origThumbUrl=https%3A%2F%2Fi.ytimg.com%2Fvi%2FfBPbku4srco%2Fmaxresdefault.jpg\" \/><meta itemprop=\"embedURL\" content=\"https:\/\/www.youtube.com\/embed\/fBPbku4srco\" \/><meta itemprop=\"duration\" content=\"PT2M45S\" \/><meta itemprop=\"uploadDate\" content=\"2025-06-26T09:22:09Z\" \/><\/div><div id=\"lyte_fBPbku4srco\" data-src=\"https:\/\/www.brenne-au-coeur.com\/wp-content\/plugins\/wp-youtube-lyte\/lyteCache.php?origThumbUrl=https%3A%2F%2Fi.ytimg.com%2Fvi%2FfBPbku4srco%2Fmaxresdefault.jpg\" class=\"pL\"><div class=\"tC\"><div class=\"tT\" itemprop=\"name\">f\u00eate ehpad 21 juin 2025<\/div><\/div><div class=\"play\"><\/div><div class=\"ctrl\"><div class=\"Lctrl\"><\/div><div class=\"Rctrl\"><\/div><\/div><\/div><noscript><a href=\"https:\/\/youtu.be\/fBPbku4srco\" rel=\"nofollow\"><img loading=\"lazy\" decoding=\"async\" src=\"https:\/\/www.brenne-au-coeur.com\/wp-content\/plugins\/wp-youtube-lyte\/lyteCache.php?origThumbUrl=https%3A%2F%2Fi.ytimg.com%2Fvi%2FfBPbku4srco%2F0.jpg\" alt=\"f&ecirc;te ehpad 21 juin 2025\" width=\"420\" height=\"295\" \/><br \/>Lire cette vid\u00e9o sur YouTube<\/a><\/noscript><meta itemprop=\"description\" content=\"f\u00eate ehpad 21 juin 2025\"><\/div><\/div><div class=\"lL\" style=\"max-width:100%;width:420px;margin:5px auto;\"><\/div><\/div>\n<p><span style=\"font-size: large;\">Leur action conforte, par ailleurs, l\u2019id\u00e9e que les EHPAD sont des lieux de vie. \u00c0 observer les mines r\u00e9jouies de tous les r\u00e9sidents pr\u00e9sents cet apr\u00e8s-midi-l\u00e0, il y a fort \u00e0 parier que bon nombre d\u2019entre eux ont oubli\u00e9 des douleurs et des soucis, le temps d\u2019un pas de danse ou d\u2019une chanson.<\/span><\/p>\n<p><span style=\"font-size: large;\">Elle d\u00e9montre de fait, que l\u2019animation est un \u00e9l\u00e9ment essentiel pour le moral et la sant\u00e9 des r\u00e9sidents. Quotidiennement toutes celles et tous ceux qui agissent avec bienveillance pour le bien \u00eatre des personnes \u00e2g\u00e9es, prouvent qu\u2019il existe dans ce monde domin\u00e9 par la brutalit\u00e9, des \u00eelots de tendresse.<\/span><\/p>\n<p><span style=\"font-size: large;\">L\u2019EHPAD de M\u00e9zi\u00e8res est de ceux-l\u00e0. <\/span><\/p>\n<p>&nbsp;<\/p>\n<p>&nbsp;<\/p>\n","protected":false},"excerpt":{"rendered":"<p>Samedi 21 juin, jour de la f\u00eate de la musique, les danseuses Louise Cazy, Annouk Picaud du collectif Mondo et H\u00e9l\u00e8ne Andrews-Peraldi, accompagn\u00e9es par l\u2019accord\u00e9oniste et chanteur Fabrice Guillot ont anim\u00e9 la traditionnelle f\u00eate de l\u2019EHPAD de M\u00e9zi\u00e8res-en-Brenne. Une superbe prestation. Bien plus qu\u2019un spectacle. Au milieu de l\u2019apr\u00e8s-midi, la salle d\u2019animation de la maison&hellip;&nbsp;<a href=\"https:\/\/www.brenne-au-coeur.com\/index.php\/2025\/06\/26\/danser-pour-le-bien-etre-de-tous\/communes\/mezieres-en-brenne\/6811\/\" rel=\"bookmark\">Lire la suite&nbsp;&raquo;<span class=\"screen-reader-text\">Danser, pour le bien-\u00eatre de tous<\/span><\/a><\/p>\n","protected":false},"author":1,"featured_media":6813,"comment_status":"open","ping_status":"open","sticky":false,"template":"","format":"standard","meta":{"rop_custom_images_group":[],"rop_custom_messages_group":[],"rop_publish_now":"initial","rop_publish_now_accounts":[],"rop_publish_now_history":[],"rop_publish_now_status":"pending","_monsterinsights_skip_tracking":false,"_monsterinsights_sitenote_active":false,"_monsterinsights_sitenote_note":"","_monsterinsights_sitenote_category":0,"neve_meta_sidebar":"","neve_meta_container":"","neve_meta_enable_content_width":"off","neve_meta_content_width":70,"neve_meta_title_alignment":"","neve_meta_author_avatar":"","neve_post_elements_order":"","neve_meta_disable_header":"","neve_meta_disable_footer":"","neve_meta_disable_title":"","_jetpack_memberships_contains_paid_content":false,"footnotes":"","jetpack_publicize_message":"","jetpack_publicize_feature_enabled":true,"jetpack_social_post_already_shared":true,"jetpack_social_options":{"image_generator_settings":{"template":"highway","default_image_id":0,"font":"","enabled":false},"version":2}},"categories":[97,12],"tags":[71,96],"class_list":["post-6811","post","type-post","status-publish","format-standard","has-post-thumbnail","hentry","category-ehpad","category-mezieres-en-brenne","tag-animation","tag-danse"],"aioseo_notices":[],"jetpack_publicize_connections":[],"jetpack_featured_media_url":"https:\/\/www.brenne-au-coeur.com\/wp-content\/uploads\/2025\/06\/20250621_150351.resized.jpg","jetpack-related-posts":[],"jetpack_sharing_enabled":true,"_links":{"self":[{"href":"https:\/\/www.brenne-au-coeur.com\/index.php\/wp-json\/wp\/v2\/posts\/6811","targetHints":{"allow":["GET"]}}],"collection":[{"href":"https:\/\/www.brenne-au-coeur.com\/index.php\/wp-json\/wp\/v2\/posts"}],"about":[{"href":"https:\/\/www.brenne-au-coeur.com\/index.php\/wp-json\/wp\/v2\/types\/post"}],"author":[{"embeddable":true,"href":"https:\/\/www.brenne-au-coeur.com\/index.php\/wp-json\/wp\/v2\/users\/1"}],"replies":[{"embeddable":true,"href":"https:\/\/www.brenne-au-coeur.com\/index.php\/wp-json\/wp\/v2\/comments?post=6811"}],"version-history":[{"count":1,"href":"https:\/\/www.brenne-au-coeur.com\/index.php\/wp-json\/wp\/v2\/posts\/6811\/revisions"}],"predecessor-version":[{"id":6814,"href":"https:\/\/www.brenne-au-coeur.com\/index.php\/wp-json\/wp\/v2\/posts\/6811\/revisions\/6814"}],"wp:featuredmedia":[{"embeddable":true,"href":"https:\/\/www.brenne-au-coeur.com\/index.php\/wp-json\/wp\/v2\/media\/6813"}],"wp:attachment":[{"href":"https:\/\/www.brenne-au-coeur.com\/index.php\/wp-json\/wp\/v2\/media?parent=6811"}],"wp:term":[{"taxonomy":"category","embeddable":true,"href":"https:\/\/www.brenne-au-coeur.com\/index.php\/wp-json\/wp\/v2\/categories?post=6811"},{"taxonomy":"post_tag","embeddable":true,"href":"https:\/\/www.brenne-au-coeur.com\/index.php\/wp-json\/wp\/v2\/tags?post=6811"}],"curies":[{"name":"wp","href":"https:\/\/api.w.org\/{rel}","templated":true}]}}