{"id":6806,"date":"2025-06-25T17:27:39","date_gmt":"2025-06-25T15:27:39","guid":{"rendered":"https:\/\/www.brenne-au-coeur.com\/?p=6806"},"modified":"2025-06-25T17:27:39","modified_gmt":"2025-06-25T15:27:39","slug":"les-photos-animalieres-demilie","status":"publish","type":"post","link":"https:\/\/www.brenne-au-coeur.com\/index.php\/2025\/06\/25\/les-photos-animalieres-demilie\/communes\/mezieres-en-brenne\/6806\/","title":{"rendered":"Les photos animali\u00e8res d\u2019\u00c9milie"},"content":{"rendered":"<p><span style=\"font-size: large;\"><a href=\"https:\/\/www.brenne-au-coeur.com\/wp-content\/uploads\/2025\/06\/15072022-Ecureuil-EG-scaled.jpg\" rel=\"lightbox[6806]\"><img loading=\"lazy\" decoding=\"async\" class=\"alignleft wp-image-6808\" src=\"https:\/\/www.brenne-au-coeur.com\/wp-content\/uploads\/2025\/06\/15072022-Ecureuil-EG-300x200.jpg\" alt=\"\" width=\"251\" height=\"167\" srcset=\"https:\/\/www.brenne-au-coeur.com\/wp-content\/uploads\/2025\/06\/15072022-Ecureuil-EG-300x200.jpg 300w, https:\/\/www.brenne-au-coeur.com\/wp-content\/uploads\/2025\/06\/15072022-Ecureuil-EG-1024x683.jpg 1024w, https:\/\/www.brenne-au-coeur.com\/wp-content\/uploads\/2025\/06\/15072022-Ecureuil-EG-150x100.jpg 150w, https:\/\/www.brenne-au-coeur.com\/wp-content\/uploads\/2025\/06\/15072022-Ecureuil-EG-768x512.jpg 768w, https:\/\/www.brenne-au-coeur.com\/wp-content\/uploads\/2025\/06\/15072022-Ecureuil-EG-1536x1024.jpg 1536w, https:\/\/www.brenne-au-coeur.com\/wp-content\/uploads\/2025\/06\/15072022-Ecureuil-EG-2048x1365.jpg 2048w, https:\/\/www.brenne-au-coeur.com\/wp-content\/uploads\/2025\/06\/15072022-Ecureuil-EG-930x620.jpg 930w, https:\/\/www.brenne-au-coeur.com\/wp-content\/uploads\/2025\/06\/15072022-Ecureuil-EG-272x182.jpg 272w\" sizes=\"auto, (max-width: 251px) 100vw, 251px\" \/><\/a>Du 27 juin au 1<sup>er<\/sup> ao\u00fbt, la m\u00e9diath\u00e8que de M\u00e9zi\u00e8res invite \u00e0 venir d\u00e9couvrir le travail d&rsquo;\u00c9milie Gaudin, photographe amatrice, originaire de Martizay. <\/span><\/p>\n<p><span style=\"font-size: large;\">Celle qui avait d\u00e9j\u00e0 r\u00e9alis\u00e9 plusieurs expositions dans l\u2019Indre en 2016 et 2017 a souhait\u00e9 aujourd\u2019hui partager avec les habitants de la Brenne de nouveaux clich\u00e9s repr\u00e9sentant des animaux sauvages et des paysages, pris au sein du Parc Naturel R\u00e9gional de la Brenne, territoire favori de la jeune photographe. <\/span><\/p>\n<p><span style=\"font-size: large;\">Passionn\u00e9e de photo depuis son plus jeune \u00e2ge, \u00c9milie officie essentiellement au sein de PNR de la Brenne, territoire qu\u2019elle conna\u00eet bien et qu\u2019elle appr\u00e9cie particuli\u00e8rement.<\/span><\/p>\n<p><span style=\"font-size: large;\"><a href=\"https:\/\/www.brenne-au-coeur.com\/wp-content\/uploads\/2025\/06\/Affiche-expo-photo-Emilie-Gaudin-juin-juillet-2025.resized.jpg\" rel=\"lightbox[6806]\"><img loading=\"lazy\" decoding=\"async\" class=\"alignright wp-image-6809 size-medium\" src=\"https:\/\/www.brenne-au-coeur.com\/wp-content\/uploads\/2025\/06\/Affiche-expo-photo-Emilie-Gaudin-juin-juillet-2025.resized-212x300.jpg\" alt=\"\" width=\"212\" height=\"300\" srcset=\"https:\/\/www.brenne-au-coeur.com\/wp-content\/uploads\/2025\/06\/Affiche-expo-photo-Emilie-Gaudin-juin-juillet-2025.resized-212x300.jpg 212w, https:\/\/www.brenne-au-coeur.com\/wp-content\/uploads\/2025\/06\/Affiche-expo-photo-Emilie-Gaudin-juin-juillet-2025.resized-106x150.jpg 106w, https:\/\/www.brenne-au-coeur.com\/wp-content\/uploads\/2025\/06\/Affiche-expo-photo-Emilie-Gaudin-juin-juillet-2025.resized.jpg 476w\" sizes=\"auto, (max-width: 212px) 100vw, 212px\" \/><\/a>\u00c9milie est une ancienne \u00e9tudiante de l&rsquo;Institut Francophone de Formation au Cin\u00e9ma Animalier de M\u00e9nigoute (IFFCAM) o\u00f9 elle a suivi le Dipl\u00f4me universitaire de photographie et reportage nature. Emilie esp\u00e8re un jour faire de cette passion son m\u00e9tier, aussi y consacre-t-elle tout son temps libre, n&rsquo;h\u00e9sitant pas \u00e0 suivre des stages et des formations pour parfaire sa technique photographique et approfondir sa connaissance de la faune et de la flore.<\/span><\/p>\n<p><span style=\"font-size: large;\">Un vernissage est pr\u00e9vu le 27 juin \u00e0 18h00<\/span><\/p>\n<p><span style=\"font-size: large;\">Exposition visible aux horaires d&rsquo;ouverture habituels de la m\u00e9diath\u00e8que\u00a0: le mercredi de 10h \u00e0 12h00 et de 14h00 \u00e0 18h00, le jeudi, de 9\u2009h \u00e0 12\u2009h et de 16\u2009h \u00e0 18\u2009h\u2009; le vendredi de 10\u2009h \u00e0 12\u2009h \u00e0 16\u2009h \u00e0 18\u2009h, le samedi, de 10\u2009h \u00e0 12\u2009h et de 14h00 \u00e0 18h (les semaines paires)<\/span><\/p>\n","protected":false},"excerpt":{"rendered":"<p>Du 27 juin au 1er ao\u00fbt, la m\u00e9diath\u00e8que de M\u00e9zi\u00e8res invite \u00e0 venir d\u00e9couvrir le travail d&rsquo;\u00c9milie Gaudin, photographe amatrice, originaire de Martizay. Celle qui avait d\u00e9j\u00e0 r\u00e9alis\u00e9 plusieurs expositions dans l\u2019Indre en 2016 et 2017 a souhait\u00e9 aujourd\u2019hui partager avec les habitants de la Brenne de nouveaux clich\u00e9s repr\u00e9sentant des animaux sauvages et des&hellip;&nbsp;<a href=\"https:\/\/www.brenne-au-coeur.com\/index.php\/2025\/06\/25\/les-photos-animalieres-demilie\/communes\/mezieres-en-brenne\/6806\/\" rel=\"bookmark\">Lire la suite&nbsp;&raquo;<span class=\"screen-reader-text\">Les photos animali\u00e8res d\u2019\u00c9milie<\/span><\/a><\/p>\n","protected":false},"author":1,"featured_media":6807,"comment_status":"open","ping_status":"open","sticky":false,"template":"","format":"standard","meta":{"rop_custom_images_group":[],"rop_custom_messages_group":[],"rop_publish_now":"initial","rop_publish_now_accounts":[],"rop_publish_now_history":[],"rop_publish_now_status":"pending","_monsterinsights_skip_tracking":false,"_monsterinsights_sitenote_active":false,"_monsterinsights_sitenote_note":"","_monsterinsights_sitenote_category":0,"neve_meta_sidebar":"","neve_meta_container":"","neve_meta_enable_content_width":"off","neve_meta_content_width":70,"neve_meta_title_alignment":"","neve_meta_author_avatar":"","neve_post_elements_order":"","neve_meta_disable_header":"","neve_meta_disable_footer":"","neve_meta_disable_title":"","_jetpack_memberships_contains_paid_content":false,"footnotes":"","jetpack_publicize_message":"","jetpack_publicize_feature_enabled":true,"jetpack_social_post_already_shared":true,"jetpack_social_options":{"image_generator_settings":{"template":"highway","default_image_id":0,"font":"","enabled":false},"version":2}},"categories":[59,12],"tags":[52,58],"class_list":["post-6806","post","type-post","status-publish","format-standard","has-post-thumbnail","hentry","category-mediatheque","category-mezieres-en-brenne","tag-exposition","tag-photographie"],"aioseo_notices":[],"jetpack_publicize_connections":[],"jetpack_featured_media_url":"https:\/\/www.brenne-au-coeur.com\/wp-content\/uploads\/2025\/06\/03062023-4I0A1466-scaled.jpg","jetpack-related-posts":[],"jetpack_sharing_enabled":true,"_links":{"self":[{"href":"https:\/\/www.brenne-au-coeur.com\/index.php\/wp-json\/wp\/v2\/posts\/6806","targetHints":{"allow":["GET"]}}],"collection":[{"href":"https:\/\/www.brenne-au-coeur.com\/index.php\/wp-json\/wp\/v2\/posts"}],"about":[{"href":"https:\/\/www.brenne-au-coeur.com\/index.php\/wp-json\/wp\/v2\/types\/post"}],"author":[{"embeddable":true,"href":"https:\/\/www.brenne-au-coeur.com\/index.php\/wp-json\/wp\/v2\/users\/1"}],"replies":[{"embeddable":true,"href":"https:\/\/www.brenne-au-coeur.com\/index.php\/wp-json\/wp\/v2\/comments?post=6806"}],"version-history":[{"count":1,"href":"https:\/\/www.brenne-au-coeur.com\/index.php\/wp-json\/wp\/v2\/posts\/6806\/revisions"}],"predecessor-version":[{"id":6810,"href":"https:\/\/www.brenne-au-coeur.com\/index.php\/wp-json\/wp\/v2\/posts\/6806\/revisions\/6810"}],"wp:featuredmedia":[{"embeddable":true,"href":"https:\/\/www.brenne-au-coeur.com\/index.php\/wp-json\/wp\/v2\/media\/6807"}],"wp:attachment":[{"href":"https:\/\/www.brenne-au-coeur.com\/index.php\/wp-json\/wp\/v2\/media?parent=6806"}],"wp:term":[{"taxonomy":"category","embeddable":true,"href":"https:\/\/www.brenne-au-coeur.com\/index.php\/wp-json\/wp\/v2\/categories?post=6806"},{"taxonomy":"post_tag","embeddable":true,"href":"https:\/\/www.brenne-au-coeur.com\/index.php\/wp-json\/wp\/v2\/tags?post=6806"}],"curies":[{"name":"wp","href":"https:\/\/api.w.org\/{rel}","templated":true}]}}