{"id":6783,"date":"2025-06-16T14:57:38","date_gmt":"2025-06-16T12:57:38","guid":{"rendered":"https:\/\/www.brenne-au-coeur.com\/?p=6783"},"modified":"2025-06-16T15:06:03","modified_gmt":"2025-06-16T13:06:03","slug":"mezieres-fete-la-musique","status":"publish","type":"post","link":"https:\/\/www.brenne-au-coeur.com\/index.php\/2025\/06\/16\/mezieres-fete-la-musique\/communes\/mezieres-en-brenne\/6783\/","title":{"rendered":"M\u00e9zi\u00e8res f\u00eate la musique"},"content":{"rendered":"<p><span style=\"font-size: large;\">Le samedi 21 juin, deux \u00e9v\u00e9nements se d\u00e9rouleront \u00e0 l\u2019occasion de la f\u00eate de la musique. \u00c0 l\u2019EHPAD tout d\u2019abord, de 10h00 \u00e0 17h00, puis au Bar de la place \u00e0 partir de 20h00.<\/span><\/p>\n<p><span style=\"font-size: large;\"><a href=\"https:\/\/www.brenne-au-coeur.com\/wp-content\/uploads\/2025\/06\/affiche-fete-2025.resized.jpeg\" rel=\"lightbox[6783]\"><img loading=\"lazy\" decoding=\"async\" class=\"alignleft wp-image-6784 size-medium\" src=\"https:\/\/www.brenne-au-coeur.com\/wp-content\/uploads\/2025\/06\/affiche-fete-2025.resized-212x300.jpeg\" alt=\"\" width=\"212\" height=\"300\" srcset=\"https:\/\/www.brenne-au-coeur.com\/wp-content\/uploads\/2025\/06\/affiche-fete-2025.resized-212x300.jpeg 212w, https:\/\/www.brenne-au-coeur.com\/wp-content\/uploads\/2025\/06\/affiche-fete-2025.resized-106x150.jpeg 106w, https:\/\/www.brenne-au-coeur.com\/wp-content\/uploads\/2025\/06\/affiche-fete-2025.resized.jpeg 283w\" sizes=\"auto, (max-width: 212px) 100vw, 212px\" \/><\/a>Du matin jusqu\u2019au milieu de l\u2019apr\u00e8s-midi, La maison de retraite et son association de b\u00e9n\u00e9voles \u00ab\u00a0Les Orchid\u00e9es\u00a0\u00bb organiseront leur f\u00eate traditionnelle de l\u2019\u00e9t\u00e9. Cette ann\u00e9e elle prend, sous le signe de la guinguette, une dimension nouvelle, puisque qu\u2019elle co\u00efncide avec le jour de la f\u00eate de la musique. Ainsi Fabrice Guillot, accord\u00e9on en bandouli\u00e8re, chantera aux quatre coins de l\u2019\u00e9tablissement. En alternance avec cette animation musicale, Louise Cazy, de la compagnie Mondo, proposera des pas de danse aux r\u00e9sidents et notamment \u00e0 celles et ceux se d\u00e9pla\u00e7ant en fauteuil roulant.<\/span><\/p>\n<p><span style=\"font-size: large;\">Pour le reste, les visiteurs retrouveront les attractions habituelles\u00a0: vide-dressing (des v\u00eatements de seconde main de tr\u00e8s bonne qualit\u00e9), stand de cr\u00e9ations, vente de g\u00e2teaux, restauration ( saucisses merguez, frites, glaces boissons), tombola, jeux pour les enfants ( maquillage, chamboule tout, p\u00eache \u00e0 la ligne)<\/span><\/p>\n<p>&nbsp;<\/p>\n<p><span style=\"font-size: large;\">Le soir, c\u2019est devant le Bar de la place qu\u2019il faudra s\u2019installer pour \u00e9couter de la musique. Autre lieu, autre ambiance. Le groupe <img loading=\"lazy\" decoding=\"async\" class=\"size-medium wp-image-6786 alignright\" src=\"https:\/\/www.brenne-au-coeur.com\/wp-content\/uploads\/2025\/06\/image000000.resized-212x300.jpg\" alt=\"\" width=\"212\" height=\"300\" srcset=\"https:\/\/www.brenne-au-coeur.com\/wp-content\/uploads\/2025\/06\/image000000.resized-212x300.jpg 212w, https:\/\/www.brenne-au-coeur.com\/wp-content\/uploads\/2025\/06\/image000000.resized-106x150.jpg 106w, https:\/\/www.brenne-au-coeur.com\/wp-content\/uploads\/2025\/06\/image000000.resized.jpg 283w\" sizes=\"auto, (max-width: 212px) 100vw, 212px\" \/>Mezband gratifiera le public d\u2019un concert Pop Rock. Des reprises de classiques du genre. T\u00e9l\u00e9phone, Trust, R.E.M etc.<\/span><\/p>\n<p><span style=\"font-size: large;\">Cette formation est compos\u00e9e par quatre mac\u00e9riens\u00a0: Julien Feutry \u00e0 la batterie, \u00c9milie Fumal \u00e0 la basse, Bruno Lovisone au chant et Nicolas Soyer \u00e0 la guitare. <\/span><\/p>\n<p><span style=\"font-size: large;\">Une restauration sera possible sur place. <\/span><\/p>\n","protected":false},"excerpt":{"rendered":"<p>Le samedi 21 juin, deux \u00e9v\u00e9nements se d\u00e9rouleront \u00e0 l\u2019occasion de la f\u00eate de la musique. \u00c0 l\u2019EHPAD tout d\u2019abord, de 10h00 \u00e0 17h00, puis au Bar de la place \u00e0 partir de 20h00. Du matin jusqu\u2019au milieu de l\u2019apr\u00e8s-midi, La maison de retraite et son association de b\u00e9n\u00e9voles \u00ab\u00a0Les Orchid\u00e9es\u00a0\u00bb organiseront leur f\u00eate traditionnelle&hellip;&nbsp;<a href=\"https:\/\/www.brenne-au-coeur.com\/index.php\/2025\/06\/16\/mezieres-fete-la-musique\/communes\/mezieres-en-brenne\/6783\/\" rel=\"bookmark\">Lire la suite&nbsp;&raquo;<span class=\"screen-reader-text\">M\u00e9zi\u00e8res f\u00eate la musique<\/span><\/a><\/p>\n","protected":false},"author":1,"featured_media":6786,"comment_status":"open","ping_status":"open","sticky":false,"template":"","format":"standard","meta":{"rop_custom_images_group":[],"rop_custom_messages_group":[],"rop_publish_now":"initial","rop_publish_now_accounts":[],"rop_publish_now_history":[],"rop_publish_now_status":"pending","_monsterinsights_skip_tracking":false,"_monsterinsights_sitenote_active":false,"_monsterinsights_sitenote_note":"","_monsterinsights_sitenote_category":0,"neve_meta_sidebar":"","neve_meta_container":"","neve_meta_enable_content_width":"off","neve_meta_content_width":70,"neve_meta_title_alignment":"","neve_meta_author_avatar":"","neve_post_elements_order":"","neve_meta_disable_header":"","neve_meta_disable_footer":"","neve_meta_disable_title":"","_jetpack_memberships_contains_paid_content":false,"footnotes":"","jetpack_publicize_message":"","jetpack_publicize_feature_enabled":true,"jetpack_social_post_already_shared":true,"jetpack_social_options":{"image_generator_settings":{"template":"highway","default_image_id":0,"font":"","enabled":false},"version":2}},"categories":[193,97,12],"tags":[64,111],"class_list":["post-6783","post","type-post","status-publish","format-standard","has-post-thumbnail","hentry","category-2-dernier-article-paru","category-ehpad","category-mezieres-en-brenne","tag-concert","tag-fetes"],"aioseo_notices":[],"jetpack_publicize_connections":[],"jetpack_featured_media_url":"https:\/\/www.brenne-au-coeur.com\/wp-content\/uploads\/2025\/06\/image000000.resized.jpg","jetpack-related-posts":[],"jetpack_sharing_enabled":true,"_links":{"self":[{"href":"https:\/\/www.brenne-au-coeur.com\/index.php\/wp-json\/wp\/v2\/posts\/6783","targetHints":{"allow":["GET"]}}],"collection":[{"href":"https:\/\/www.brenne-au-coeur.com\/index.php\/wp-json\/wp\/v2\/posts"}],"about":[{"href":"https:\/\/www.brenne-au-coeur.com\/index.php\/wp-json\/wp\/v2\/types\/post"}],"author":[{"embeddable":true,"href":"https:\/\/www.brenne-au-coeur.com\/index.php\/wp-json\/wp\/v2\/users\/1"}],"replies":[{"embeddable":true,"href":"https:\/\/www.brenne-au-coeur.com\/index.php\/wp-json\/wp\/v2\/comments?post=6783"}],"version-history":[{"count":1,"href":"https:\/\/www.brenne-au-coeur.com\/index.php\/wp-json\/wp\/v2\/posts\/6783\/revisions"}],"predecessor-version":[{"id":6787,"href":"https:\/\/www.brenne-au-coeur.com\/index.php\/wp-json\/wp\/v2\/posts\/6783\/revisions\/6787"}],"wp:featuredmedia":[{"embeddable":true,"href":"https:\/\/www.brenne-au-coeur.com\/index.php\/wp-json\/wp\/v2\/media\/6786"}],"wp:attachment":[{"href":"https:\/\/www.brenne-au-coeur.com\/index.php\/wp-json\/wp\/v2\/media?parent=6783"}],"wp:term":[{"taxonomy":"category","embeddable":true,"href":"https:\/\/www.brenne-au-coeur.com\/index.php\/wp-json\/wp\/v2\/categories?post=6783"},{"taxonomy":"post_tag","embeddable":true,"href":"https:\/\/www.brenne-au-coeur.com\/index.php\/wp-json\/wp\/v2\/tags?post=6783"}],"curies":[{"name":"wp","href":"https:\/\/api.w.org\/{rel}","templated":true}]}}