{"id":6757,"date":"2025-06-14T16:07:26","date_gmt":"2025-06-14T14:07:26","guid":{"rendered":"https:\/\/www.brenne-au-coeur.com\/?p=6757"},"modified":"2025-06-14T16:07:26","modified_gmt":"2025-06-14T14:07:26","slug":"magnifique-afrique","status":"publish","type":"post","link":"https:\/\/www.brenne-au-coeur.com\/index.php\/2025\/06\/14\/magnifique-afrique\/communes\/azay-le-ferron-communes\/6757\/","title":{"rendered":"Magnifique Afrique"},"content":{"rendered":"<p><span style=\"font-size: large;\">Jusqu\u2019au 2 juillet, la m\u00e9diath\u00e8que d\u2019Azay-le-Ferron accueille deux expositions. Les peintures de Gnamb\u00e9 Bazi\u00e9 et les statuettes d\u2019Issaka Derm\u00e9. Gr\u00e2ce \u00e0 leurs \u0153uvres, ces deux artistes burkinab\u00e9s offrent aux visiteurs un voyage vers leur lointain pays. D\u00e8s le premier coup d\u2019\u0153il, l\u2019immersion est instantan\u00e9e. <\/span><\/p>\n<p><a href=\"https:\/\/www.brenne-au-coeur.com\/wp-content\/uploads\/2025\/06\/gnambe-bazie-2.jpg\" rel=\"lightbox[6757]\"><img loading=\"lazy\" decoding=\"async\" class=\"wp-image-6761\" src=\"https:\/\/www.brenne-au-coeur.com\/wp-content\/uploads\/2025\/06\/gnambe-bazie-2-300x225.jpg\" alt=\"\" width=\"238\" height=\"179\" srcset=\"https:\/\/www.brenne-au-coeur.com\/wp-content\/uploads\/2025\/06\/gnambe-bazie-2-300x225.jpg 300w, https:\/\/www.brenne-au-coeur.com\/wp-content\/uploads\/2025\/06\/gnambe-bazie-2-150x112.jpg 150w, https:\/\/www.brenne-au-coeur.com\/wp-content\/uploads\/2025\/06\/gnambe-bazie-2.jpg 403w\" sizes=\"auto, (max-width: 238px) 100vw, 238px\" \/><\/a><\/p>\n<p><span style=\"font-size: large;\">Une partie des peintures de Gnamb\u00e9 Bazi\u00e9 brillent par leur r\u00e9alisme. Elles t\u00e9moignent de la vie quotidienne africaine. L\u2019ambiance des villages est merveilleusement bien rendue. Le travail, les repas, les jeux au milieu des cases. Tableau apr\u00e8s tableau on d\u00e9couvre ces hommes , ces femmes, ces enfants qui s\u2019activent. La vie sociale se livre, autour d\u2019un caf\u00e9 ou d\u2019autres petits commerces. L\u2019ensemble est color\u00e9, chaud, joyeux. <\/span><\/p>\n<p><span style=\"font-size: large;\">Le trait donne une image d&rsquo;une Afrique apais\u00e9e. <\/span><\/p>\n<p><span style=\"font-size: large;\">Sur des toiles de tailles sup\u00e9rieures, le peintre exprime une autre facette de son talent. Il semble se l\u00e2cher, <a href=\"https:\/\/www.brenne-au-coeur.com\/wp-content\/uploads\/2025\/06\/gnamba-bazie-1-rotated.jpg\" rel=\"lightbox[6757]\"><img loading=\"lazy\" decoding=\"async\" class=\"alignright wp-image-6762\" src=\"https:\/\/www.brenne-au-coeur.com\/wp-content\/uploads\/2025\/06\/gnamba-bazie-1-225x300.jpg\" alt=\"\" width=\"156\" height=\"208\" srcset=\"https:\/\/www.brenne-au-coeur.com\/wp-content\/uploads\/2025\/06\/gnamba-bazie-1-225x300.jpg 225w, https:\/\/www.brenne-au-coeur.com\/wp-content\/uploads\/2025\/06\/gnamba-bazie-1-112x150.jpg 112w, https:\/\/www.brenne-au-coeur.com\/wp-content\/uploads\/2025\/06\/gnamba-bazie-1-rotated.jpg 302w\" sizes=\"auto, (max-width: 156px) 100vw, 156px\" \/><\/a>\u00e0 la fois sur la technique et sur l\u2019inspiration. Les contours des personnages renforc\u00e9s par de la ficelle, ajoute un relief \u00e9tonnant. Gnamb\u00e9 Bazi\u00e9 quitte la fid\u00e8le reproduction des humains, pour cr\u00e9er des physiques nouveaux, aux allures gracieuses, parfois non d\u00e9nu\u00e9es d\u2019humour.<\/span><\/p>\n<p><span style=\"font-size: large;\">De belles silhouettes, il en est aussi question, avec les statuettes d\u2019Issaka Derm\u00e9. Des femmes sveltes, d\u2019une infinie sensualit\u00e9. \u00ab\u00a0<em>Il rend hommage aux femmes, dans une d\u00e9marche \u00e9mancipatrice\u00a0<\/em>\u00bb explique Caroline, la responsable de la m\u00e9diath\u00e8que. <\/span><\/p>\n<p><span style=\"font-size: large;\"><a href=\"https:\/\/www.brenne-au-coeur.com\/wp-content\/uploads\/2025\/06\/issaka-derme-1-rotated.jpg\" rel=\"lightbox[6757]\"><img loading=\"lazy\" decoding=\"async\" class=\"alignleft wp-image-6760\" src=\"https:\/\/www.brenne-au-coeur.com\/wp-content\/uploads\/2025\/06\/issaka-derme-1-225x300.jpg\" alt=\"\" width=\"174\" height=\"232\" srcset=\"https:\/\/www.brenne-au-coeur.com\/wp-content\/uploads\/2025\/06\/issaka-derme-1-225x300.jpg 225w, https:\/\/www.brenne-au-coeur.com\/wp-content\/uploads\/2025\/06\/issaka-derme-1-112x150.jpg 112w, https:\/\/www.brenne-au-coeur.com\/wp-content\/uploads\/2025\/06\/issaka-derme-1-rotated.jpg 302w\" sizes=\"auto, (max-width: 174px) 100vw, 174px\" \/><\/a>Preuve en est, une posture maintes fois reprise\u00a0: une femme plong\u00e9e dans la lecture d\u2019un livre. Symbole absolu de l\u2019ouverture \u00e0 la connaissance et au monde.<\/span><\/p>\n<p><span style=\"font-size: large;\">Il est peu d\u2019affirmer que ces pi\u00e8ces sont admirables, La puret\u00e9 des traits, la beaut\u00e9 des couleurs r\u00e9v\u00e8lent un savoir faire de premier ordre. Il para\u00eet \u00e9vident que tout ceci n\u00e9cessite une ma\u00eetrise de cet art.<\/span><\/p>\n<p><span style=\"font-size: large;\">Pour en avoir une id\u00e9e plus pr\u00e9cise, l\u2019exposition pr\u00e9sent\u00e9e \u00e0 la m\u00e9diath\u00e8que s\u2019accompagne d\u2019un stage de bronze, en pr\u00e9sence d\u2019Issaka Derm\u00e9. Il se d\u00e9roulera <\/span><span style=\"font-size: large;\">du 26 au 29 juin. <\/span><\/p>\n<p><span style=\"font-size: large;\">L\u2019atelier consiste \u00e0 parcourir toutes les \u00e9tapes d\u2019une cr\u00e9ation\u00a0: Fa\u00e7onnage d\u2019une ou deux pi\u00e8ces en cire d\u2019abeille, fabrication des moules, construction d\u2019un four \u00e9ph\u00e9m\u00e8re, r\u00e9cup\u00e9ration de la cire, pr\u00e9paration du bronze, coul\u00e9e, d\u00e9couverte des \u0153uvres d\u2019art, finitions ( pon\u00e7age et patine).<\/span><\/p>\n<p><span style=\"font-size: large;\">Philippe Paineau est en mesure de fournir tous les renseignements sur les conditions pratiques du stage. Il pr\u00e9side l\u2019association \u00ab\u00a0Les Amis <a href=\"https:\/\/www.brenne-au-coeur.com\/wp-content\/uploads\/2025\/06\/issaka-derme-2-rotated.jpg\" rel=\"lightbox[6757]\"><img loading=\"lazy\" decoding=\"async\" class=\"alignright wp-image-6759\" src=\"https:\/\/www.brenne-au-coeur.com\/wp-content\/uploads\/2025\/06\/issaka-derme-2-225x300.jpg\" alt=\"\" width=\"183\" height=\"244\" srcset=\"https:\/\/www.brenne-au-coeur.com\/wp-content\/uploads\/2025\/06\/issaka-derme-2-225x300.jpg 225w, https:\/\/www.brenne-au-coeur.com\/wp-content\/uploads\/2025\/06\/issaka-derme-2-112x150.jpg 112w, https:\/\/www.brenne-au-coeur.com\/wp-content\/uploads\/2025\/06\/issaka-derme-2-rotated.jpg 302w\" sizes=\"auto, (max-width: 183px) 100vw, 183px\" \/><\/a>de Kindi\u00a0\u00bb qui organise ce stage. Cr\u00e9\u00e9e en 2001, elle poursuit l\u2019action men\u00e9e depuis 1993 par le partenariat Nord-Sud entre le coll\u00e8ge Camille Gu\u00e9rin de Voulneuil-sur-Vienne et le CEG de Kindi devenu Lyc\u00e9e d\u00e9partemental en 2005. Son action a permis la construction de classes, d\u2019une biblioth\u00e8que, l\u2019\u00e9lectrification du lyc\u00e9e etc.<\/span><\/p>\n<p><span style=\"font-size: large;\">Aujourd\u2019hui, dans un cadre d\u2019\u00e9changes culturels, bronzier,s peintres, teinturiers exposent leurs cr\u00e9ations, animant en France des stages pour adultes et enfants, et aident au d\u00e9veloppement des projets. <\/span><\/p>\n<p><span style=\"font-size: large;\">Et s\u2019il existe un projet pour s\u2019\u00e9merveiller, \u00e0 r\u00e9aliser sans difficult\u00e9, c\u2019est bien celui de se rendre \u00e0 la m\u00e9diath\u00e8que d\u2019Azay-le-Ferron, pour profiter de cette tr\u00e8s belle exposition. <\/span><\/p>\n<p><span style=\"font-size: large;\">Contacts\u00a0:<\/span><\/p>\n<p><span style=\"font-size: large;\">Martine Maulny, 05 49 00 09 97, 0677 55 95 24, <a href=\"mailto:martine.maulny@sfr.fr\">martine.maulny@sfr.fr<\/a><\/span><\/p>\n<p><span style=\"font-size: large;\">Brigitte Eraud, 06 79 43 08 25, <a href=\"mailto:brigitte.eraud@icloud.com\">brigitte.eraud@icloud.com<\/a><\/span><\/p>\n<p><span style=\"font-size: large;\">Philippe Paineau, 06 28 53 02 49, <a href=\"mailto:phelippe.paineau@sfr.fr\">phelippe.paineau@sfr.fr<\/a><\/span><\/p>\n<p><span style=\"font-size: large;\"><a href=\"mailto:lesamisdekindi@gmail.com\">lesamisdekindi@gmail.com<\/a> <\/span><\/p>\n","protected":false},"excerpt":{"rendered":"<p>Jusqu\u2019au 2 juillet, la m\u00e9diath\u00e8que d\u2019Azay-le-Ferron accueille deux expositions. Les peintures de Gnamb\u00e9 Bazi\u00e9 et les statuettes d\u2019Issaka Derm\u00e9. Gr\u00e2ce \u00e0 leurs \u0153uvres, ces deux artistes burkinab\u00e9s offrent aux visiteurs un voyage vers leur lointain pays. D\u00e8s le premier coup d\u2019\u0153il, l\u2019immersion est instantan\u00e9e. Une partie des peintures de Gnamb\u00e9 Bazi\u00e9 brillent par leur r\u00e9alisme.&hellip;&nbsp;<a href=\"https:\/\/www.brenne-au-coeur.com\/index.php\/2025\/06\/14\/magnifique-afrique\/communes\/azay-le-ferron-communes\/6757\/\" rel=\"bookmark\">Lire la suite&nbsp;&raquo;<span class=\"screen-reader-text\">Magnifique Afrique<\/span><\/a><\/p>\n","protected":false},"author":1,"featured_media":6758,"comment_status":"open","ping_status":"open","sticky":false,"template":"","format":"standard","meta":{"rop_custom_images_group":[],"rop_custom_messages_group":[],"rop_publish_now":"initial","rop_publish_now_accounts":[],"rop_publish_now_history":[],"rop_publish_now_status":"pending","_monsterinsights_skip_tracking":false,"_monsterinsights_sitenote_active":false,"_monsterinsights_sitenote_note":"","_monsterinsights_sitenote_category":0,"neve_meta_sidebar":"","neve_meta_container":"","neve_meta_enable_content_width":"off","neve_meta_content_width":70,"neve_meta_title_alignment":"","neve_meta_author_avatar":"","neve_post_elements_order":"","neve_meta_disable_header":"","neve_meta_disable_footer":"","neve_meta_disable_title":"","_jetpack_memberships_contains_paid_content":false,"footnotes":"","jetpack_publicize_message":"","jetpack_publicize_feature_enabled":true,"jetpack_social_post_already_shared":true,"jetpack_social_options":{"image_generator_settings":{"template":"highway","default_image_id":0,"font":"","enabled":false},"version":2}},"categories":[10,59],"tags":[31,52,46,53],"class_list":["post-6757","post","type-post","status-publish","format-standard","has-post-thumbnail","hentry","category-azay-le-ferron-communes","category-mediatheque","tag-associations","tag-exposition","tag-peinture","tag-sculpture"],"aioseo_notices":[],"jetpack_publicize_connections":[],"jetpack_featured_media_url":"https:\/\/www.brenne-au-coeur.com\/wp-content\/uploads\/2025\/06\/gnambe-bazie-3.jpg","jetpack-related-posts":[],"jetpack_sharing_enabled":true,"_links":{"self":[{"href":"https:\/\/www.brenne-au-coeur.com\/index.php\/wp-json\/wp\/v2\/posts\/6757","targetHints":{"allow":["GET"]}}],"collection":[{"href":"https:\/\/www.brenne-au-coeur.com\/index.php\/wp-json\/wp\/v2\/posts"}],"about":[{"href":"https:\/\/www.brenne-au-coeur.com\/index.php\/wp-json\/wp\/v2\/types\/post"}],"author":[{"embeddable":true,"href":"https:\/\/www.brenne-au-coeur.com\/index.php\/wp-json\/wp\/v2\/users\/1"}],"replies":[{"embeddable":true,"href":"https:\/\/www.brenne-au-coeur.com\/index.php\/wp-json\/wp\/v2\/comments?post=6757"}],"version-history":[{"count":1,"href":"https:\/\/www.brenne-au-coeur.com\/index.php\/wp-json\/wp\/v2\/posts\/6757\/revisions"}],"predecessor-version":[{"id":6763,"href":"https:\/\/www.brenne-au-coeur.com\/index.php\/wp-json\/wp\/v2\/posts\/6757\/revisions\/6763"}],"wp:featuredmedia":[{"embeddable":true,"href":"https:\/\/www.brenne-au-coeur.com\/index.php\/wp-json\/wp\/v2\/media\/6758"}],"wp:attachment":[{"href":"https:\/\/www.brenne-au-coeur.com\/index.php\/wp-json\/wp\/v2\/media?parent=6757"}],"wp:term":[{"taxonomy":"category","embeddable":true,"href":"https:\/\/www.brenne-au-coeur.com\/index.php\/wp-json\/wp\/v2\/categories?post=6757"},{"taxonomy":"post_tag","embeddable":true,"href":"https:\/\/www.brenne-au-coeur.com\/index.php\/wp-json\/wp\/v2\/tags?post=6757"}],"curies":[{"name":"wp","href":"https:\/\/api.w.org\/{rel}","templated":true}]}}