{"id":6742,"date":"2025-06-16T15:10:55","date_gmt":"2025-06-16T13:10:55","guid":{"rendered":"https:\/\/www.brenne-au-coeur.com\/?p=6742"},"modified":"2025-06-16T15:17:20","modified_gmt":"2025-06-16T13:17:20","slug":"parcours-dun-maitre-pastelliste","status":"publish","type":"post","link":"https:\/\/www.brenne-au-coeur.com\/index.php\/2025\/06\/16\/parcours-dun-maitre-pastelliste\/communes\/mezieres-en-brenne\/6742\/","title":{"rendered":"Parcours d\u2019un ma\u00eetre pastelliste"},"content":{"rendered":"<p><span style=\"font-size: large;\">Jusqu\u2019au 26 juin, Le Moulin expose des \u0153uvres de<a href=\"https:\/\/flanet-pastel.fr\/\"> Lionel Asselineau-Flanet<\/a>, ma\u00eetre pastelliste. <\/span><\/p>\n<p><span style=\"font-size: large;\"><a href=\"https:\/\/www.brenne-au-coeur.com\/wp-content\/uploads\/2025\/06\/asselineau-2-rotated.jpg\" rel=\"lightbox[6742]\"><img loading=\"lazy\" decoding=\"async\" class=\"alignleft wp-image-6745 \" src=\"https:\/\/www.brenne-au-coeur.com\/wp-content\/uploads\/2025\/06\/asselineau-2-225x300.jpg\" alt=\"\" width=\"185\" height=\"247\" srcset=\"https:\/\/www.brenne-au-coeur.com\/wp-content\/uploads\/2025\/06\/asselineau-2-225x300.jpg 225w, https:\/\/www.brenne-au-coeur.com\/wp-content\/uploads\/2025\/06\/asselineau-2-112x150.jpg 112w, https:\/\/www.brenne-au-coeur.com\/wp-content\/uploads\/2025\/06\/asselineau-2-rotated.jpg 302w\" sizes=\"auto, (max-width: 185px) 100vw, 185px\" \/><\/a>La succession des tableaux de Lionel, c\u2019est comme une vague de couleurs, un mouvement, un va-et-vient renouvel\u00e9, mais jamais semblable. Le visiteur passera ou s\u2019arr\u00eatera, attir\u00e9 par une oscillation qu\u2019il interpr\u00e9tera, ou pas, simplement charm\u00e9, par une association de tons, sensible \u00e0 l\u2019\u00e9motion que provoque telle ou telle \u0153uvre. L\u2019artiste le confie \u00ab\u00a0<i>Je n\u2019ai pas d\u2019id\u00e9es pr\u00e9cises lorsque je commence un tableau. Je me laisse porter par un geste, une intuition<\/i>\u00a0\u00bb. Il en r\u00e9sulte une explosion de couleurs qui se livre, comme un spectacle. Une mise en sc\u00e8ne qui accompagne chaque pas du visiteur, le long des murs de la salle. <\/span><\/p>\n<p><span style=\"font-size: large;\">Et puis, surprise\u00a0! Sc\u00e8ne de vie en pleine nature\u00a0! Une \u00e9chasse blanche sur un plan d\u2019eau. Cette \u00ab\u00a0<i>symphonie du marais<\/i>\u00a0\u00bb de facture classique, est d\u2019une telle rupture avec le style des pastels pr\u00e9c\u00e9dents que l\u2019on s\u2019interroge si elle a \u00e9t\u00e9 cr\u00e9\u00e9e par le m\u00eame peintre. Et pourtant ce pastel particuli\u00e8rement r\u00e9aliste est bien de Lionel Asselineau-Flanet. Tout comme ce \u00ab\u00a0<i>Suzhou, souvenir de Chine<\/i>\u00a0\u00bb \u00e0 deux pas de l\u2019\u00e9chasse. Cette fid\u00e8le reproduction d\u2019une plaque sculpt\u00e9e sur les marches d\u2019un escalier est pr\u00e9sent\u00e9e par son auteur comme l\u2019ultime \u0153uvre d\u2019une p\u00e9riode achev\u00e9e. Une sorte de passage de t\u00e9moin entre deux visions d\u2019un m\u00eame art. L\u2019envie de peindre des oiseaux ayant d\u00e9finitivement quitt\u00e9 l\u2019esprit de Lionel, celui-ci apr\u00e8s une phase improductive, se lance dans une expression r\u00e9pondant \u00e0 une soif de libert\u00e9.<\/span><\/p>\n<figure id=\"attachment_6746\" aria-describedby=\"caption-attachment-6746\" style=\"width: 300px\" class=\"wp-caption alignright\"><a href=\"https:\/\/www.brenne-au-coeur.com\/wp-content\/uploads\/2025\/06\/asselimeau-1.jpg\" rel=\"lightbox[6742]\"><img loading=\"lazy\" decoding=\"async\" class=\"wp-image-6746 size-medium\" src=\"https:\/\/www.brenne-au-coeur.com\/wp-content\/uploads\/2025\/06\/asselimeau-1-300x225.jpg\" alt=\"\" width=\"300\" height=\"225\" srcset=\"https:\/\/www.brenne-au-coeur.com\/wp-content\/uploads\/2025\/06\/asselimeau-1-300x225.jpg 300w, https:\/\/www.brenne-au-coeur.com\/wp-content\/uploads\/2025\/06\/asselimeau-1-150x112.jpg 150w, https:\/\/www.brenne-au-coeur.com\/wp-content\/uploads\/2025\/06\/asselimeau-1.jpg 403w\" sizes=\"auto, (max-width: 300px) 100vw, 300px\" \/><\/a><figcaption id=\"caption-attachment-6746\" class=\"wp-caption-text\">Suzhou, souvenir de Chine<\/figcaption><\/figure>\n<p><span style=\"font-size: large;\">Le pastelliste vogue d\u00e8s lors vers de nouveaux horizons. Fid\u00e8le \u00e0 une vie d\u00e9j\u00e0 marqu\u00e9e par des activit\u00e9s tr\u00e8s vari\u00e9es. <\/span><\/p>\n<p><span style=\"font-size: large;\">En 1989, il d\u00e9croche un dipl\u00f4me de sertisseur \u00e0 l\u2019\u00c9cole B.J.O de Paris (Bijouterie, Joaillerie et Orf\u00e8vrerie). Durant 10 ans, il \u0153uvre pour les plus grands joailliers de la place Vend\u00f4me\u00a0: Van Cleef &amp; Arpels, Cartier, Chanel et Tiffany.<\/span><\/p>\n<p><span style=\"font-size: large;\">En 2001, il d\u00e9cide de quitter Paris pour vivre en Creuse et devenir artiste peintre professionnel. Il se consacre \u00e0 l\u2019observation des oiseaux et au pastel, cette mati\u00e8re qu\u2019il aime par-dessus tout, car tr\u00e8s tactile comme son ancien m\u00e9tier. <\/span><\/p>\n<p><span style=\"font-size: large;\">Pendant 15 ans, il peint des oiseaux. <\/span><\/p>\n<p><span style=\"color: #000000;\"><span style=\"font-family: Liberation Serif, serif;\"><span style=\"font-size: large;\">\u00c0 partir d\u2019octobre 2001, ses tableaux sont s\u00e9lectionn\u00e9s par la Soci\u00e9t\u00e9 des Pastellistes de France. En juillet 2007, elle d\u00e9cide de lui d\u00e9cerner le titre de ma\u00eetre Pastelliste.<\/span><\/span><\/span><\/p>\n<p><span style=\"font-size: large;\">Travail reconnu \u00e9galement en 2017. Il est cit\u00e9 et illustr\u00e9 dans le catalogue de l\u2019exposition \u00ab\u00a0Jean-Jacques Audubon\u00a0\u00bb, dessins de jeunesse au Mus\u00e9um de La Rochelle.<\/span><\/p>\n<p><span style=\"font-size: large;\"><a href=\"https:\/\/www.brenne-au-coeur.com\/wp-content\/uploads\/2025\/06\/asselineau-4.jpg\" rel=\"lightbox[6742]\"><img loading=\"lazy\" decoding=\"async\" class=\"alignleft wp-image-6743\" src=\"https:\/\/www.brenne-au-coeur.com\/wp-content\/uploads\/2025\/06\/asselineau-4-300x225.jpg\" alt=\"\" width=\"255\" height=\"191\" srcset=\"https:\/\/www.brenne-au-coeur.com\/wp-content\/uploads\/2025\/06\/asselineau-4-300x225.jpg 300w, https:\/\/www.brenne-au-coeur.com\/wp-content\/uploads\/2025\/06\/asselineau-4-150x112.jpg 150w, https:\/\/www.brenne-au-coeur.com\/wp-content\/uploads\/2025\/06\/asselineau-4.jpg 403w\" sizes=\"auto, (max-width: 255px) 100vw, 255px\" \/><\/a>En 2016, il d\u00e9cide d\u2019arr\u00eater de peindre des oiseaux. \u00ab\u00a0<i>Ma d\u00e9marche actuelle dans ma peinture s\u2019explique par un l\u00e2cher prise, comme se jeter dans le vide. Mettre mon exp\u00e9rience \u00e0 la fois technique et artistique au service du geste spontan\u00e9. La couleur reprend sa place en tant que cr\u00e9atrice d\u2019univers. Elle n\u2019est plus celle qui est au service du dessin.<\/i>\u00a0\u00bb<\/span><\/p>\n<p><span style=\"font-size: large;\">Il n\u2019est pas excessif d\u2019affirmer, en tous cas, que les couleurs des pastels de Lionel sont au service de l\u2019\u00e9vasion et du bien-\u00eatre. Bien longtemps apr\u00e8s avoir quitt\u00e9 la salle d\u2019exposition, elles habitent encore nos m\u00e9moires, pour notre plus grand bonheur. <\/span><\/p>\n","protected":false},"excerpt":{"rendered":"<p>Jusqu\u2019au 26 juin, Le Moulin expose des \u0153uvres de Lionel Asselineau-Flanet, ma\u00eetre pastelliste. La succession des tableaux de Lionel, c\u2019est comme une vague de couleurs, un mouvement, un va-et-vient renouvel\u00e9, mais jamais semblable. Le visiteur passera ou s\u2019arr\u00eatera, attir\u00e9 par une oscillation qu\u2019il interpr\u00e9tera, ou pas, simplement charm\u00e9, par une association de tons, sensible \u00e0&hellip;&nbsp;<a href=\"https:\/\/www.brenne-au-coeur.com\/index.php\/2025\/06\/16\/parcours-dun-maitre-pastelliste\/communes\/mezieres-en-brenne\/6742\/\" rel=\"bookmark\">Lire la suite&nbsp;&raquo;<span class=\"screen-reader-text\">Parcours d\u2019un ma\u00eetre pastelliste<\/span><\/a><\/p>\n","protected":false},"author":1,"featured_media":6744,"comment_status":"open","ping_status":"open","sticky":false,"template":"","format":"standard","meta":{"rop_custom_images_group":[],"rop_custom_messages_group":[],"rop_publish_now":"initial","rop_publish_now_accounts":[],"rop_publish_now_history":[],"rop_publish_now_status":"pending","_monsterinsights_skip_tracking":false,"_monsterinsights_sitenote_active":false,"_monsterinsights_sitenote_note":"","_monsterinsights_sitenote_category":0,"neve_meta_sidebar":"","neve_meta_container":"","neve_meta_enable_content_width":"off","neve_meta_content_width":70,"neve_meta_title_alignment":"","neve_meta_author_avatar":"","neve_post_elements_order":"","neve_meta_disable_header":"","neve_meta_disable_footer":"","neve_meta_disable_title":"","_jetpack_memberships_contains_paid_content":false,"footnotes":"","jetpack_publicize_message":"","jetpack_publicize_feature_enabled":true,"jetpack_social_post_already_shared":true,"jetpack_social_options":{"image_generator_settings":{"template":"highway","default_image_id":0,"font":"","enabled":false},"version":2}},"categories":[193,12,54],"tags":[52,46],"class_list":["post-6742","post","type-post","status-publish","format-standard","has-post-thumbnail","hentry","category-2-dernier-article-paru","category-mezieres-en-brenne","category-moulin","tag-exposition","tag-peinture"],"aioseo_notices":[],"jetpack_publicize_connections":[],"jetpack_featured_media_url":"https:\/\/www.brenne-au-coeur.com\/wp-content\/uploads\/2025\/06\/asselineau-3.jpeg","jetpack-related-posts":[],"jetpack_sharing_enabled":true,"_links":{"self":[{"href":"https:\/\/www.brenne-au-coeur.com\/index.php\/wp-json\/wp\/v2\/posts\/6742","targetHints":{"allow":["GET"]}}],"collection":[{"href":"https:\/\/www.brenne-au-coeur.com\/index.php\/wp-json\/wp\/v2\/posts"}],"about":[{"href":"https:\/\/www.brenne-au-coeur.com\/index.php\/wp-json\/wp\/v2\/types\/post"}],"author":[{"embeddable":true,"href":"https:\/\/www.brenne-au-coeur.com\/index.php\/wp-json\/wp\/v2\/users\/1"}],"replies":[{"embeddable":true,"href":"https:\/\/www.brenne-au-coeur.com\/index.php\/wp-json\/wp\/v2\/comments?post=6742"}],"version-history":[{"count":1,"href":"https:\/\/www.brenne-au-coeur.com\/index.php\/wp-json\/wp\/v2\/posts\/6742\/revisions"}],"predecessor-version":[{"id":6747,"href":"https:\/\/www.brenne-au-coeur.com\/index.php\/wp-json\/wp\/v2\/posts\/6742\/revisions\/6747"}],"wp:featuredmedia":[{"embeddable":true,"href":"https:\/\/www.brenne-au-coeur.com\/index.php\/wp-json\/wp\/v2\/media\/6744"}],"wp:attachment":[{"href":"https:\/\/www.brenne-au-coeur.com\/index.php\/wp-json\/wp\/v2\/media?parent=6742"}],"wp:term":[{"taxonomy":"category","embeddable":true,"href":"https:\/\/www.brenne-au-coeur.com\/index.php\/wp-json\/wp\/v2\/categories?post=6742"},{"taxonomy":"post_tag","embeddable":true,"href":"https:\/\/www.brenne-au-coeur.com\/index.php\/wp-json\/wp\/v2\/tags?post=6742"}],"curies":[{"name":"wp","href":"https:\/\/api.w.org\/{rel}","templated":true}]}}