{"id":6740,"date":"2025-06-05T14:12:50","date_gmt":"2025-06-05T12:12:50","guid":{"rendered":"https:\/\/www.brenne-au-coeur.com\/?p=6740"},"modified":"2025-06-05T14:12:50","modified_gmt":"2025-06-05T12:12:50","slug":"les-petites-escapades-de-charles","status":"publish","type":"post","link":"https:\/\/www.brenne-au-coeur.com\/index.php\/2025\/06\/05\/les-petites-escapades-de-charles\/breves\/6740\/","title":{"rendered":"Les petites escapades de Charles"},"content":{"rendered":"<p><span style=\"font-size: large;\">La Brenne les sens en \u00e9veil, vendredi 27 juin 2025 <\/span><span style=\"font-size: large;\">de 10h15 \u00e0 15h15. Rendez-vous&nbsp;: Parking de l&rsquo;\u00e9tang Mass\u00e9 Le Blizon \u00e0 Rosnay<\/span><\/p>\n<p><span style=\"font-size: large;\">Animateur&nbsp;: Charles Guilloteau. Organisateur&nbsp;: PNR Brenne et Charles Guilloteau.<\/span><\/p>\n<p><span style=\"font-size: large;\">Charles Guilloteau, jeune retrait\u00e9, vous emm\u00e8ne \u00e0 la d\u00e9couverte de Sa Brenne. celle des chemins et sentiers, celles des monuments grands et petits du terroir. En suivant les pas de notre guide, nous d\u00e9couvrirons des paysages typiques et authentiques, une Brenne aux multiples facettes.<\/span><\/p>\n<p><span style=\"font-size: large;\">R\u00e9servation obligatoire. Mini 5 pers. &#8211; maxi 15 pers. Pr\u00e9voir des chaussures adapt\u00e9es, des bottes si le terrain est humide. Porter des v\u00eatements aux couleurs neutres adapt\u00e9s \u00e0 la m\u00e9t\u00e9o&nbsp;; pantalon, prendre chapeau et eau. Parcours sans difficult\u00e9 d&rsquo;environ 8 km sous la responsabilit\u00e9s des participants. L&rsquo;animation peut \u00eatre annul\u00e9e en cas de mauvais temps. Pr\u00e9voir des jumelles si vous en avez.arifs<\/span><\/p>\n<p><span style=\"font-size: large;\">Adulte plein tarif repas compris&nbsp;: 30 \u20ac Tarif enfant d\u00e8s 12 ans, repas compris&nbsp;: 17 \u20ac<\/span><\/p>\n<p><span style=\"font-size: large;\">Renseignements \/ R\u00e9servation\u00a0: 02 54 28 12 13 (Maison du Parc) 02 54 28 11 00 (Maison de la Nature et de la R\u00e9serve) 02 54 28 20 28 (Office de Tourisme Destination Brenne) <a href=\"mailto:tourisme@parc-naturel-brenne.fr\">tourisme@parc-naturel-brenne.fr<\/a> www.parc-naturel-brenne.fr\/visitez\/decouvertes-accompagnees\/rencontre<\/span><\/p>\n<p>&nbsp;<\/p>\n","protected":false},"excerpt":{"rendered":"<p>La Brenne les sens en \u00e9veil, vendredi 27 juin 2025 de 10h15 \u00e0 15h15. Rendez-vous&nbsp;: Parking de l&rsquo;\u00e9tang Mass\u00e9 Le Blizon \u00e0 Rosnay Animateur&nbsp;: Charles Guilloteau. Organisateur&nbsp;: PNR Brenne et Charles Guilloteau. Charles Guilloteau, jeune retrait\u00e9, vous emm\u00e8ne \u00e0 la d\u00e9couverte de Sa Brenne. celle des chemins et sentiers, celles des monuments grands et petits&hellip;&nbsp;<a href=\"https:\/\/www.brenne-au-coeur.com\/index.php\/2025\/06\/05\/les-petites-escapades-de-charles\/breves\/6740\/\" rel=\"bookmark\">Lire la suite&nbsp;&raquo;<span class=\"screen-reader-text\">Les petites escapades de Charles<\/span><\/a><\/p>\n","protected":false},"author":1,"featured_media":0,"comment_status":"open","ping_status":"open","sticky":false,"template":"","format":"standard","meta":{"rop_custom_images_group":[],"rop_custom_messages_group":[],"rop_publish_now":"initial","rop_publish_now_accounts":[],"rop_publish_now_history":[],"rop_publish_now_status":"pending","_monsterinsights_skip_tracking":false,"_monsterinsights_sitenote_active":false,"_monsterinsights_sitenote_note":"","_monsterinsights_sitenote_category":0,"neve_meta_sidebar":"","neve_meta_container":"","neve_meta_enable_content_width":"off","neve_meta_content_width":70,"neve_meta_title_alignment":"","neve_meta_author_avatar":"","neve_post_elements_order":"","neve_meta_disable_header":"","neve_meta_disable_footer":"","neve_meta_disable_title":"","_jetpack_memberships_contains_paid_content":false,"footnotes":"","jetpack_publicize_message":"","jetpack_publicize_feature_enabled":true,"jetpack_social_post_already_shared":true,"jetpack_social_options":{"image_generator_settings":{"template":"highway","default_image_id":0,"font":"","enabled":false},"version":2}},"categories":[124],"tags":[],"class_list":["post-6740","post","type-post","status-publish","format-standard","hentry","category-breves"],"aioseo_notices":[],"jetpack_publicize_connections":[],"jetpack_featured_media_url":"","jetpack-related-posts":[],"jetpack_sharing_enabled":true,"_links":{"self":[{"href":"https:\/\/www.brenne-au-coeur.com\/index.php\/wp-json\/wp\/v2\/posts\/6740","targetHints":{"allow":["GET"]}}],"collection":[{"href":"https:\/\/www.brenne-au-coeur.com\/index.php\/wp-json\/wp\/v2\/posts"}],"about":[{"href":"https:\/\/www.brenne-au-coeur.com\/index.php\/wp-json\/wp\/v2\/types\/post"}],"author":[{"embeddable":true,"href":"https:\/\/www.brenne-au-coeur.com\/index.php\/wp-json\/wp\/v2\/users\/1"}],"replies":[{"embeddable":true,"href":"https:\/\/www.brenne-au-coeur.com\/index.php\/wp-json\/wp\/v2\/comments?post=6740"}],"version-history":[{"count":1,"href":"https:\/\/www.brenne-au-coeur.com\/index.php\/wp-json\/wp\/v2\/posts\/6740\/revisions"}],"predecessor-version":[{"id":6741,"href":"https:\/\/www.brenne-au-coeur.com\/index.php\/wp-json\/wp\/v2\/posts\/6740\/revisions\/6741"}],"wp:attachment":[{"href":"https:\/\/www.brenne-au-coeur.com\/index.php\/wp-json\/wp\/v2\/media?parent=6740"}],"wp:term":[{"taxonomy":"category","embeddable":true,"href":"https:\/\/www.brenne-au-coeur.com\/index.php\/wp-json\/wp\/v2\/categories?post=6740"},{"taxonomy":"post_tag","embeddable":true,"href":"https:\/\/www.brenne-au-coeur.com\/index.php\/wp-json\/wp\/v2\/tags?post=6740"}],"curies":[{"name":"wp","href":"https:\/\/api.w.org\/{rel}","templated":true}]}}