{"id":6729,"date":"2025-05-31T15:54:37","date_gmt":"2025-05-31T13:54:37","guid":{"rendered":"https:\/\/www.brenne-au-coeur.com\/?p=6729"},"modified":"2025-05-31T15:54:37","modified_gmt":"2025-05-31T13:54:37","slug":"acm-faire-vivre-lhistoire","status":"publish","type":"post","link":"https:\/\/www.brenne-au-coeur.com\/index.php\/2025\/05\/31\/acm-faire-vivre-lhistoire\/communes\/mezieres-en-brenne\/6729\/","title":{"rendered":"ACM\u00a0:  Faire vivre l\u2019Histoire"},"content":{"rendered":"<p><span style=\"font-size: large;\">L\u2019Association Culturelle Mac\u00e9rienne (ACM) a tenu derni\u00e8rement son assembl\u00e9e g\u00e9n\u00e9rale annuelle. L\u2019occasion de faire le point sur ses activit\u00e9s, avec sa pr\u00e9sidente Chantal Kroliczak.<\/span><\/p>\n<p><em><span style=\"font-size: large;\">Quel bilan peut-on tirer de l\u2019ann\u00e9e 2024 et des premiers mois de 2025\u00a0?<\/span><\/em><\/p>\n<p><span style=\"font-size: large;\">On peut consid\u00e9rer que cette ann\u00e9e est marqu\u00e9e par la coexistence de r\u00e9alisations engag\u00e9es les ann\u00e9es pr\u00e9c\u00e9dentes, et de nouveaut\u00e9s. Ainsi le recueil d\u2019articles \u00ab&nbsp;Histoires et R\u00e9sistance en c\u0153ur de Brenne&nbsp;\u00bb, mis en vente l&rsquo;an pass\u00e9, est une continuation de la publication des \u00e9crits, h\u00e9berg\u00e9s depuis plusieurs ann\u00e9es d\u00e9j\u00e0, sur ton blog \u00ab&nbsp;brenne-au-c\u0153ur.com&nbsp;\u00bb. Pour la troisi\u00e8me fois, des textes ont \u00e9t\u00e9 publi\u00e9s dans deux revues&nbsp;: <i>L\u2019Indre et son pass\u00e9\u00a0 <\/i>\u00e9dit\u00e9e par le GHAB (Groupement d\u2019Histoire et d\u2019Arch\u00e9ologie de Buzan\u00e7ais) et \u00a0<i>Au fil du temps\u00a0<\/i>de l&rsquo;association des Amis du Blanc et de sa r\u00e9gion\u00a0.<\/span><\/p>\n<figure id=\"attachment_6730\" aria-describedby=\"caption-attachment-6730\" style=\"width: 300px\" class=\"wp-caption alignleft\"><a href=\"https:\/\/www.brenne-au-coeur.com\/wp-content\/uploads\/2025\/05\/unnamed-4.resized.jpg\" rel=\"lightbox[6729]\"><img loading=\"lazy\" decoding=\"async\" class=\"wp-image-6730 size-medium\" src=\"https:\/\/www.brenne-au-coeur.com\/wp-content\/uploads\/2025\/05\/unnamed-4.resized-300x202.jpg\" alt=\"\" width=\"300\" height=\"202\" srcset=\"https:\/\/www.brenne-au-coeur.com\/wp-content\/uploads\/2025\/05\/unnamed-4.resized-300x202.jpg 300w, https:\/\/www.brenne-au-coeur.com\/wp-content\/uploads\/2025\/05\/unnamed-4.resized-1024x691.jpg 1024w, https:\/\/www.brenne-au-coeur.com\/wp-content\/uploads\/2025\/05\/unnamed-4.resized-150x101.jpg 150w, https:\/\/www.brenne-au-coeur.com\/wp-content\/uploads\/2025\/05\/unnamed-4.resized-768x518.jpg 768w, https:\/\/www.brenne-au-coeur.com\/wp-content\/uploads\/2025\/05\/unnamed-4.resized-272x182.jpg 272w, https:\/\/www.brenne-au-coeur.com\/wp-content\/uploads\/2025\/05\/unnamed-4.resized.jpg 1390w\" sizes=\"auto, (max-width: 300px) 100vw, 300px\" \/><\/a><figcaption id=\"caption-attachment-6730\" class=\"wp-caption-text\">Chantal Kroliczak lors de la conf\u00e9rence du 3 avril \u00e0 Paris<\/figcaption><\/figure>\n<p><span style=\"font-size: large;\">Par ailleurs, nous poursuivons les conf\u00e9rences sur l&rsquo;histoire locale. Deux ont \u00e9t\u00e9 donn\u00e9es en ce d\u00e9but d\u2019ann\u00e9e 2025. Le 30 mars \u00e0 Cuzion. Le sujet\u00a0 \u00e9tait \u00ab\u00a0Le communard Alfred Huet\u00a0\u00bb et le 3 avril, dans le 8\u00e8me arrondissement de Paris. Le th\u00e8me\u00a0: \u00ab\u00a0Joachim Murat, un prince en Brenne\u00a0\u00bb,.<\/span><\/p>\n<p><span style=\"font-size: large;\">C\u00f4t\u00e9 nouveaut\u00e9s, une page Facebook a \u00e9t\u00e9 cr\u00e9\u00e9e. Et, en collaboration avec l\u2019association Les Amis du Blanc et de sa r\u00e9gion\u00a0, une \u00e9mission de radio a \u00e9t\u00e9 mise sur pied. Radio Dynamo diffuse en direct \u00ab\u00a0Dans le r\u00e9tro\u00a0\u00bb, le troisi\u00e8me mercredi du mois \u00e0 11h. Cette chronique est disponible en podcast sur le site internet de la radio\u00a0: <a href=\"https:\/\/radiodynamo.org\/dans-le-retro\/\">https:\/\/radiodynamo.org\/dans-le-retro\/<\/a>. R\u00e9cemment, nous avons \u00e9voqu\u00e9, en musique, les bals clandestins dans la Brenne pendant la Seconde Guerre mondiale.<\/span><\/p>\n<p><em><span style=\"font-size: large;\">Quels sont les projets pour les mois \u00e0 venir\u00a0?<\/span><\/em><\/p>\n<p><span style=\"font-size: large;\">Nous allons poursuivre le d\u00e9veloppement des activit\u00e9s pr\u00e9c\u00e9demment \u00e9voqu\u00e9es. Au programme, de la parole et des \u00e9crits. Nous organisons donc, une conf\u00e9rence sur ces bals clandestins en Brenne, le 10 octobre, \u00e0 la m\u00e9diath\u00e8que d\u2019Azay-le-Ferron. Et nous poursuivrons notre expression orale chez les amis de Radio Dynamo, avec la collaboration de G\u00e9rard Coulon. <\/span><\/p>\n<figure id=\"attachment_6732\" aria-describedby=\"caption-attachment-6732\" style=\"width: 192px\" class=\"wp-caption alignright\"><a href=\"https:\/\/www.brenne-au-coeur.com\/wp-content\/uploads\/2025\/05\/Bal-clandestin-Mareuil-1944-\u00a9-R.PEARRON.resized.resized.jpg\" rel=\"lightbox[6729]\"><img loading=\"lazy\" decoding=\"async\" class=\"wp-image-6732 size-medium\" src=\"https:\/\/www.brenne-au-coeur.com\/wp-content\/uploads\/2025\/05\/Bal-clandestin-Mareuil-1944-\u00a9-R.PEARRON.resized.resized-192x300.jpg\" alt=\"\" width=\"192\" height=\"300\" srcset=\"https:\/\/www.brenne-au-coeur.com\/wp-content\/uploads\/2025\/05\/Bal-clandestin-Mareuil-1944-\u00a9-R.PEARRON.resized.resized-192x300.jpg 192w, https:\/\/www.brenne-au-coeur.com\/wp-content\/uploads\/2025\/05\/Bal-clandestin-Mareuil-1944-\u00a9-R.PEARRON.resized.resized-96x150.jpg 96w, https:\/\/www.brenne-au-coeur.com\/wp-content\/uploads\/2025\/05\/Bal-clandestin-Mareuil-1944-\u00a9-R.PEARRON.resized.resized.jpg 201w\" sizes=\"auto, (max-width: 192px) 100vw, 192px\" \/><\/a><figcaption id=\"caption-attachment-6732\" class=\"wp-caption-text\">Les bals clandestins en Brenne, th\u00e8me d&rsquo;une conf\u00e9rence le 10 octobre prochain \u00e0 Azay<\/figcaption><\/figure>\n<p><span style=\"font-size: large;\">Par ailleurs, un nouvel \u00e9crit est en chantier. Il s\u2019agit l\u00e0, d\u2019un travail sur la toponymie consacr\u00e9e aux rues de M\u00e9zi\u00e8res et de Subtray. Je pense que cela peut int\u00e9resser les gens de conna\u00eetre les personnages dont le nom s&rsquo;affiche sur une plaque de rue. Dans certains cas, elles r\u00e9v\u00e8lent une partie de l\u2019histoire du village. Tout ceci devrait faire l\u2019objet d\u2019un prochain livret. Selon la place disponible, un article concernant l\u2019histoire du B\u0153uf couronn\u00e9 devrait y \u00eatre adjoint. <\/span><\/p>\n<p><span style=\"font-size: large;\">Enfin, une conf\u00e9rence intitul\u00e9e \u00ab\u00a0Andronie Huet, de fils de communard \u00e0 colon en Nouvelle-Cal\u00e9donie\u00a0\u00bb est en pr\u00e9paration. La date n\u2019est pas encore fix\u00e9e. <\/span><\/p>\n<p><em><span style=\"font-size: large;\">Quel regard portes-tu sur la vie de l\u2019association\u00a0?<\/span><\/em><\/p>\n<p><span style=\"font-size: large;\">Depuis sa cr\u00e9ation, l\u2019Histoire est le c\u0153ur d\u2019une activit\u00e9 qui repose essentiellement sur mes recherches. Ce qui n\u2019emp\u00eache pas le travail collectif. Bien au contraire. Je peux citer deux exemples. <\/span><\/p>\n<p><span style=\"font-size: large;\">Tout d\u2019abord, l\u2019exposition \u00ab\u00a0Avec mon panier de courses\u2026 autrefois \u00e0 M\u00e9zi\u00e8res-en-Brenne\u00a0\u00bb, a \u00e9t\u00e9 r\u00e9alis\u00e9e gr\u00e2ce \u00e0 la participation de nombreux habitants. Ils ont apport\u00e9 t\u00e9moignages, photos et documents sans lesquels rien n\u2019aurait \u00e9t\u00e9 possible. Parmi elles, bien s\u00fbr des adh\u00e9rents de l\u2019ACM, comme Liliane Bidault ou Michel Ringon. <\/span><\/p>\n<p><span style=\"font-size: large;\">Ensuite, je pense \u00e0 la cr\u00e9ation de commentaires pr\u00e9vus pour \u00eatre associ\u00e9s aux photographies de cartes postales anciennes qui ornent les rues du bourg. Nous avions imagin\u00e9 un acc\u00e8s via un QR Code, refus\u00e9 par la municipalit\u00e9. Avril Growcott, membre de notre association et son mari Micka\u00ebl, ont m\u00eame enregistr\u00e9 en anglais les textes \u00e0 l&rsquo;attention des touristes \u00e9trangers qui sillonnent notre territoire pendant la saison estivale. <\/span><\/p>\n<p><span style=\"font-size: large;\">En ce qui concerne mon exp\u00e9rience accumul\u00e9e au fur et \u00e0 mesure des sujets trait\u00e9s, je dois reconna\u00eetre qu\u2019elle m\u2019a permis de mesurer \u00e0 quel point l\u2019Histoire est bien une mati\u00e8re vivante. Certaines \u00e9tudes engag\u00e9es bousculent des r\u00e9cits bien \u00e9tablis. J\u2019en veux pour preuve, la version retenue depuis des d\u00e9cennies, pour les comm\u00e9morations de la bataille de P\u00e9choire. Il appara\u00eet que des erreurs ont \u00e9t\u00e9 commises sur l\u2019identit\u00e9 de r\u00e9sistants morts au combat. Ces nouvelles informations cr\u00e9ent tout naturellement de l\u2019\u00e9moi, voire des r\u00e9ticences. Mais elles prouvent qu\u2019il faut toujours partir de la v\u00e9rit\u00e9 av\u00e9r\u00e9e des faits. Ce n\u2019est pas toujours facile \u00e0 admettre. Mais c\u2019est la vie. Et tout cela reste, en tout \u00e9tat de cause, bien exaltant. <\/span><\/p>\n<p><span style=\"font-size: large;\">De quoi envisager d\u2019autres recherches. Les sujets ne manquent pas pour l\u2019activit\u00e9 de l\u2019association.<\/span><\/p>\n","protected":false},"excerpt":{"rendered":"<p>L\u2019Association Culturelle Mac\u00e9rienne (ACM) a tenu derni\u00e8rement son assembl\u00e9e g\u00e9n\u00e9rale annuelle. L\u2019occasion de faire le point sur ses activit\u00e9s, avec sa pr\u00e9sidente Chantal Kroliczak. Quel bilan peut-on tirer de l\u2019ann\u00e9e 2024 et des premiers mois de 2025\u00a0? On peut consid\u00e9rer que cette ann\u00e9e est marqu\u00e9e par la coexistence de r\u00e9alisations engag\u00e9es les ann\u00e9es pr\u00e9c\u00e9dentes, et&hellip;&nbsp;<a href=\"https:\/\/www.brenne-au-coeur.com\/index.php\/2025\/05\/31\/acm-faire-vivre-lhistoire\/communes\/mezieres-en-brenne\/6729\/\" rel=\"bookmark\">Lire la suite&nbsp;&raquo;<span class=\"screen-reader-text\">ACM\u00a0:  Faire vivre l\u2019Histoire<\/span><\/a><\/p>\n","protected":false},"author":1,"featured_media":6731,"comment_status":"open","ping_status":"open","sticky":false,"template":"","format":"standard","meta":{"rop_custom_images_group":[],"rop_custom_messages_group":[],"rop_publish_now":"initial","rop_publish_now_accounts":[],"rop_publish_now_history":[],"rop_publish_now_status":"pending","_monsterinsights_skip_tracking":false,"_monsterinsights_sitenote_active":false,"_monsterinsights_sitenote_note":"","_monsterinsights_sitenote_category":0,"neve_meta_sidebar":"","neve_meta_container":"","neve_meta_enable_content_width":"off","neve_meta_content_width":70,"neve_meta_title_alignment":"","neve_meta_author_avatar":"","neve_post_elements_order":"","neve_meta_disable_header":"","neve_meta_disable_footer":"","neve_meta_disable_title":"","_jetpack_memberships_contains_paid_content":false,"footnotes":"","jetpack_publicize_message":"","jetpack_publicize_feature_enabled":true,"jetpack_social_post_already_shared":true,"jetpack_social_options":{"image_generator_settings":{"template":"highway","default_image_id":0,"font":"","enabled":false},"version":2}},"categories":[107,12],"tags":[31,49],"class_list":["post-6729","post","type-post","status-publish","format-standard","has-post-thumbnail","hentry","category-brenne","category-mezieres-en-brenne","tag-associations","tag-histoire"],"aioseo_notices":[],"jetpack_publicize_connections":[],"jetpack_featured_media_url":"https:\/\/www.brenne-au-coeur.com\/wp-content\/uploads\/2025\/05\/acm.jpg","jetpack-related-posts":[],"jetpack_sharing_enabled":true,"_links":{"self":[{"href":"https:\/\/www.brenne-au-coeur.com\/index.php\/wp-json\/wp\/v2\/posts\/6729","targetHints":{"allow":["GET"]}}],"collection":[{"href":"https:\/\/www.brenne-au-coeur.com\/index.php\/wp-json\/wp\/v2\/posts"}],"about":[{"href":"https:\/\/www.brenne-au-coeur.com\/index.php\/wp-json\/wp\/v2\/types\/post"}],"author":[{"embeddable":true,"href":"https:\/\/www.brenne-au-coeur.com\/index.php\/wp-json\/wp\/v2\/users\/1"}],"replies":[{"embeddable":true,"href":"https:\/\/www.brenne-au-coeur.com\/index.php\/wp-json\/wp\/v2\/comments?post=6729"}],"version-history":[{"count":1,"href":"https:\/\/www.brenne-au-coeur.com\/index.php\/wp-json\/wp\/v2\/posts\/6729\/revisions"}],"predecessor-version":[{"id":6733,"href":"https:\/\/www.brenne-au-coeur.com\/index.php\/wp-json\/wp\/v2\/posts\/6729\/revisions\/6733"}],"wp:featuredmedia":[{"embeddable":true,"href":"https:\/\/www.brenne-au-coeur.com\/index.php\/wp-json\/wp\/v2\/media\/6731"}],"wp:attachment":[{"href":"https:\/\/www.brenne-au-coeur.com\/index.php\/wp-json\/wp\/v2\/media?parent=6729"}],"wp:term":[{"taxonomy":"category","embeddable":true,"href":"https:\/\/www.brenne-au-coeur.com\/index.php\/wp-json\/wp\/v2\/categories?post=6729"},{"taxonomy":"post_tag","embeddable":true,"href":"https:\/\/www.brenne-au-coeur.com\/index.php\/wp-json\/wp\/v2\/tags?post=6729"}],"curies":[{"name":"wp","href":"https:\/\/api.w.org\/{rel}","templated":true}]}}