{"id":6709,"date":"2025-05-25T13:29:41","date_gmt":"2025-05-25T11:29:41","guid":{"rendered":"https:\/\/www.brenne-au-coeur.com\/?p=6709"},"modified":"2025-05-25T13:29:41","modified_gmt":"2025-05-25T11:29:41","slug":"rencontre-poetique-a-tournon-saint-martin","status":"publish","type":"post","link":"https:\/\/www.brenne-au-coeur.com\/index.php\/2025\/05\/25\/rencontre-poetique-a-tournon-saint-martin\/mediatheque\/6709\/","title":{"rendered":"Rencontre po\u00e9tique \u00e0 Tournon-Saint-Martin"},"content":{"rendered":"<p><span style=\"font-size: large;\"><a href=\"https:\/\/www.brenne-au-coeur.com\/wp-content\/uploads\/2025\/05\/mathieu.jpeg\" rel=\"lightbox[6709]\"><img loading=\"lazy\" decoding=\"async\" class=\"alignleft wp-image-6710 size-full\" src=\"https:\/\/www.brenne-au-coeur.com\/wp-content\/uploads\/2025\/05\/mathieu.jpeg\" alt=\"\" width=\"225\" height=\"225\" srcset=\"https:\/\/www.brenne-au-coeur.com\/wp-content\/uploads\/2025\/05\/mathieu.jpeg 225w, https:\/\/www.brenne-au-coeur.com\/wp-content\/uploads\/2025\/05\/mathieu-150x150.jpeg 150w, https:\/\/www.brenne-au-coeur.com\/wp-content\/uploads\/2025\/05\/mathieu-45x45.jpeg 45w\" sizes=\"auto, (max-width: 225px) 100vw, 225px\" \/><\/a>Le mardi 3 juin \u00e0 18h30, la m\u00e9diath\u00e8que de Tournon-Saint-Martin organise une rencontre avec le po\u00e8te\/\u00e9crivain Mathieu Tulissi Gabard. Il lira des extraits de ses \u0153uvres, et pourra ensuite engager la discussion avec le public. Il d\u00e9dicacera \u00e9galement ses livres, dont certains seront en vente sur place. L\u2019entr\u00e9e est ouverte aux ados et aux adultes. La rencontre s\u2019ach\u00e8vera autour d\u2019un verre de l\u2019amiti\u00e9. <\/span><\/p>\n<p><span style=\"font-size: large;\">Une s\u00e9ance du m\u00eame type aura lieu le mercredi 4 juin \u00e0 la m\u00eame heure, \u00e0 la m\u00e9diath\u00e8que du Blanc. Ces deux soir\u00e9es sont les derni\u00e8res rencontres r\u00e9alis\u00e9es avec l\u2019auteur et la Communaut\u00e9 de communes Brenne-Val de Creuse.<\/span><\/p>\n<p><span style=\"font-size: large;\">Le po\u00e8te aura pass\u00e9 en tout 4 semaines r\u00e9parties sur ses 4 mois de r\u00e9sidence d&rsquo;\u00e9criture, dans le cadre du dispositif \u00ab\u00a0Auteur associ\u00e9\u00a0\u00bb de CICLIC, l&rsquo;agence r\u00e9gionale du livre et de l&rsquo;image.<\/span><\/p>\n<p><span style=\"font-size: large;\">Artiste pluriel, Mathieu Tulissi Gabard, fonde en 2011 avec Paul Carenco, l\u2019Ecole Internationale Sup\u00e9rieure de Po\u00e9sie Intercontemporaine (EISPI) collectif pluridisciplinaire \u00e0 l\u2019origine des Colloques po\u00e9tiques nomades, du Blind-Text, du Catch Litt\u00e9raire, du fanzine, du festival et du livre Cactus Calamit\u00e9 (\u00c9ditions Albache, 2017).<\/span><\/p>\n<figure id=\"attachment_6712\" aria-describedby=\"caption-attachment-6712\" style=\"width: 133px\" class=\"wp-caption alignright\"><a href=\"https:\/\/www.brenne-au-coeur.com\/wp-content\/uploads\/2025\/05\/livre-mathieu.jpg\" rel=\"lightbox[6709]\"><img loading=\"lazy\" decoding=\"async\" class=\"wp-image-6712\" src=\"https:\/\/www.brenne-au-coeur.com\/wp-content\/uploads\/2025\/05\/livre-mathieu.jpg\" alt=\"\" width=\"133\" height=\"178\" \/><\/a><figcaption id=\"caption-attachment-6712\" class=\"wp-caption-text\">\u0153uvre po\u00e9tique de Mathieu Tulissi Gabard<\/figcaption><\/figure>\n<p><span style=\"font-size: large;\">En 2013, il \u00e9crit, met en sc\u00e8ne et joue la pi\u00e8ce de th\u00e9\u00e2tre Princesse de terre br\u00fbl\u00e9e, avec Angelo Destin (Studio DTM Paris, Festival Igloo Asni\u00e8res, etc.) <\/span><\/p>\n<p><span style=\"font-size: large;\">De 2017 \u00e0 2020, il fait po\u00e8te public dans les rues, sur les places de Montpellier et dans des festivals .<\/span><\/p>\n<p><span style=\"font-size: large;\">Il danse dans les pi\u00e8ces et performances de la Compagnie Puls\u2019Art&nbsp;: Angelus Novus (2019, Festival 48H Neuk\u00f6lln Berlin, Black Box Nice), Path Plasticity (2019, Crossing Borders Gand Belgique), Aire et Melted horizons (2021, Festival 48H Neukoln Berlin) ainsi que dans les cr\u00e9ations vid\u00e9os du duo Chteh (2020). En 2021, il cr\u00e9e \u2014HEA\u2014, performance solo mouvement\/texte\/son (H\u00f4tel d\u2019Astier, Forcalquier), en 2022, la cha\u00eene (La Baignoire, Montpellier) et Soigner la sortie (Festival du Bord du monde, Arboras).<\/span><\/p>\n","protected":false},"excerpt":{"rendered":"<p>Le mardi 3 juin \u00e0 18h30, la m\u00e9diath\u00e8que de Tournon-Saint-Martin organise une rencontre avec le po\u00e8te\/\u00e9crivain Mathieu Tulissi Gabard. Il lira des extraits de ses \u0153uvres, et pourra ensuite engager la discussion avec le public. Il d\u00e9dicacera \u00e9galement ses livres, dont certains seront en vente sur place. L\u2019entr\u00e9e est ouverte aux ados et aux adultes.&hellip;&nbsp;<a href=\"https:\/\/www.brenne-au-coeur.com\/index.php\/2025\/05\/25\/rencontre-poetique-a-tournon-saint-martin\/mediatheque\/6709\/\" rel=\"bookmark\">Lire la suite&nbsp;&raquo;<span class=\"screen-reader-text\">Rencontre po\u00e9tique \u00e0 Tournon-Saint-Martin<\/span><\/a><\/p>\n","protected":false},"author":1,"featured_media":6711,"comment_status":"open","ping_status":"open","sticky":false,"template":"","format":"standard","meta":{"rop_custom_images_group":[],"rop_custom_messages_group":[],"rop_publish_now":"initial","rop_publish_now_accounts":[],"rop_publish_now_history":[],"rop_publish_now_status":"pending","_monsterinsights_skip_tracking":false,"_monsterinsights_sitenote_active":false,"_monsterinsights_sitenote_note":"","_monsterinsights_sitenote_category":0,"neve_meta_sidebar":"","neve_meta_container":"","neve_meta_enable_content_width":"off","neve_meta_content_width":70,"neve_meta_title_alignment":"","neve_meta_author_avatar":"","neve_post_elements_order":"","neve_meta_disable_header":"","neve_meta_disable_footer":"","neve_meta_disable_title":"","_jetpack_memberships_contains_paid_content":false,"footnotes":"","jetpack_publicize_message":"","jetpack_publicize_feature_enabled":true,"jetpack_social_post_already_shared":true,"jetpack_social_options":{"image_generator_settings":{"template":"highway","default_image_id":0,"font":"","enabled":false},"version":2}},"categories":[101,59,173],"tags":[61,33],"class_list":["post-6709","post","type-post","status-publish","format-standard","has-post-thumbnail","hentry","category-le-blanc","category-mediatheque","category-tournon-saint-martin","tag-poesie","tag-rencontres"],"aioseo_notices":[],"jetpack_publicize_connections":[],"jetpack_featured_media_url":"https:\/\/www.brenne-au-coeur.com\/wp-content\/uploads\/2025\/05\/PNR-Brenne-Mediatheque-Tournon.jpg","jetpack-related-posts":[],"jetpack_sharing_enabled":true,"_links":{"self":[{"href":"https:\/\/www.brenne-au-coeur.com\/index.php\/wp-json\/wp\/v2\/posts\/6709","targetHints":{"allow":["GET"]}}],"collection":[{"href":"https:\/\/www.brenne-au-coeur.com\/index.php\/wp-json\/wp\/v2\/posts"}],"about":[{"href":"https:\/\/www.brenne-au-coeur.com\/index.php\/wp-json\/wp\/v2\/types\/post"}],"author":[{"embeddable":true,"href":"https:\/\/www.brenne-au-coeur.com\/index.php\/wp-json\/wp\/v2\/users\/1"}],"replies":[{"embeddable":true,"href":"https:\/\/www.brenne-au-coeur.com\/index.php\/wp-json\/wp\/v2\/comments?post=6709"}],"version-history":[{"count":1,"href":"https:\/\/www.brenne-au-coeur.com\/index.php\/wp-json\/wp\/v2\/posts\/6709\/revisions"}],"predecessor-version":[{"id":6713,"href":"https:\/\/www.brenne-au-coeur.com\/index.php\/wp-json\/wp\/v2\/posts\/6709\/revisions\/6713"}],"wp:featuredmedia":[{"embeddable":true,"href":"https:\/\/www.brenne-au-coeur.com\/index.php\/wp-json\/wp\/v2\/media\/6711"}],"wp:attachment":[{"href":"https:\/\/www.brenne-au-coeur.com\/index.php\/wp-json\/wp\/v2\/media?parent=6709"}],"wp:term":[{"taxonomy":"category","embeddable":true,"href":"https:\/\/www.brenne-au-coeur.com\/index.php\/wp-json\/wp\/v2\/categories?post=6709"},{"taxonomy":"post_tag","embeddable":true,"href":"https:\/\/www.brenne-au-coeur.com\/index.php\/wp-json\/wp\/v2\/tags?post=6709"}],"curies":[{"name":"wp","href":"https:\/\/api.w.org\/{rel}","templated":true}]}}