{"id":6678,"date":"2025-05-18T14:15:43","date_gmt":"2025-05-18T12:15:43","guid":{"rendered":"https:\/\/www.brenne-au-coeur.com\/?p=6678"},"modified":"2025-05-19T09:45:53","modified_gmt":"2025-05-19T07:45:53","slug":"marie-coutan-en-concert","status":"publish","type":"post","link":"https:\/\/www.brenne-au-coeur.com\/index.php\/2025\/05\/18\/marie-coutan-en-concert\/communes\/saint-michel-en-brenne\/6678\/","title":{"rendered":"Marie Coutant en concert"},"content":{"rendered":"<p><span style=\"font-size: large;\"><a href=\"https:\/\/www.brenne-au-coeur.com\/wp-content\/uploads\/2025\/05\/marie2.jpeg\" rel=\"lightbox[6678]\"><img loading=\"lazy\" decoding=\"async\" class=\"alignleft wp-image-6679\" src=\"https:\/\/www.brenne-au-coeur.com\/wp-content\/uploads\/2025\/05\/marie2.jpeg\" alt=\"\" width=\"293\" height=\"205\" srcset=\"https:\/\/www.brenne-au-coeur.com\/wp-content\/uploads\/2025\/05\/marie2.jpeg 269w, https:\/\/www.brenne-au-coeur.com\/wp-content\/uploads\/2025\/05\/marie2-150x105.jpeg 150w\" sizes=\"auto, (max-width: 293px) 100vw, 293px\" \/><\/a>La chanteuse se produira sur sc\u00e8ne vendredi 20 juin 2025 \u00e0 20h30, dans le parc de Saint-Michel-en-Brenne pour les 40 ans de la R\u00e9serve de Ch\u00e9rine. Elle sera accompagn\u00e9e par Romain L\u00e9v\u00eaque (batterie, percussions) et Anthony Allorent (r\u00e9gie son)<\/span><\/p>\n<p><span style=\"font-size: large;\">Elle sera pr\u00e9sente \u00e9galement le samedi 28 juin 2025 \u00e0 18h30 \u00e0 Chaillac, aux jardins de l&rsquo;association \u00ab\u00a0Le Relais\u00a0\u00bb , avec Camille Dagonneau (r\u00e9gie son)<\/span><\/p>\n<p><span style=\"font-size: large;\"><i>Pas d&rsquo;entr\u00e9e payante mais participation au soutien de l&rsquo;association si vous le souhaitez<\/i>.<\/span><\/p>\n<p><span style=\"font-size: large;\">\u00c0 l\u2019occasion de l\u2019annonce de ces concerts, Marie Coutant, nous adresse ce message.<\/span><\/p>\n<p><span style=\"font-size: large;\">Salut@vous<\/span><\/p>\n<p><span style=\"font-size: large;\">Atmosph\u00e8re bruyante et globalement lourde<\/span><\/p>\n<p><span style=\"font-size: large;\">ras le bol des coupes budg\u00e9taires<\/span><\/p>\n<p><span style=\"font-size: large;\">impos\u00e9es par des riches qui font leurs affaires <\/span><\/p>\n<p><span style=\"font-size: large;\">appauvrissant cultures, liens, libert\u00e9s d&rsquo;expressions<\/span><\/p>\n<p><span style=\"font-size: large;\">colonisant, privatisant et d\u00e9truisant <\/span><\/p>\n<p><span style=\"font-size: large;\">chaque jour un peu plus notre si belle plan\u00e8te<\/span><\/p>\n<p><span style=\"font-size: large;\">devenue, tout comme le cosmos, <\/span><\/p>\n<p><span style=\"font-size: large;\">leur laboratoire d&rsquo;exp\u00e9rimentations<\/span><\/p>\n<p><span style=\"font-size: large;\">\u00ab\u00a0<em>dans les p\u00e9riodes d&rsquo;intense r\u00e9pression des libert\u00e9s, <\/em><\/span><\/p>\n<p><span style=\"font-size: large;\"><em>la po\u00e9sie ou la chanson ont beaucoup circul\u00e9 dans la clandestinit\u00e9<\/em>\u00a0\u00bb <\/span><\/p>\n<p><span style=\"font-size: large;\">Extrait Politis Hors S\u00e9rie 81H <\/span><\/p>\n<p>&nbsp;<\/p>\n<p><span style=\"font-size: large;\"><a href=\"https:\/\/www.brenne-au-coeur.com\/wp-content\/uploads\/2025\/05\/marie-coutan.jpeg\" rel=\"lightbox[6678]\"><img loading=\"lazy\" decoding=\"async\" class=\"alignleft wp-image-6666\" src=\"https:\/\/www.brenne-au-coeur.com\/wp-content\/uploads\/2025\/05\/marie-coutan.jpeg\" alt=\"\" width=\"211\" height=\"282\" srcset=\"https:\/\/www.brenne-au-coeur.com\/wp-content\/uploads\/2025\/05\/marie-coutan.jpeg 194w, https:\/\/www.brenne-au-coeur.com\/wp-content\/uploads\/2025\/05\/marie-coutan-112x150.jpeg 112w\" sizes=\"auto, (max-width: 211px) 100vw, 211px\" \/><\/a>Argent trop cher \ud83d\ude09<\/span><\/p>\n<p><span style=\"font-size: large;\">services publics et culture en berne <\/span><\/p>\n<p><span style=\"font-size: large;\">intelligence artificielle s\u2019immis\u00e7ant dans notre quotidien<\/span><\/p>\n<p><span style=\"font-size: large;\">cr\u00e9ation et biodiversit\u00e9 en urgence vitale<\/span><\/p>\n<p><span style=\"font-size: large;\">humain.e.s n\u00e9glig\u00e9.e.s, m\u00e9pris\u00e9.e.s, pollu\u00e9.e.s<\/span><\/p>\n<p><span style=\"font-size: large;\">paysages en souffrance, p\u00e9nuries annonc\u00e9es<\/span><\/p>\n<p><span style=\"font-size: large;\">ch\u00f4mage, pauvret\u00e9, d\u00e9mocratie vacillante<\/span><\/p>\n<p><span style=\"font-size: large;\">r\u00e9pression, gaz lacrymo, climat violent<\/span><\/p>\n<p><span style=\"font-size: large;\">Soci\u00e9t\u00e9s en burn out&nbsp;!<\/span><\/p>\n<p><span style=\"font-size: large;\">horizons de guerre et r\u00e9seaux de haine <\/span><\/p>\n<p><span style=\"font-size: large;\">grandissants, dominants, \u00e9crasants<\/span><\/p>\n<p><span style=\"font-size: large;\">abus de pouvoir et harc\u00e8lement <\/span><\/p>\n<p><span style=\"font-size: large;\">en tous genres<\/span><\/p>\n<p><span style=\"font-size: large;\">sur tous nos \u00e9crans <\/span><\/p>\n<p><span style=\"font-size: large;\">dans tous les milieux&nbsp;!<\/span><\/p>\n<p><span style=\"font-size: large;\">Hol\u00e0&nbsp;! Stop&nbsp;! C&rsquo;est trop&nbsp;!<\/span><\/p>\n<p><span style=\"font-size: large;\">\u00ab\u00a0<em>Les tyrans ne sont grands que parce que nous sommes \u00e0 genoux<\/em>\u00ab\u00a0<\/span><\/p>\n<p><span style=\"font-size: large;\">Etienne de La Bo\u00e9tie<\/span><\/p>\n<p>&nbsp;<\/p>\n<p><span style=\"font-size: large;\"><a href=\"https:\/\/www.brenne-au-coeur.com\/wp-content\/uploads\/2025\/05\/marie.jpeg\" rel=\"lightbox[6678]\"><img loading=\"lazy\" decoding=\"async\" class=\"alignleft wp-image-6680 size-full\" src=\"https:\/\/www.brenne-au-coeur.com\/wp-content\/uploads\/2025\/05\/marie.jpeg\" alt=\"\" width=\"275\" height=\"183\" srcset=\"https:\/\/www.brenne-au-coeur.com\/wp-content\/uploads\/2025\/05\/marie.jpeg 275w, https:\/\/www.brenne-au-coeur.com\/wp-content\/uploads\/2025\/05\/marie-150x100.jpeg 150w, https:\/\/www.brenne-au-coeur.com\/wp-content\/uploads\/2025\/05\/marie-272x182.jpeg 272w\" sizes=\"auto, (max-width: 275px) 100vw, 275px\" \/><\/a>L&rsquo;humain.e a pourtant de grands pouvoirs <\/span><\/p>\n<p><span style=\"font-size: large;\">invisibles \u00e0 l\u2019\u0153il nu mais vivants au fond de son c\u0153ur<\/span><\/p>\n<p><span style=\"font-size: large;\">sa force d&rsquo;aimer, sa foi en la Vie, <\/span><\/p>\n<p><span style=\"font-size: large;\">son envie de beau et de paix <\/span><\/p>\n<p><span style=\"font-size: large;\">sa capacit\u00e9 \u00e0 \u00e9crire, chanter, <\/span><\/p>\n<p><span style=\"font-size: large;\">communiquer avec l&rsquo;art<\/span><\/p>\n<p><span style=\"font-size: large;\">ses r\u00eaves, sa po\u00e9sie<\/span><\/p>\n<p><span style=\"font-size: large;\">son histoire unique et merveilleuse<\/span><\/p>\n<p><span style=\"font-size: large;\">sa part de myst\u00e8re,<\/span><\/p>\n<p><span style=\"font-size: large;\">de prise de conscience <\/span><\/p>\n<p><span style=\"font-size: large;\">sa capacit\u00e9 de r\u00e9silience<\/span><\/p>\n<p><span style=\"font-size: large;\">son d\u00e9sir de relationner<\/span><\/p>\n<p><span style=\"font-size: large;\">son envie de commun <\/span><\/p>\n<p><span style=\"font-size: large;\">de solidarit\u00e9 <\/span><\/p>\n<p><span style=\"font-size: large;\">nos esprits doivent continuer de s&rsquo;ouvrir<\/span><\/p>\n<p><span style=\"font-size: large;\">cr\u00e9er pour ne pas sombrer<\/span><\/p>\n<p><span style=\"font-size: large;\">agir collectivement<\/span><\/p>\n<p><span style=\"font-size: large;\">jongler avec la Vie<\/span><\/p>\n<p><span style=\"font-size: large;\">colorer son vaste ciel et y mettre de la lumi\u00e8re&nbsp;!<\/span><\/p>\n<p><span style=\"font-size: large;\">Osez&nbsp;! Cr\u00e9ons&nbsp;! Criez-ions&nbsp;! Crayons&nbsp;!<\/span><\/p>\n<p><span style=\"font-size: large;\">Chansons&nbsp;!<\/span><\/p>\n<p><span style=\"font-size: large;\">Au plaisir de se revoir<\/span><\/p>\n<p><span style=\"font-size: large;\">Marie Coutant<\/span><\/p>\n<p><span style=\"font-size: large;\">Pour le spectacle de Chaillac\u00a0:<\/span><\/p>\n<p><span style=\"font-size: large;\">renseignements&nbsp;: Yoyo@asso-relais.com 02 54 25 70 41<\/span><\/p>\n","protected":false},"excerpt":{"rendered":"<p>La chanteuse se produira sur sc\u00e8ne vendredi 20 juin 2025 \u00e0 20h30, dans le parc de Saint-Michel-en-Brenne pour les 40 ans de la R\u00e9serve de Ch\u00e9rine. Elle sera accompagn\u00e9e par Romain L\u00e9v\u00eaque (batterie, percussions) et Anthony Allorent (r\u00e9gie son) Elle sera pr\u00e9sente \u00e9galement le samedi 28 juin 2025 \u00e0 18h30 \u00e0 Chaillac, aux jardins de&hellip;&nbsp;<a href=\"https:\/\/www.brenne-au-coeur.com\/index.php\/2025\/05\/18\/marie-coutan-en-concert\/communes\/saint-michel-en-brenne\/6678\/\" rel=\"bookmark\">Lire la suite&nbsp;&raquo;<span class=\"screen-reader-text\">Marie Coutant en concert<\/span><\/a><\/p>\n","protected":false},"author":1,"featured_media":6680,"comment_status":"open","ping_status":"open","sticky":false,"template":"","format":"standard","meta":{"rop_custom_images_group":[],"rop_custom_messages_group":[],"rop_publish_now":"initial","rop_publish_now_accounts":[],"rop_publish_now_history":[],"rop_publish_now_status":"pending","_monsterinsights_skip_tracking":false,"_monsterinsights_sitenote_active":false,"_monsterinsights_sitenote_note":"","_monsterinsights_sitenote_category":0,"neve_meta_sidebar":"","neve_meta_container":"","neve_meta_enable_content_width":"off","neve_meta_content_width":70,"neve_meta_title_alignment":"","neve_meta_author_avatar":"","neve_post_elements_order":"","neve_meta_disable_header":"","neve_meta_disable_footer":"","neve_meta_disable_title":"","_jetpack_memberships_contains_paid_content":false,"footnotes":"","jetpack_publicize_message":"","jetpack_publicize_feature_enabled":true,"jetpack_social_post_already_shared":true,"jetpack_social_options":{"image_generator_settings":{"template":"highway","default_image_id":0,"font":"","enabled":false},"version":2}},"categories":[187,16],"tags":[104,64],"class_list":["post-6678","post","type-post","status-publish","format-standard","has-post-thumbnail","hentry","category-chaillac","category-saint-michel-en-brenne","tag-chansons","tag-concert"],"aioseo_notices":[],"jetpack_publicize_connections":[],"jetpack_featured_media_url":"https:\/\/www.brenne-au-coeur.com\/wp-content\/uploads\/2025\/05\/marie.jpeg","jetpack-related-posts":[],"jetpack_sharing_enabled":true,"_links":{"self":[{"href":"https:\/\/www.brenne-au-coeur.com\/index.php\/wp-json\/wp\/v2\/posts\/6678","targetHints":{"allow":["GET"]}}],"collection":[{"href":"https:\/\/www.brenne-au-coeur.com\/index.php\/wp-json\/wp\/v2\/posts"}],"about":[{"href":"https:\/\/www.brenne-au-coeur.com\/index.php\/wp-json\/wp\/v2\/types\/post"}],"author":[{"embeddable":true,"href":"https:\/\/www.brenne-au-coeur.com\/index.php\/wp-json\/wp\/v2\/users\/1"}],"replies":[{"embeddable":true,"href":"https:\/\/www.brenne-au-coeur.com\/index.php\/wp-json\/wp\/v2\/comments?post=6678"}],"version-history":[{"count":2,"href":"https:\/\/www.brenne-au-coeur.com\/index.php\/wp-json\/wp\/v2\/posts\/6678\/revisions"}],"predecessor-version":[{"id":6695,"href":"https:\/\/www.brenne-au-coeur.com\/index.php\/wp-json\/wp\/v2\/posts\/6678\/revisions\/6695"}],"wp:featuredmedia":[{"embeddable":true,"href":"https:\/\/www.brenne-au-coeur.com\/index.php\/wp-json\/wp\/v2\/media\/6680"}],"wp:attachment":[{"href":"https:\/\/www.brenne-au-coeur.com\/index.php\/wp-json\/wp\/v2\/media?parent=6678"}],"wp:term":[{"taxonomy":"category","embeddable":true,"href":"https:\/\/www.brenne-au-coeur.com\/index.php\/wp-json\/wp\/v2\/categories?post=6678"},{"taxonomy":"post_tag","embeddable":true,"href":"https:\/\/www.brenne-au-coeur.com\/index.php\/wp-json\/wp\/v2\/tags?post=6678"}],"curies":[{"name":"wp","href":"https:\/\/api.w.org\/{rel}","templated":true}]}}