{"id":6654,"date":"2025-05-17T14:56:08","date_gmt":"2025-05-17T12:56:08","guid":{"rendered":"https:\/\/www.brenne-au-coeur.com\/?p=6654"},"modified":"2025-05-19T12:31:13","modified_gmt":"2025-05-19T10:31:13","slug":"gaza-la-mort-en-direct","status":"publish","type":"post","link":"https:\/\/www.brenne-au-coeur.com\/index.php\/2025\/05\/17\/gaza-la-mort-en-direct\/a-lire\/6654\/","title":{"rendered":"Gaza\u00a0: la mort programm\u00e9e d&rsquo;un peuple"},"content":{"rendered":"<p><span style=\"font-size: large;\">On ne pourra pas dire\u00a0: \u00ab\u00a0On ne savait pas\u00a0\u00bb. Cet article de Vadim Kamenka, paru dans l\u2019\u00e9dition du 13 mai, du journal l\u00a0\u2018Humanit\u00e9 en apporte une nouvelle preuve. <\/span><\/p>\n<p><span style=\"font-size: large;\"><a href=\"https:\/\/www.brenne-au-coeur.com\/wp-content\/uploads\/2025\/05\/gaza-mort.jpeg\" rel=\"lightbox[6654]\"><img loading=\"lazy\" decoding=\"async\" class=\"alignleft wp-image-6655 size-full\" src=\"https:\/\/www.brenne-au-coeur.com\/wp-content\/uploads\/2025\/05\/gaza-mort.jpeg\" alt=\"\" width=\"275\" height=\"183\" srcset=\"https:\/\/www.brenne-au-coeur.com\/wp-content\/uploads\/2025\/05\/gaza-mort.jpeg 275w, https:\/\/www.brenne-au-coeur.com\/wp-content\/uploads\/2025\/05\/gaza-mort-150x100.jpeg 150w, https:\/\/www.brenne-au-coeur.com\/wp-content\/uploads\/2025\/05\/gaza-mort-272x182.jpeg 272w\" sizes=\"auto, (max-width: 275px) 100vw, 275px\" \/><\/a>\u00ab&nbsp;Depuis 72 jours, pas un seul morceau de pain n\u2019est entr\u00e9&nbsp;\u00bb. \u00c0 Gaza, \u00ab&nbsp;une famine d\u00e9lib\u00e9r\u00e9e et enti\u00e8rement fabriqu\u00e9e&nbsp;\u00bb par Isra\u00ebl<\/span><\/p>\n<p><span style=\"font-size: large;\">Les 2 millions de Palestiniens qui vivent dans l\u2019enclave font face \u00e0 un risque critique de famine. Avec le blocus total impos\u00e9 par le gouvernement d\u2019extr\u00eame droite de Benyamin Netanyahou depuis le 2 mars, la faim est utilis\u00e9e comme une arme de guerre contre une population d\u00e9j\u00e0 exsangue, apr\u00e8s dix-neuf mois de bombardements meurtriers.<\/span><\/p>\n<p><span style=\"font-size: large;\">Les clich\u00e9s ont fait le tour du monde. Ils sont insupportables. Des corps fam\u00e9liques, les yeux creus\u00e9s par la faim et la soif, des enfants de 6 ans qui en paressent 2\u2026 Benyamin Netanyahou affame la bande de Gaza. Aux dix-neuf mois de bombardements, aux d\u00e9placements forc\u00e9s, au ciblage syst\u00e9matique des \u00e9coles et des h\u00f4pitaux, le premier ministre isra\u00e9lien, en d\u00e9cr\u00e9tant le 2 mars l\u2019interruption totale des convois humanitaires (vivres, m\u00e9dicaments, abris et carburant), a mis les Gazaouis \u00ab&nbsp;face \u00e0 un risque critique de famine&nbsp;\u00bb.<\/span><\/p>\n<p><span style=\"font-size: large;\">Le dernier bilan des experts en s\u00e9curit\u00e9 alimentaire d\u2019une quinzaine d\u2019agences des Nations unies, d\u2019organisations internationales et d\u2019associations est effectivement sans appel&nbsp;: sur les 2,1 millions d\u2019habitants de Gaza, 1,5 million se trouvent aux derniers stades, 4 et 5, de l\u2019\u00e9chelle IPC (cadre int\u00e9gr\u00e9 de classification de la s\u00e9curit\u00e9 alimentaire). Si rien n\u2019est fait en urgence pour r\u00e9tablir l\u2019aide humanitaire dans l\u2019enclave palestinienne, 470 000 Gazaouis pourraient \u00eatre consid\u00e9r\u00e9s comme \u00e9tant dans une situation de \u00ab&nbsp;catastrophe&nbsp;\u00bb.<\/span><\/p>\n<p><span style=\"font-size: large;\">La faim comme une arme de guerre<\/span><\/p>\n<p><span style=\"font-size: large;\">\u00ab&nbsp;L\u2019utilisation de la famine est une strat\u00e9gie assum\u00e9e par le gouvernement isra\u00e9lien dans sa logique de g\u00e9nocide&nbsp;\u00bb, affirmait ce mardi, lors d\u2019une tourn\u00e9e en Europe, le Dr Mustafa Barghouti, pr\u00e9sident de l\u2019association PMRS (Palestinian Medical Relief Society, voir encadr\u00e9). Invit\u00e9 par le Secours populaire fran\u00e7ais (SPF) \u00e0 Paris, ce dernier a rappel\u00e9 que, \u00ab&nbsp;depuis soixante-douze jours, pas un seul morceau de pain, pas une seule goutte d\u2019eau, pas un seul m\u00e9dicament n\u2019a pu entrer \u00e0 Gaza. Pour Netanyahou, la famine est une arme comme une autre. L\u2019objectif reste d\u2019organiser un nettoyage ethnique et de vider la population de l\u2019enclave palestinienne&nbsp;\u00bb.<\/span><\/p>\n<p><span style=\"font-size: large;\"><a href=\"https:\/\/www.brenne-au-coeur.com\/wp-content\/uploads\/2025\/05\/gaza-mort-3.jpeg\" rel=\"lightbox[6654]\"><img loading=\"lazy\" decoding=\"async\" class=\"alignright wp-image-6656 size-full\" src=\"https:\/\/www.brenne-au-coeur.com\/wp-content\/uploads\/2025\/05\/gaza-mort-3.jpeg\" alt=\"\" width=\"275\" height=\"183\" srcset=\"https:\/\/www.brenne-au-coeur.com\/wp-content\/uploads\/2025\/05\/gaza-mort-3.jpeg 275w, https:\/\/www.brenne-au-coeur.com\/wp-content\/uploads\/2025\/05\/gaza-mort-3-150x100.jpeg 150w, https:\/\/www.brenne-au-coeur.com\/wp-content\/uploads\/2025\/05\/gaza-mort-3-272x182.jpeg 272w\" sizes=\"auto, (max-width: 275px) 100vw, 275px\" \/><\/a>Depuis plusieurs semaines, l\u2019ensemble des organisations humanitaires alerte sur l\u2019urgence de mettre en \u0153uvre un plan d\u2019action imm\u00e9diat, sans quoi la g\u00e9n\u00e9ralisation de la famine ferait exploser les cas mortels de malnutrition aigu\u00eb. C\u2019est le sens du dernier rapport de M\u00e9decins du monde, publi\u00e9 mardi 13 mai, qui affirme que les niveaux de d\u00e9tresse alimentaire dans la bande de Gaza sont \u00ab&nbsp;comparables \u00e0 ceux observ\u00e9s dans les pays confront\u00e9s \u00e0 des crises humanitaires prolong\u00e9es s\u2019\u00e9talant sur plusieurs d\u00e9cennies&nbsp;\u00bb, \u00e0 l\u2019instar du Y\u00e9men ou du Nigeria.<\/span><\/p>\n<p><span style=\"font-size: large;\">Un constat partag\u00e9 par Oxfam International. Dans un communiqu\u00e9 publi\u00e9 lundi, Mahmoud Alsaqqa, le coordinateur de la s\u00e9curit\u00e9 alimentaire et des moyens de subsistance de l\u2019ONG \u00e0 Gaza, condamne \u00ab&nbsp;une famine d\u00e9lib\u00e9r\u00e9e et enti\u00e8rement fabriqu\u00e9e&nbsp;\u00bb par Isra\u00ebl, qui impose \u00ab&nbsp;un si\u00e8ge total (\u2026) alors que des milliers de camions remplis de fournitures vitales pr\u00eates \u00e0 \u00eatre distribu\u00e9es attendent \u00e0 la fronti\u00e8re, \u00e0 quelques m\u00e8tres de l\u00e0, sans pouvoir entrer&nbsp;\u00bb. Pour l\u2019ONG, cette strat\u00e9gie de \u00ab&nbsp;militariser l\u2019acheminement de l\u2019aide humanitaire&nbsp;\u00bb constitue \u00ab&nbsp;une violation flagrante du droit international&nbsp;\u00bb et \u00ab&nbsp;met en danger les civils&nbsp;\u00bb. Elle d\u00e9nonce surtout \u00ab&nbsp;le silence complice de la communaut\u00e9 internationale&nbsp;\u00bb.<\/span><\/p>\n<p><span style=\"font-size: large;\">La situation dans la bande de Gaza \u00ab&nbsp;doit r\u00e9veiller notre conscience universelle&nbsp;\u00bb, insiste Henriette Steinberg, la secr\u00e9taire g\u00e9n\u00e9rale du Secours populaire fran\u00e7ais, qui, une nouvelle fois ce mardi, a plaid\u00e9 pour \u00ab&nbsp;la fin imm\u00e9diate du conflit&nbsp;\u00bb. Pour le SPF, \u00ab&nbsp;ces images d\u2019horreur ne sont pas acceptables. Le silence n\u2019est plus possible et nous devons informer de la r\u00e9alit\u00e9 du quotidien \u00e0 Gaza et en Cisjordanie. Nous devons nous montrer solidaires avec les Palestiniens et soutenir nos partenaires sur place. Rien ne justifie que des femmes, des enfants, la population gazaouie soient victimes de bombardements et expuls\u00e9s de leurs terres&nbsp;\u00bb.<\/span><\/p>\n<p><span style=\"font-size: large;\">L\u2019Europe complice des crimes isra\u00e9liens<\/span><\/p>\n<p><span style=\"font-size: large;\">\u00ab&nbsp;Les Palestiniens ont-ils les m\u00eames droits humains que les autres peuples&nbsp;? s\u2019insurge Mustafa Barghouti devant la longue liste des crimes et atrocit\u00e9s subis par les Gazaouis et les habitants de Cisjordanie. Nous gardons espoir de briser ce blocus afin d\u2019obtenir le passage de convois apportant de la nourriture, de l\u2019eau et des m\u00e9dicaments. Mais les destructions syst\u00e9matiques des centres de soins, de r\u00e9seaux d\u2019eau et d\u2019\u00e9gouts, les cadavres et les restrictions provoquent l\u2019apparition de maladies comme l\u2019h\u00e9patite caus\u00e9e par la consommation d\u2019eau contamin\u00e9e. Ces conditions font \u00e9galement resurgir le risque d\u2019\u00e9pid\u00e9mies&nbsp;: la polio, le t\u00e9tanos, la dipht\u00e9rie. Les soldats isra\u00e9liens \u00e0 Gaza ont \u00e9t\u00e9 vaccin\u00e9s, \u00e0 la diff\u00e9rence des enfants palestiniens. La volont\u00e9 d\u2019un g\u00e9nocide est claire.&nbsp;\u00bb<\/span><\/p>\n<p><span style=\"font-size: large;\"><a href=\"https:\/\/www.brenne-au-coeur.com\/wp-content\/uploads\/2025\/05\/gaza-mort-2.jpeg\" rel=\"lightbox[6654]\"><img loading=\"lazy\" decoding=\"async\" class=\"alignleft wp-image-6657 size-full\" src=\"https:\/\/www.brenne-au-coeur.com\/wp-content\/uploads\/2025\/05\/gaza-mort-2.jpeg\" alt=\"\" width=\"284\" height=\"177\" srcset=\"https:\/\/www.brenne-au-coeur.com\/wp-content\/uploads\/2025\/05\/gaza-mort-2.jpeg 284w, https:\/\/www.brenne-au-coeur.com\/wp-content\/uploads\/2025\/05\/gaza-mort-2-150x93.jpeg 150w\" sizes=\"auto, (max-width: 284px) 100vw, 284px\" \/><\/a>Malgr\u00e9 les r\u00e9probations, l\u2019arm\u00e9e isra\u00e9lienne a bombard\u00e9, dans la nuit de lundi \u00e0 mardi, l\u2019h\u00f4pital Nasser \u00e0 Khan Youn\u00e8s, tuant un journaliste et plusieurs patients. Benyamin Netanyahou ne recule pas. Au contraire, avec l\u2019appui de sa coalition d\u2019extr\u00eame droite, il promet que l\u2019arm\u00e9e isra\u00e9lienne entrera \u00ab&nbsp;avec toute (sa) force pour achever l\u2019op\u00e9ration et vaincre le Hamas&nbsp;\u00bb. \u00ab&nbsp;Il n\u2019y aura aucune situation o\u00f9 nous arr\u00eaterons la guerre&nbsp;\u00bb, a-t-il d\u00e9clar\u00e9 lors d\u2019une rencontre avec des soldats r\u00e9servistes.<\/span><\/p>\n<p><span style=\"font-size: large;\">Tel-Aviv persiste dans son projet d\u2019annexion de la bande de Gaza. \u00ab&nbsp;Nous avons mis en place une administration qui permettra (aux habitants de Gaza) de partir, mais le probl\u00e8me de notre c\u00f4t\u00e9 se r\u00e9sume \u00e0 une seule chose&nbsp;: nous avons besoin de pays pr\u00eats \u00e0 les accueillir. Si nous leur offrons la possibilit\u00e9 de partir, plus de 50&nbsp;% partiront, et je pense m\u00eame bien davantage&nbsp;\u00bb, ose m\u00eame Benyamin Netanyahou.<\/span><\/p>\n<p><span style=\"font-size: large;\">Face \u00e0 un gouvernement isra\u00e9lien sans limites, le pr\u00e9sident de M\u00e9decins du Monde, Jean-Fran\u00e7ois Corty, enfonce le clou&nbsp;: \u00ab&nbsp;L\u2019heure est \u00e0 l\u2019action. Plus de 2 millions de vies sont en jeu. L\u2019inaction des \u00c9tats tiers qui ont les moyens de faire pression sur les autorit\u00e9s isra\u00e9liennes pour qu\u2019elles l\u00e8vent ce si\u00e8ge meurtrier est inacceptable et pourrait \u00eatre assimil\u00e9e \u00e0 de la complicit\u00e9 au regard du droit international.&nbsp;\u00bb De son c\u00f4t\u00e9, l\u2019Organisation de l\u2019ONU pour l\u2019alimentation et l\u2019agriculture (FAO) a r\u00e9clam\u00e9 l\u2019acc\u00e8s humanitaire et la lev\u00e9e des blocus \u00ab&nbsp;face au risque imminent de famine, \u00e0 l\u2019effondrement quasi total de l\u2019agriculture et \u00e0 la possible apparition d\u2019\u00e9pid\u00e9mies meurtri\u00e8res&nbsp;\u00bb.<\/span><\/p>\n<p><span style=\"font-size: large;\">Destruction des infrastructures agricoles et des centrales \u00e9lectriques, frappes sur les convois humanitaires et les ambulances\u2026 Dans ce flot d\u2019atrocit\u00e9s, Mustapha Barghouti a racont\u00e9 le d\u00e9sarroi d\u2019un p\u00e8re qui a vu son enfant perdre ses deux bras. \u00ab&nbsp;Un silence quand ce dernier lui a demand\u00e9 si ses membres allaient repousser en grandissant, t\u00e9moigne-t-il. L\u2019heure est donc venue de sanctionner le gouvernement isra\u00e9lien, comme la Russie en 2022 apr\u00e8s l\u2019invasion de l\u2019Ukraine, et de s\u2019attaquer \u00e0 l\u2019aide militaire (des pays tiers). O\u00f9 sont pass\u00e9es les grandes voix europ\u00e9ennes qui nous parlaient syst\u00e9matiquement de droit international, de droit des peuples, de droit humanitaire&nbsp;?&nbsp;\u00bb<\/span><\/p>\n","protected":false},"excerpt":{"rendered":"<p>On ne pourra pas dire\u00a0: \u00ab\u00a0On ne savait pas\u00a0\u00bb. Cet article de Vadim Kamenka, paru dans l\u2019\u00e9dition du 13 mai, du journal l\u00a0\u2018Humanit\u00e9 en apporte une nouvelle preuve. \u00ab&nbsp;Depuis 72 jours, pas un seul morceau de pain n\u2019est entr\u00e9&nbsp;\u00bb. \u00c0 Gaza, \u00ab&nbsp;une famine d\u00e9lib\u00e9r\u00e9e et enti\u00e8rement fabriqu\u00e9e&nbsp;\u00bb par Isra\u00ebl Les 2 millions de Palestiniens qui&hellip;&nbsp;<a href=\"https:\/\/www.brenne-au-coeur.com\/index.php\/2025\/05\/17\/gaza-la-mort-en-direct\/a-lire\/6654\/\" rel=\"bookmark\">Lire la suite&nbsp;&raquo;<span class=\"screen-reader-text\">Gaza\u00a0: la mort programm\u00e9e d&rsquo;un peuple<\/span><\/a><\/p>\n","protected":false},"author":1,"featured_media":6655,"comment_status":"open","ping_status":"open","sticky":false,"template":"","format":"standard","meta":{"rop_custom_images_group":[],"rop_custom_messages_group":[],"rop_publish_now":"initial","rop_publish_now_accounts":[],"rop_publish_now_history":[],"rop_publish_now_status":"pending","_monsterinsights_skip_tracking":false,"_monsterinsights_sitenote_active":false,"_monsterinsights_sitenote_note":"","_monsterinsights_sitenote_category":0,"neve_meta_sidebar":"","neve_meta_container":"","neve_meta_enable_content_width":"off","neve_meta_content_width":70,"neve_meta_title_alignment":"","neve_meta_author_avatar":"","neve_post_elements_order":"","neve_meta_disable_header":"","neve_meta_disable_footer":"","neve_meta_disable_title":"","_jetpack_memberships_contains_paid_content":false,"footnotes":"","jetpack_publicize_message":"","jetpack_publicize_feature_enabled":true,"jetpack_social_post_already_shared":true,"jetpack_social_options":{"image_generator_settings":{"template":"highway","default_image_id":0,"font":"","enabled":false},"version":2}},"categories":[70,128],"tags":[185],"class_list":["post-6654","post","type-post","status-publish","format-standard","has-post-thumbnail","hentry","category-a-lire","category-la-paix","tag-humanisme"],"aioseo_notices":[],"jetpack_publicize_connections":[],"jetpack_featured_media_url":"https:\/\/www.brenne-au-coeur.com\/wp-content\/uploads\/2025\/05\/gaza-mort.jpeg","jetpack-related-posts":[],"jetpack_sharing_enabled":true,"_links":{"self":[{"href":"https:\/\/www.brenne-au-coeur.com\/index.php\/wp-json\/wp\/v2\/posts\/6654","targetHints":{"allow":["GET"]}}],"collection":[{"href":"https:\/\/www.brenne-au-coeur.com\/index.php\/wp-json\/wp\/v2\/posts"}],"about":[{"href":"https:\/\/www.brenne-au-coeur.com\/index.php\/wp-json\/wp\/v2\/types\/post"}],"author":[{"embeddable":true,"href":"https:\/\/www.brenne-au-coeur.com\/index.php\/wp-json\/wp\/v2\/users\/1"}],"replies":[{"embeddable":true,"href":"https:\/\/www.brenne-au-coeur.com\/index.php\/wp-json\/wp\/v2\/comments?post=6654"}],"version-history":[{"count":2,"href":"https:\/\/www.brenne-au-coeur.com\/index.php\/wp-json\/wp\/v2\/posts\/6654\/revisions"}],"predecessor-version":[{"id":6677,"href":"https:\/\/www.brenne-au-coeur.com\/index.php\/wp-json\/wp\/v2\/posts\/6654\/revisions\/6677"}],"wp:featuredmedia":[{"embeddable":true,"href":"https:\/\/www.brenne-au-coeur.com\/index.php\/wp-json\/wp\/v2\/media\/6655"}],"wp:attachment":[{"href":"https:\/\/www.brenne-au-coeur.com\/index.php\/wp-json\/wp\/v2\/media?parent=6654"}],"wp:term":[{"taxonomy":"category","embeddable":true,"href":"https:\/\/www.brenne-au-coeur.com\/index.php\/wp-json\/wp\/v2\/categories?post=6654"},{"taxonomy":"post_tag","embeddable":true,"href":"https:\/\/www.brenne-au-coeur.com\/index.php\/wp-json\/wp\/v2\/tags?post=6654"}],"curies":[{"name":"wp","href":"https:\/\/api.w.org\/{rel}","templated":true}]}}