{"id":6628,"date":"2025-05-06T15:50:34","date_gmt":"2025-05-06T13:50:34","guid":{"rendered":"https:\/\/www.brenne-au-coeur.com\/?p=6628"},"modified":"2025-05-06T15:50:34","modified_gmt":"2025-05-06T13:50:34","slug":"un-16-mai-pour-vivre-en-paix","status":"publish","type":"post","link":"https:\/\/www.brenne-au-coeur.com\/index.php\/2025\/05\/06\/un-16-mai-pour-vivre-en-paix\/la-paix\/6628\/","title":{"rendered":"Un 16 mai pour vivre en paix"},"content":{"rendered":"<p><span style=\"font-size: large;\"><a href=\"https:\/\/www.brenne-au-coeur.com\/wp-content\/uploads\/2025\/05\/paix.jpeg\" rel=\"lightbox[6628]\"><img loading=\"lazy\" decoding=\"async\" class=\"alignleft wp-image-6631 size-full\" src=\"https:\/\/www.brenne-au-coeur.com\/wp-content\/uploads\/2025\/05\/paix.jpeg\" alt=\"\" width=\"268\" height=\"188\" srcset=\"https:\/\/www.brenne-au-coeur.com\/wp-content\/uploads\/2025\/05\/paix.jpeg 268w, https:\/\/www.brenne-au-coeur.com\/wp-content\/uploads\/2025\/05\/paix-150x105.jpeg 150w\" sizes=\"auto, (max-width: 268px) 100vw, 268px\" \/><\/a><a href=\"https:\/\/www.mvtpaix.org\/wordpress\/\">Le mouvement de la paix<\/a> appelle \u00e0 une action le 16 mai, dans le cadre de la journ\u00e9e internationale du vivre ensemble en paix. <\/span><\/p>\n<p><span style=\"font-size: large;\">En 2023, au plan mondial les d\u00e9penses militaires se sont \u00e9lev\u00e9es \u00e0 2400 milliards de dollars alors que la m\u00eame ann\u00e9e, 60 millions d\u2019\u00eatres humains sont morts de la faim, des cons\u00e9quences de la faim et de la mis\u00e8re extr\u00eame dans les 120 pays les plus pauvres (source ONU).<\/span><\/p>\n<p><span style=\"font-size: large;\">Mis\u00e8res, famines, guerres, crimes de guerres, crimes contre l\u2019humanit\u00e9, mont\u00e9e des extr\u00eames droites, crise climatique, menaces d\u2019utilisation des armes nucl\u00e9aires. Les in\u00e9galit\u00e9s de d\u00e9veloppement se creusent entre les pays riches et les pays pauvres mais aussi au sein des soci\u00e9t\u00e9s.<\/span><\/p>\n<p><span style=\"font-size: large;\">Face \u00e0 ces d\u00e9fis le Mouvement de la Paix en appelle \u00e0 une insurrection des consciences pour cr\u00e9er, en France et dans le monde, une dynamique unitaire en faveur de la paix, car pour son avenir, l\u2019humanit\u00e9 n\u2019a d\u2019autre chemin que la Paix. <\/span><\/p>\n<p><span style=\"font-size: large;\"><a href=\"https:\/\/www.brenne-au-coeur.com\/wp-content\/uploads\/2025\/05\/paix-2.jpeg\" rel=\"lightbox[6628]\"><img loading=\"lazy\" decoding=\"async\" class=\"alignright wp-image-6630\" src=\"https:\/\/www.brenne-au-coeur.com\/wp-content\/uploads\/2025\/05\/paix-2-300x110.jpeg\" alt=\"\" width=\"360\" height=\"132\" srcset=\"https:\/\/www.brenne-au-coeur.com\/wp-content\/uploads\/2025\/05\/paix-2-300x110.jpeg 300w, https:\/\/www.brenne-au-coeur.com\/wp-content\/uploads\/2025\/05\/paix-2-150x55.jpeg 150w, https:\/\/www.brenne-au-coeur.com\/wp-content\/uploads\/2025\/05\/paix-2.jpeg 371w\" sizes=\"auto, (max-width: 360px) 100vw, 360px\" \/><\/a>C\u2019est n\u00e9cessaire et possible. <\/span><\/p>\n<p><span style=\"font-size: large;\">Le mouvement de la paix appelle\u00a0: \u00e0 r\u00e9sister aux logiques guerri\u00e8res et de force, de puissance et de domination \u00e9conomique financi\u00e8re, militaire, id\u00e9ologique, propos\u00e9es par Trump, Poutine, Netanyahou et d\u2019autres, qui veulent imposer la loi du plus fort au d\u00e9triment du droit international et des besoins sociaux (Sant\u00e9, \u00e9ducation, logement, emploi, recherche, environnement et climat)\u00a0; \u00e0 d\u00e9noncer le doublement des budgets militaires\u00a0; \u00e0 imposer le respect de la Charte des Nations Unies dont l\u2019article 26 appelle les \u00c9tats \u00ab&nbsp;\u00e0 ne d\u00e9tourner vers les armements que le minimum des<\/span><\/p>\n<p><span style=\"font-size: large;\">ressources du monde&nbsp;\u00bb. <\/span><\/p>\n<p><span style=\"font-size: large;\">L\u2019urgence pour le mouvement est d\u2019exiger la mise en \u0153uvre des Objectifs de D\u00e9veloppement Durable, des r\u00e9solutions de l\u2019ONU pour une culture la paix, des recommandations du GIEC, des principes d\u00e9finis par la conf\u00e9rence \u00e0 Helsinki (1975) sur la s\u00e9curit\u00e9 et la coop\u00e9ration en Europe (hors OTAN), une conf\u00e9rence mondiale pour la paix sous l\u2019\u00e9gide de l\u2019assembl\u00e9e g\u00e9n\u00e9rale de l\u2019ONU&nbsp;; pour l\u2019Europe, une conf\u00e9rence Paneurop\u00e9enne pour une s\u00e9curit\u00e9 commune&nbsp;; pour le Moyen-Orient&nbsp;: reconnaissance d\u2019un l\u2019\u00c9tat de Palestine (\u00e0 c\u00f4t\u00e9 d\u2019Isra\u00ebl).<\/span><\/p>\n","protected":false},"excerpt":{"rendered":"<p>Le mouvement de la paix appelle \u00e0 une action le 16 mai, dans le cadre de la journ\u00e9e internationale du vivre ensemble en paix. En 2023, au plan mondial les d\u00e9penses militaires se sont \u00e9lev\u00e9es \u00e0 2400 milliards de dollars alors que la m\u00eame ann\u00e9e, 60 millions d\u2019\u00eatres humains sont morts de la faim, des&hellip;&nbsp;<a href=\"https:\/\/www.brenne-au-coeur.com\/index.php\/2025\/05\/06\/un-16-mai-pour-vivre-en-paix\/la-paix\/6628\/\" rel=\"bookmark\">Lire la suite&nbsp;&raquo;<span class=\"screen-reader-text\">Un 16 mai pour vivre en paix<\/span><\/a><\/p>\n","protected":false},"author":1,"featured_media":6629,"comment_status":"open","ping_status":"open","sticky":false,"template":"","format":"standard","meta":{"rop_custom_images_group":[],"rop_custom_messages_group":[],"rop_publish_now":"initial","rop_publish_now_accounts":[],"rop_publish_now_history":[],"rop_publish_now_status":"pending","_monsterinsights_skip_tracking":false,"_monsterinsights_sitenote_active":false,"_monsterinsights_sitenote_note":"","_monsterinsights_sitenote_category":0,"neve_meta_sidebar":"","neve_meta_container":"","neve_meta_enable_content_width":"off","neve_meta_content_width":70,"neve_meta_title_alignment":"","neve_meta_author_avatar":"","neve_post_elements_order":"","neve_meta_disable_header":"","neve_meta_disable_footer":"","neve_meta_disable_title":"","_jetpack_memberships_contains_paid_content":false,"footnotes":"","jetpack_publicize_message":"","jetpack_publicize_feature_enabled":true,"jetpack_social_post_already_shared":true,"jetpack_social_options":{"image_generator_settings":{"template":"highway","default_image_id":0,"font":"","enabled":false},"version":2}},"categories":[128],"tags":[125],"class_list":["post-6628","post","type-post","status-publish","format-standard","has-post-thumbnail","hentry","category-la-paix","tag-pacifisme"],"aioseo_notices":[],"jetpack_publicize_connections":[],"jetpack_featured_media_url":"https:\/\/www.brenne-au-coeur.com\/wp-content\/uploads\/2025\/05\/Ca-Urge-NTE-et-Fred-950.jpg","jetpack-related-posts":[],"jetpack_sharing_enabled":true,"_links":{"self":[{"href":"https:\/\/www.brenne-au-coeur.com\/index.php\/wp-json\/wp\/v2\/posts\/6628","targetHints":{"allow":["GET"]}}],"collection":[{"href":"https:\/\/www.brenne-au-coeur.com\/index.php\/wp-json\/wp\/v2\/posts"}],"about":[{"href":"https:\/\/www.brenne-au-coeur.com\/index.php\/wp-json\/wp\/v2\/types\/post"}],"author":[{"embeddable":true,"href":"https:\/\/www.brenne-au-coeur.com\/index.php\/wp-json\/wp\/v2\/users\/1"}],"replies":[{"embeddable":true,"href":"https:\/\/www.brenne-au-coeur.com\/index.php\/wp-json\/wp\/v2\/comments?post=6628"}],"version-history":[{"count":1,"href":"https:\/\/www.brenne-au-coeur.com\/index.php\/wp-json\/wp\/v2\/posts\/6628\/revisions"}],"predecessor-version":[{"id":6632,"href":"https:\/\/www.brenne-au-coeur.com\/index.php\/wp-json\/wp\/v2\/posts\/6628\/revisions\/6632"}],"wp:featuredmedia":[{"embeddable":true,"href":"https:\/\/www.brenne-au-coeur.com\/index.php\/wp-json\/wp\/v2\/media\/6629"}],"wp:attachment":[{"href":"https:\/\/www.brenne-au-coeur.com\/index.php\/wp-json\/wp\/v2\/media?parent=6628"}],"wp:term":[{"taxonomy":"category","embeddable":true,"href":"https:\/\/www.brenne-au-coeur.com\/index.php\/wp-json\/wp\/v2\/categories?post=6628"},{"taxonomy":"post_tag","embeddable":true,"href":"https:\/\/www.brenne-au-coeur.com\/index.php\/wp-json\/wp\/v2\/tags?post=6628"}],"curies":[{"name":"wp","href":"https:\/\/api.w.org\/{rel}","templated":true}]}}