{"id":6625,"date":"2025-05-06T14:01:45","date_gmt":"2025-05-06T12:01:45","guid":{"rendered":"https:\/\/www.brenne-au-coeur.com\/?p=6625"},"modified":"2025-05-06T14:01:45","modified_gmt":"2025-05-06T12:01:45","slug":"violoncelle-a-lieutopie","status":"publish","type":"post","link":"https:\/\/www.brenne-au-coeur.com\/index.php\/2025\/05\/06\/violoncelle-a-lieutopie\/preuilly-sur-claise\/6625\/","title":{"rendered":"Violoncelle \u00e0 Lieutopie"},"content":{"rendered":"<p><span style=\"font-size: large;\"><a href=\"https:\/\/www.brenne-au-coeur.com\/wp-content\/uploads\/2025\/05\/le-bourgeois.jpeg\" rel=\"lightbox[6625]\"><img loading=\"lazy\" decoding=\"async\" class=\"alignleft wp-image-6626\" src=\"https:\/\/www.brenne-au-coeur.com\/wp-content\/uploads\/2025\/05\/le-bourgeois-212x300.jpeg\" alt=\"\" width=\"172\" height=\"243\" srcset=\"https:\/\/www.brenne-au-coeur.com\/wp-content\/uploads\/2025\/05\/le-bourgeois-212x300.jpeg 212w, https:\/\/www.brenne-au-coeur.com\/wp-content\/uploads\/2025\/05\/le-bourgeois-724x1024.jpeg 724w, https:\/\/www.brenne-au-coeur.com\/wp-content\/uploads\/2025\/05\/le-bourgeois-106x150.jpeg 106w, https:\/\/www.brenne-au-coeur.com\/wp-content\/uploads\/2025\/05\/le-bourgeois-768x1086.jpeg 768w, https:\/\/www.brenne-au-coeur.com\/wp-content\/uploads\/2025\/05\/le-bourgeois-1086x1536.jpeg 1086w, https:\/\/www.brenne-au-coeur.com\/wp-content\/uploads\/2025\/05\/le-bourgeois-1448x2048.jpeg 1448w, https:\/\/www.brenne-au-coeur.com\/wp-content\/uploads\/2025\/05\/le-bourgeois.jpeg 1587w\" sizes=\"auto, (max-width: 172px) 100vw, 172px\" \/><\/a>Vendredi 16 mai \u00e0 20h30, Lieutopie propose un concert de violoncelle, par Pierre Le Bourgeois qui pr\u00e9sentera ses compositions.<\/span><\/p>\n<p><span style=\"font-size: large;\">Pierre Le Bourgeois propose une s\u00e9rie de courtes compositions pour violoncelle seul.<\/span><\/p>\n<p><span style=\"font-size: large;\">Inspir\u00e9 par la musique n\u00e9o-classique fran\u00e7aise du 20\u00e9me si\u00e8cle et par les proc\u00e9d\u00e9s de compositions de John Cage il propose une musique acoustique, toujours \u00e0 la recherche du beau et du ludique.<\/span><\/p>\n<p><span style=\"font-size: large;\">Pierre Le Bourgeois est violoncelliste compositeur, il accompagne depuis une vingtaine d\u2019ann\u00e9es de nombreux artistes de la sc\u00e8ne fran\u00e7aise (Bertrand Belin, Nosfell, Philippe Decoufl\u00e9\u2026), il travaille actuellement avec Arthur H pour sa nouvelle tourn\u00e9e (saison 25\/26) et avec Carolyn Carlson pour une cr\u00e9ation exclusive \u00e0 l\u2019op\u00e9ra de Toulouse (Juin 2026).<\/span><\/p>\n","protected":false},"excerpt":{"rendered":"<p>Vendredi 16 mai \u00e0 20h30, Lieutopie propose un concert de violoncelle, par Pierre Le Bourgeois qui pr\u00e9sentera ses compositions. Pierre Le Bourgeois propose une s\u00e9rie de courtes compositions pour violoncelle seul. Inspir\u00e9 par la musique n\u00e9o-classique fran\u00e7aise du 20\u00e9me si\u00e8cle et par les proc\u00e9d\u00e9s de compositions de John Cage il propose une musique acoustique, toujours&hellip;&nbsp;<a href=\"https:\/\/www.brenne-au-coeur.com\/index.php\/2025\/05\/06\/violoncelle-a-lieutopie\/preuilly-sur-claise\/6625\/\" rel=\"bookmark\">Lire la suite&nbsp;&raquo;<span class=\"screen-reader-text\">Violoncelle \u00e0 Lieutopie<\/span><\/a><\/p>\n","protected":false},"author":1,"featured_media":6626,"comment_status":"open","ping_status":"open","sticky":false,"template":"","format":"standard","meta":{"rop_custom_images_group":[],"rop_custom_messages_group":[],"rop_publish_now":"initial","rop_publish_now_accounts":[],"rop_publish_now_history":[],"rop_publish_now_status":"pending","_monsterinsights_skip_tracking":false,"_monsterinsights_sitenote_active":false,"_monsterinsights_sitenote_note":"","_monsterinsights_sitenote_category":0,"neve_meta_sidebar":"","neve_meta_container":"","neve_meta_enable_content_width":"off","neve_meta_content_width":70,"neve_meta_title_alignment":"","neve_meta_author_avatar":"","neve_post_elements_order":"","neve_meta_disable_header":"","neve_meta_disable_footer":"","neve_meta_disable_title":"","_jetpack_memberships_contains_paid_content":false,"footnotes":"","jetpack_publicize_message":"","jetpack_publicize_feature_enabled":true,"jetpack_social_post_already_shared":true,"jetpack_social_options":{"image_generator_settings":{"template":"highway","default_image_id":0,"font":"","enabled":false},"version":2}},"categories":[131],"tags":[64],"class_list":["post-6625","post","type-post","status-publish","format-standard","has-post-thumbnail","hentry","category-preuilly-sur-claise","tag-concert"],"aioseo_notices":[],"jetpack_publicize_connections":[],"jetpack_featured_media_url":"https:\/\/www.brenne-au-coeur.com\/wp-content\/uploads\/2025\/05\/le-bourgeois.jpeg","jetpack-related-posts":[],"jetpack_sharing_enabled":true,"_links":{"self":[{"href":"https:\/\/www.brenne-au-coeur.com\/index.php\/wp-json\/wp\/v2\/posts\/6625","targetHints":{"allow":["GET"]}}],"collection":[{"href":"https:\/\/www.brenne-au-coeur.com\/index.php\/wp-json\/wp\/v2\/posts"}],"about":[{"href":"https:\/\/www.brenne-au-coeur.com\/index.php\/wp-json\/wp\/v2\/types\/post"}],"author":[{"embeddable":true,"href":"https:\/\/www.brenne-au-coeur.com\/index.php\/wp-json\/wp\/v2\/users\/1"}],"replies":[{"embeddable":true,"href":"https:\/\/www.brenne-au-coeur.com\/index.php\/wp-json\/wp\/v2\/comments?post=6625"}],"version-history":[{"count":1,"href":"https:\/\/www.brenne-au-coeur.com\/index.php\/wp-json\/wp\/v2\/posts\/6625\/revisions"}],"predecessor-version":[{"id":6627,"href":"https:\/\/www.brenne-au-coeur.com\/index.php\/wp-json\/wp\/v2\/posts\/6625\/revisions\/6627"}],"wp:featuredmedia":[{"embeddable":true,"href":"https:\/\/www.brenne-au-coeur.com\/index.php\/wp-json\/wp\/v2\/media\/6626"}],"wp:attachment":[{"href":"https:\/\/www.brenne-au-coeur.com\/index.php\/wp-json\/wp\/v2\/media?parent=6625"}],"wp:term":[{"taxonomy":"category","embeddable":true,"href":"https:\/\/www.brenne-au-coeur.com\/index.php\/wp-json\/wp\/v2\/categories?post=6625"},{"taxonomy":"post_tag","embeddable":true,"href":"https:\/\/www.brenne-au-coeur.com\/index.php\/wp-json\/wp\/v2\/tags?post=6625"}],"curies":[{"name":"wp","href":"https:\/\/api.w.org\/{rel}","templated":true}]}}