{"id":6605,"date":"2025-05-04T12:32:47","date_gmt":"2025-05-04T10:32:47","guid":{"rendered":"https:\/\/www.brenne-au-coeur.com\/?p=6605"},"modified":"2025-05-04T19:54:42","modified_gmt":"2025-05-04T17:54:42","slug":"les-25-ans-de-point-de-croix","status":"publish","type":"post","link":"https:\/\/www.brenne-au-coeur.com\/index.php\/2025\/05\/04\/les-25-ans-de-point-de-croix\/communes\/azay-le-ferron-communes\/6605\/","title":{"rendered":"Les 25 ans de Point de croix"},"content":{"rendered":"<figure id=\"attachment_6610\" aria-describedby=\"caption-attachment-6610\" style=\"width: 152px\" class=\"wp-caption alignleft\"><a href=\"https:\/\/www.brenne-au-coeur.com\/wp-content\/uploads\/2025\/05\/IMG-20250430-WA0021.jpg\" rel=\"lightbox[6605]\"><img loading=\"lazy\" decoding=\"async\" class=\"wp-image-6610\" src=\"https:\/\/www.brenne-au-coeur.com\/wp-content\/uploads\/2025\/05\/IMG-20250430-WA0021-225x300.jpg\" alt=\"\" width=\"152\" height=\"202\" srcset=\"https:\/\/www.brenne-au-coeur.com\/wp-content\/uploads\/2025\/05\/IMG-20250430-WA0021-225x300.jpg 225w, https:\/\/www.brenne-au-coeur.com\/wp-content\/uploads\/2025\/05\/IMG-20250430-WA0021-768x1024.jpg 768w, https:\/\/www.brenne-au-coeur.com\/wp-content\/uploads\/2025\/05\/IMG-20250430-WA0021-113x150.jpg 113w, https:\/\/www.brenne-au-coeur.com\/wp-content\/uploads\/2025\/05\/IMG-20250430-WA0021-1152x1536.jpg 1152w, https:\/\/www.brenne-au-coeur.com\/wp-content\/uploads\/2025\/05\/IMG-20250430-WA0021.jpg 1530w\" sizes=\"auto, (max-width: 152px) 100vw, 152px\" \/><\/a><figcaption id=\"caption-attachment-6610\" class=\"wp-caption-text\">Le point de croix&nbsp;: une vari\u00e9t\u00e9 infini de supports et th\u00e8mes<\/figcaption><\/figure>\n<p><span style=\"font-size: large;\">L\u2019association Point de Croix a f\u00eat\u00e9 son 25\u00e8me anniversaire, le 25 avril dernier. L\u2019occasion de pr\u00e9senter, dans des nouveaux locaux, des broderies r\u00e9centes et de revenir sur l\u2019histoire d\u2019une activit\u00e9 riche de cr\u00e9ations diverses. <\/span><\/p>\n<p><span style=\"font-size: large;\">C\u2019est le 15 mars 2000 que les statuts de l\u2019association ont \u00e9t\u00e9 d\u00e9pos\u00e9s. Sous l\u2019impulsion de Mme Douady qui deviendra sa premi\u00e8re pr\u00e9sidente, 18 brodeuses se r\u00e9unissent pour r\u00e9aliser des ouvrages. Rappelons que le point de croix est l\u2019une des techniques de la broderie, dite de point compt\u00e9, car la toile est vierge au d\u00e9part contrairement au canevas. Une technique. Mais une infinit\u00e9 de d\u00e9clinaisons. Elle consiste \u00e0 cr\u00e9er des objets, \u00e0 reproduire des tableaux, aux sujets vari\u00e9s. <\/span><\/p>\n<p><span style=\"font-size: large;\">D\u00e8s la cr\u00e9ation de l\u2019association, les brodeuses pr\u00e9sentent leur travail dans diff\u00e9rentes expositions, salons, march\u00e9s de No\u00ebl. Elles entretiennent des relations avec d\u2019autres clubs, comme celui de Villedieu. Une activit\u00e9 tourn\u00e9e vers l\u2019ext\u00e9rieur qui repose sur une volont\u00e9 permanente d\u2019une vie collective. Ainsi les membres de l\u2019association sont r\u00e9guli\u00e8rement invit\u00e9s \u00e0 participer \u00e0 des sorties.<\/span><\/p>\n<figure id=\"attachment_6607\" aria-describedby=\"caption-attachment-6607\" style=\"width: 167px\" class=\"wp-caption alignright\"><a href=\"https:\/\/www.brenne-au-coeur.com\/wp-content\/uploads\/2025\/05\/IMG-20250430-WA00021.jpg\" rel=\"lightbox[6605]\"><img loading=\"lazy\" decoding=\"async\" class=\"wp-image-6607\" src=\"https:\/\/www.brenne-au-coeur.com\/wp-content\/uploads\/2025\/05\/IMG-20250430-WA00021-225x300.jpg\" alt=\"\" width=\"167\" height=\"223\" srcset=\"https:\/\/www.brenne-au-coeur.com\/wp-content\/uploads\/2025\/05\/IMG-20250430-WA00021-225x300.jpg 225w, https:\/\/www.brenne-au-coeur.com\/wp-content\/uploads\/2025\/05\/IMG-20250430-WA00021-768x1024.jpg 768w, https:\/\/www.brenne-au-coeur.com\/wp-content\/uploads\/2025\/05\/IMG-20250430-WA00021-113x150.jpg 113w, https:\/\/www.brenne-au-coeur.com\/wp-content\/uploads\/2025\/05\/IMG-20250430-WA00021-1152x1536.jpg 1152w, https:\/\/www.brenne-au-coeur.com\/wp-content\/uploads\/2025\/05\/IMG-20250430-WA00021.jpg 1530w\" sizes=\"auto, (max-width: 167px) 100vw, 167px\" \/><\/a><figcaption id=\"caption-attachment-6607\" class=\"wp-caption-text\">25 ans r\u00e9sum\u00e9s par une expo.<\/figcaption><\/figure>\n<p><span style=\"font-size: large;\">Ce souci de la coh\u00e9sion du groupe se retrouve dans la mani\u00e8re de concevoir la broderie. <i>\u00ab&nbsp;Chaque brodeuse r\u00e9alise des ouvrages individuels par rapport \u00e0 ses propres go\u00fbts, mais participe \u00e0 des broderies en commun, comme l\u2019ab\u00e9c\u00e9daire ou le paravent\u00a0\u00bb<\/i>, pr\u00e9cise C\u00e9line Barnier.<\/span><\/p>\n<p><span style=\"font-size: large;\">C\u00e9line a \u00e9t\u00e9 \u00e9lue pr\u00e9sidente de l\u2019association en 2013. Accompagn\u00e9e au bureau de l\u2019association par Marie-France Hodot et Marie Souchet, elle poursuit son activit\u00e9 dans le m\u00eame \u00e9tat d\u2019esprit. Maintenir des rencontres r\u00e9guli\u00e8res o\u00f9 les 23 adh\u00e9rentes peuvent broder, \u00e9changer leur avis et passer ensemble, un moment agr\u00e9able et convivial, organiser des sorties ( la prochaine est pr\u00e9vue pour le 13 mai par une visite \u00e0 Amboise) et bien s\u00fbr faire conna\u00eetre les ouvrages.<\/span><\/p>\n<figure id=\"attachment_6608\" aria-describedby=\"caption-attachment-6608\" style=\"width: 171px\" class=\"wp-caption alignleft\"><a href=\"https:\/\/www.brenne-au-coeur.com\/wp-content\/uploads\/2025\/05\/IMG-20250430-WA0007.jpg\" rel=\"lightbox[6605]\"><img loading=\"lazy\" decoding=\"async\" class=\"wp-image-6608\" src=\"https:\/\/www.brenne-au-coeur.com\/wp-content\/uploads\/2025\/05\/IMG-20250430-WA0007-225x300.jpg\" alt=\"\" width=\"171\" height=\"228\" srcset=\"https:\/\/www.brenne-au-coeur.com\/wp-content\/uploads\/2025\/05\/IMG-20250430-WA0007-225x300.jpg 225w, https:\/\/www.brenne-au-coeur.com\/wp-content\/uploads\/2025\/05\/IMG-20250430-WA0007-768x1024.jpg 768w, https:\/\/www.brenne-au-coeur.com\/wp-content\/uploads\/2025\/05\/IMG-20250430-WA0007-113x150.jpg 113w, https:\/\/www.brenne-au-coeur.com\/wp-content\/uploads\/2025\/05\/IMG-20250430-WA0007-1152x1536.jpg 1152w, https:\/\/www.brenne-au-coeur.com\/wp-content\/uploads\/2025\/05\/IMG-20250430-WA0007.jpg 1530w\" sizes=\"auto, (max-width: 171px) 100vw, 171px\" \/><\/a><figcaption id=\"caption-attachment-6608\" class=\"wp-caption-text\">Une activit\u00e9 relay\u00e9e par la presse locale<\/figcaption><\/figure>\n<p><span style=\"font-size: large;\">De ce point de vue, C\u00e9line se r\u00e9jouit de la mise \u00e0 disposition par la mairie d\u2019un local au 22 rue Hersent-Luzarches. <i>\u00ab\u00a0C\u2019est un atout ind\u00e9niable. Dot\u00e9 d\u2019une vitrine sur rue, le local nous permet d\u2019afficher nos cr\u00e9ations au public, commente-t-elle. Nous avons d\u00e9cid\u00e9 de d\u00e9corer la vitrine sur le th\u00e8me des saisons.\u00a0\u00bb<\/i> Certaines cr\u00e9ations vont m\u00eame s\u2019exporter. La mairie en a achet\u00e9 quelques-unes, destin\u00e9es \u00e0 La ville de Gars Am Inn en Allemagne, dans le cadre du jumelage.<\/span><\/p>\n<p><span style=\"font-size: large;\">Cet \u00e9t\u00e9, pour coller \u00e0 l\u2019actualit\u00e9, le th\u00e8me sera le Tour de France, puisque les coureurs de la grande boucle traverseront Azay-le-Ferron. <\/span><\/p>\n<p><span style=\"font-size: large;\">Une occasion suppl\u00e9mentaire de montrer le dynamisme d\u2019une activit\u00e9 que l\u2019on peut pratiquer \u00e0 n\u2019importe quel \u00e2ge.<\/span><\/p>\n","protected":false},"excerpt":{"rendered":"<p>L\u2019association Point de Croix a f\u00eat\u00e9 son 25\u00e8me anniversaire, le 25 avril dernier. L\u2019occasion de pr\u00e9senter, dans des nouveaux locaux, des broderies r\u00e9centes et de revenir sur l\u2019histoire d\u2019une activit\u00e9 riche de cr\u00e9ations diverses. C\u2019est le 15 mars 2000 que les statuts de l\u2019association ont \u00e9t\u00e9 d\u00e9pos\u00e9s. Sous l\u2019impulsion de Mme Douady qui deviendra sa&hellip;&nbsp;<a href=\"https:\/\/www.brenne-au-coeur.com\/index.php\/2025\/05\/04\/les-25-ans-de-point-de-croix\/communes\/azay-le-ferron-communes\/6605\/\" rel=\"bookmark\">Lire la suite&nbsp;&raquo;<span class=\"screen-reader-text\">Les 25 ans de Point de croix<\/span><\/a><\/p>\n","protected":false},"author":1,"featured_media":6606,"comment_status":"open","ping_status":"open","sticky":false,"template":"","format":"standard","meta":{"rop_custom_images_group":[],"rop_custom_messages_group":[],"rop_publish_now":"initial","rop_publish_now_accounts":[],"rop_publish_now_history":[],"rop_publish_now_status":"pending","_monsterinsights_skip_tracking":false,"_monsterinsights_sitenote_active":false,"_monsterinsights_sitenote_note":"","_monsterinsights_sitenote_category":0,"neve_meta_sidebar":"","neve_meta_container":"","neve_meta_enable_content_width":"off","neve_meta_content_width":70,"neve_meta_title_alignment":"","neve_meta_author_avatar":"","neve_post_elements_order":"","neve_meta_disable_header":"","neve_meta_disable_footer":"","neve_meta_disable_title":"","_jetpack_memberships_contains_paid_content":false,"footnotes":"","jetpack_publicize_message":"","jetpack_publicize_feature_enabled":true,"jetpack_social_post_already_shared":true,"jetpack_social_options":{"image_generator_settings":{"template":"highway","default_image_id":0,"font":"","enabled":false},"version":2}},"categories":[10],"tags":[50,31],"class_list":["post-6605","post","type-post","status-publish","format-standard","has-post-thumbnail","hentry","category-azay-le-ferron-communes","tag-artisanat","tag-associations"],"aioseo_notices":[],"jetpack_publicize_connections":[],"jetpack_featured_media_url":"https:\/\/www.brenne-au-coeur.com\/wp-content\/uploads\/2025\/05\/IMG-20250324-WA0000.jpg","jetpack-related-posts":[],"jetpack_sharing_enabled":true,"_links":{"self":[{"href":"https:\/\/www.brenne-au-coeur.com\/index.php\/wp-json\/wp\/v2\/posts\/6605","targetHints":{"allow":["GET"]}}],"collection":[{"href":"https:\/\/www.brenne-au-coeur.com\/index.php\/wp-json\/wp\/v2\/posts"}],"about":[{"href":"https:\/\/www.brenne-au-coeur.com\/index.php\/wp-json\/wp\/v2\/types\/post"}],"author":[{"embeddable":true,"href":"https:\/\/www.brenne-au-coeur.com\/index.php\/wp-json\/wp\/v2\/users\/1"}],"replies":[{"embeddable":true,"href":"https:\/\/www.brenne-au-coeur.com\/index.php\/wp-json\/wp\/v2\/comments?post=6605"}],"version-history":[{"count":3,"href":"https:\/\/www.brenne-au-coeur.com\/index.php\/wp-json\/wp\/v2\/posts\/6605\/revisions"}],"predecessor-version":[{"id":6624,"href":"https:\/\/www.brenne-au-coeur.com\/index.php\/wp-json\/wp\/v2\/posts\/6605\/revisions\/6624"}],"wp:featuredmedia":[{"embeddable":true,"href":"https:\/\/www.brenne-au-coeur.com\/index.php\/wp-json\/wp\/v2\/media\/6606"}],"wp:attachment":[{"href":"https:\/\/www.brenne-au-coeur.com\/index.php\/wp-json\/wp\/v2\/media?parent=6605"}],"wp:term":[{"taxonomy":"category","embeddable":true,"href":"https:\/\/www.brenne-au-coeur.com\/index.php\/wp-json\/wp\/v2\/categories?post=6605"},{"taxonomy":"post_tag","embeddable":true,"href":"https:\/\/www.brenne-au-coeur.com\/index.php\/wp-json\/wp\/v2\/tags?post=6605"}],"curies":[{"name":"wp","href":"https:\/\/api.w.org\/{rel}","templated":true}]}}