{"id":6595,"date":"2025-04-25T15:19:46","date_gmt":"2025-04-25T13:19:46","guid":{"rendered":"https:\/\/www.brenne-au-coeur.com\/?p=6595"},"modified":"2025-04-25T15:19:46","modified_gmt":"2025-04-25T13:19:46","slug":"expo-a-chasseneuil","status":"publish","type":"post","link":"https:\/\/www.brenne-au-coeur.com\/index.php\/2025\/04\/25\/expo-a-chasseneuil\/chasseneuil-en-berry\/6595\/","title":{"rendered":"Expo \u00e0 Chasseneuil"},"content":{"rendered":"<figure id=\"attachment_6598\" aria-describedby=\"caption-attachment-6598\" style=\"width: 183px\" class=\"wp-caption alignleft\"><a href=\"https:\/\/www.brenne-au-coeur.com\/wp-content\/uploads\/2025\/04\/pastel-gontier-2.resized.jpg\" rel=\"lightbox[6595]\"><img loading=\"lazy\" decoding=\"async\" class=\"wp-image-6598\" src=\"https:\/\/www.brenne-au-coeur.com\/wp-content\/uploads\/2025\/04\/pastel-gontier-2.resized-231x300.jpg\" alt=\"\" width=\"183\" height=\"237\" srcset=\"https:\/\/www.brenne-au-coeur.com\/wp-content\/uploads\/2025\/04\/pastel-gontier-2.resized-231x300.jpg 231w, https:\/\/www.brenne-au-coeur.com\/wp-content\/uploads\/2025\/04\/pastel-gontier-2.resized-115x150.jpg 115w, https:\/\/www.brenne-au-coeur.com\/wp-content\/uploads\/2025\/04\/pastel-gontier-2.resized.jpg 617w\" sizes=\"auto, (max-width: 183px) 100vw, 183px\" \/><\/a><figcaption id=\"caption-attachment-6598\" class=\"wp-caption-text\">Pastel d&rsquo;Annick Gontier<\/figcaption><\/figure>\n<p><span style=\"font-size: large;\">Du 1<sup>er<\/sup> au 8 mai, la salle des f\u00eates de Chasseneuil en Berry accueillera une exposition artistique, tous les jours de 14h30 \u00e0 18h30. Pour cette 22\u00e8me \u00e9dition, deux cents tableaux et une soixantaine de sculptures seront propos\u00e9s aux visiteurs. <\/span><\/p>\n<p><span style=\"font-size: large;\">Toutes ces \u0153uvres, r\u00e9alis\u00e9es par quatorze peintres, offrent des techniques et styles vari\u00e9s. Les tableaux sont con\u00e7us au couteau, \u00e0 l\u2019huile, \u00e0 l\u2019acrylique, au pastel ou \u00e0 l\u2019aquarelle. Trois sculpteurs exposeront leur travail, en m\u00e9tal pierre ou c\u00e9ramique.<\/span><\/p>\n<p><span style=\"font-size: large;\">La po\u00e9tesse Simone Kokot pr\u00e9sentera ses textes, le temps de l\u2019exposition. Des recueils de ses po\u00e8mes sont disponibles \u00e0 cette occasion.<\/span><\/p>\n<p><span style=\"font-size: large;\">Par ailleurs, des d\u00e9monstrations de peinture sont organis\u00e9es, d\u2019aquarelle les 4 et 8 mai et de pastel le 8 mai.<\/span><\/p>\n<p><span style=\"font-size: large;\">Pendant la dur\u00e9e de l\u2019exposition, \u00ab\u00a0un jeu de visiteurs\u00a0\u00bb permettra de gagner une aquarelle. <\/span><\/p>\n<figure id=\"attachment_6597\" aria-describedby=\"caption-attachment-6597\" style=\"width: 300px\" class=\"wp-caption alignright\"><a href=\"https:\/\/www.brenne-au-coeur.com\/wp-content\/uploads\/2025\/04\/bondieu-4.resized.jpg\" rel=\"lightbox[6595]\"><img loading=\"lazy\" decoding=\"async\" class=\"wp-image-6597 size-medium\" src=\"https:\/\/www.brenne-au-coeur.com\/wp-content\/uploads\/2025\/04\/bondieu-4.resized-300x200.jpg\" alt=\"\" width=\"300\" height=\"200\" srcset=\"https:\/\/www.brenne-au-coeur.com\/wp-content\/uploads\/2025\/04\/bondieu-4.resized-300x200.jpg 300w, https:\/\/www.brenne-au-coeur.com\/wp-content\/uploads\/2025\/04\/bondieu-4.resized-150x100.jpg 150w, https:\/\/www.brenne-au-coeur.com\/wp-content\/uploads\/2025\/04\/bondieu-4.resized-272x182.jpg 272w, https:\/\/www.brenne-au-coeur.com\/wp-content\/uploads\/2025\/04\/bondieu-4.resized.jpg 400w\" sizes=\"auto, (max-width: 300px) 100vw, 300px\" \/><\/a><figcaption id=\"caption-attachment-6597\" class=\"wp-caption-text\">Sculptures de Bernard Bondieu<\/figcaption><\/figure>\n<p><span style=\"font-size: large;\">Les organisateurs de cette exposition, montreront une nouvelle fois, \u00e0 n\u2019en pas douter, leurs capacit\u00e9s \u00e0 r\u00e9unir des cr\u00e9ations de grande qualit\u00e9, qu\u2019il n\u2019est pas toujours indispensable d\u2019aller chercher dans les mus\u00e9es des grandes villes. \u00c0 deux pas de chez nous, ce serait dommage de ne pas en profiter.<\/span><\/p>\n<p><span style=\"font-size: large;\">Les artistes participants \u00e0 cette exposition sont les suivants\u00a0:<\/span><\/p>\n<p><span style=\"font-size: large;\">\u00c9ric Baudet, Claude Bertrand, Bernard Bondieu, G\u00e9rard Charpentier, Fran\u00e7ois D\u00e9sir\u00e9, Bernard Dubreuil, Ariel Est\u00e8ve, Odile Ferraud, Annick Gontier, Sylvie Hoffner, Agn\u00e8s Ka, Michel Lacou, Jean-Pierre Lascoux, Sylvie Mini\u00e8re, Fran\u00e7oise Nicoulaud, L\u00e9onelle Tiffeneau, Jean-Luc Vincent. <\/span><\/p>\n","protected":false},"excerpt":{"rendered":"<p>Du 1er au 8 mai, la salle des f\u00eates de Chasseneuil en Berry accueillera une exposition artistique, tous les jours de 14h30 \u00e0 18h30. Pour cette 22\u00e8me \u00e9dition, deux cents tableaux et une soixantaine de sculptures seront propos\u00e9s aux visiteurs. Toutes ces \u0153uvres, r\u00e9alis\u00e9es par quatorze peintres, offrent des techniques et styles vari\u00e9s. Les tableaux&hellip;&nbsp;<a href=\"https:\/\/www.brenne-au-coeur.com\/index.php\/2025\/04\/25\/expo-a-chasseneuil\/chasseneuil-en-berry\/6595\/\" rel=\"bookmark\">Lire la suite&nbsp;&raquo;<span class=\"screen-reader-text\">Expo \u00e0 Chasseneuil<\/span><\/a><\/p>\n","protected":false},"author":1,"featured_media":6596,"comment_status":"open","ping_status":"open","sticky":false,"template":"","format":"standard","meta":{"rop_custom_images_group":[],"rop_custom_messages_group":[],"rop_publish_now":"initial","rop_publish_now_accounts":[],"rop_publish_now_history":[],"rop_publish_now_status":"pending","_monsterinsights_skip_tracking":false,"_monsterinsights_sitenote_active":false,"_monsterinsights_sitenote_note":"","_monsterinsights_sitenote_category":0,"neve_meta_sidebar":"","neve_meta_container":"","neve_meta_enable_content_width":"off","neve_meta_content_width":70,"neve_meta_title_alignment":"","neve_meta_author_avatar":"","neve_post_elements_order":"","neve_meta_disable_header":"","neve_meta_disable_footer":"","neve_meta_disable_title":"","_jetpack_memberships_contains_paid_content":false,"footnotes":"","jetpack_publicize_message":"","jetpack_publicize_feature_enabled":true,"jetpack_social_post_already_shared":true,"jetpack_social_options":{"image_generator_settings":{"template":"highway","default_image_id":0,"font":"","enabled":false},"version":2}},"categories":[184],"tags":[52,46,61,53],"class_list":["post-6595","post","type-post","status-publish","format-standard","has-post-thumbnail","hentry","category-chasseneuil-en-berry","tag-exposition","tag-peinture","tag-poesie","tag-sculpture"],"aioseo_notices":[],"jetpack_publicize_connections":[],"jetpack_featured_media_url":"https:\/\/www.brenne-au-coeur.com\/wp-content\/uploads\/2025\/04\/expo-chasseneuil.resized.jpeg","jetpack-related-posts":[],"jetpack_sharing_enabled":true,"_links":{"self":[{"href":"https:\/\/www.brenne-au-coeur.com\/index.php\/wp-json\/wp\/v2\/posts\/6595","targetHints":{"allow":["GET"]}}],"collection":[{"href":"https:\/\/www.brenne-au-coeur.com\/index.php\/wp-json\/wp\/v2\/posts"}],"about":[{"href":"https:\/\/www.brenne-au-coeur.com\/index.php\/wp-json\/wp\/v2\/types\/post"}],"author":[{"embeddable":true,"href":"https:\/\/www.brenne-au-coeur.com\/index.php\/wp-json\/wp\/v2\/users\/1"}],"replies":[{"embeddable":true,"href":"https:\/\/www.brenne-au-coeur.com\/index.php\/wp-json\/wp\/v2\/comments?post=6595"}],"version-history":[{"count":1,"href":"https:\/\/www.brenne-au-coeur.com\/index.php\/wp-json\/wp\/v2\/posts\/6595\/revisions"}],"predecessor-version":[{"id":6599,"href":"https:\/\/www.brenne-au-coeur.com\/index.php\/wp-json\/wp\/v2\/posts\/6595\/revisions\/6599"}],"wp:featuredmedia":[{"embeddable":true,"href":"https:\/\/www.brenne-au-coeur.com\/index.php\/wp-json\/wp\/v2\/media\/6596"}],"wp:attachment":[{"href":"https:\/\/www.brenne-au-coeur.com\/index.php\/wp-json\/wp\/v2\/media?parent=6595"}],"wp:term":[{"taxonomy":"category","embeddable":true,"href":"https:\/\/www.brenne-au-coeur.com\/index.php\/wp-json\/wp\/v2\/categories?post=6595"},{"taxonomy":"post_tag","embeddable":true,"href":"https:\/\/www.brenne-au-coeur.com\/index.php\/wp-json\/wp\/v2\/tags?post=6595"}],"curies":[{"name":"wp","href":"https:\/\/api.w.org\/{rel}","templated":true}]}}