{"id":6588,"date":"2025-04-24T15:06:09","date_gmt":"2025-04-24T13:06:09","guid":{"rendered":"https:\/\/www.brenne-au-coeur.com\/?p=6588"},"modified":"2025-04-24T15:06:09","modified_gmt":"2025-04-24T13:06:09","slug":"comptines-en-partage","status":"publish","type":"post","link":"https:\/\/www.brenne-au-coeur.com\/index.php\/2025\/04\/24\/comptines-en-partage\/le-blanc\/6588\/","title":{"rendered":"Comptines en partage"},"content":{"rendered":"<p><span style=\"font-size: large;\"><a href=\"https:\/\/www.brenne-au-coeur.com\/wp-content\/uploads\/2025\/04\/comptines-en-partage-viii.jpg\" rel=\"lightbox[6588]\"><img loading=\"lazy\" decoding=\"async\" class=\"alignleft wp-image-6592 size-full\" src=\"https:\/\/www.brenne-au-coeur.com\/wp-content\/uploads\/2025\/04\/comptines-en-partage-viii.jpg\" alt=\"\" width=\"284\" height=\"213\" srcset=\"https:\/\/www.brenne-au-coeur.com\/wp-content\/uploads\/2025\/04\/comptines-en-partage-viii.jpg 284w, https:\/\/www.brenne-au-coeur.com\/wp-content\/uploads\/2025\/04\/comptines-en-partage-viii-150x113.jpg 150w\" sizes=\"auto, (max-width: 284px) 100vw, 284px\" \/><\/a>Ce spectacle participatif, adress\u00e9 \u00e0 toute la famille d\u00e8s 6 mois, est propos\u00e9 par la Compagnie ReBonDire, salle des f\u00eates du Blanc, mercredi 14 mai \u00e0 10h30.<\/span><\/p>\n<p><span style=\"font-size: large;\"><i>Ici l\u2019enfant est libre d\u2019aller et venir, de regarder\/\u00e9couter le parent ou le professionnel de la petite enfance qui essaye activement, chemine et s\u2019amuse avec les comptines, percussions-corporelles, jeux de doigts, chansons sign\u00e9es &#8230;(pr\u00e9cisent les artistes)<\/i><\/span><\/p>\n<p><span style=\"font-size: large;\"><i>Le tout-petit \u00e9coute et appr\u00e9hende \u00e0 sa guise les instruments utilis\u00e9s, il rythme \u00e0 sa fa\u00e7on, et balbutie comme il veut les rythmes, m\u00e9lodies et chants partag\u00e9s.<\/i><\/span><\/p>\n<p><span style=\"font-size: large;\"><i>Chansons \u00e9trang\u00e8res, comptines traditionnelles et albums jeunesses servent de support pour s\u2019exprimer ensemble avec les mains, le corps , la voix&#8230;<\/i><\/span><\/p>\n<p><span style=\"font-size: large;\"><a href=\"https:\/\/www.cierebondire.fr\/page9.html\">La Compagnie ReBonDire<\/a> ( telle qu\u2019elle est d\u00e9finie sur le site internet), \u00e9mane de la rencontre entre Karl Bonduelle et Romaric Delgeon. Ils cherchent d\u2019abord \u00e0 rencontrer le jeune et le tr\u00e8s jeune public au travers de cr\u00e9ations artistiques, th\u00e9\u00e2trales et musicales o\u00f9 le corps, le rythme et la voix sont l\u2019enjeu principal de ces premi\u00e8res d\u00e9couvertes \u00ab&nbsp;spectaculaires&nbsp;\u00bb. Il s\u2019agit \u00e9galement de convoquer le public adulte (parents, professionnels de la petite enfance, grands- parents&#8230;) autour de ces enfants et b\u00e9b\u00e9s tous dot\u00e9s de cette exceptionnelle capacit\u00e9 \u00e0 raisonner, imaginer, cr\u00e9er et innover sans cesse.<\/span><\/p>\n<p><span style=\"font-size: large;\"><a href=\"https:\/\/www.brenne-au-coeur.com\/wp-content\/uploads\/2025\/04\/comptines-en-partage-ix.jpg\" rel=\"lightbox[6588]\"><img loading=\"lazy\" decoding=\"async\" class=\"alignright wp-image-6591 size-full\" src=\"https:\/\/www.brenne-au-coeur.com\/wp-content\/uploads\/2025\/04\/comptines-en-partage-ix.jpg\" alt=\"\" width=\"284\" height=\"213\" srcset=\"https:\/\/www.brenne-au-coeur.com\/wp-content\/uploads\/2025\/04\/comptines-en-partage-ix.jpg 284w, https:\/\/www.brenne-au-coeur.com\/wp-content\/uploads\/2025\/04\/comptines-en-partage-ix-150x113.jpg 150w\" sizes=\"auto, (max-width: 284px) 100vw, 284px\" \/><\/a>Leurs parcours de musiciens et de com\u00e9diens, et de p\u00e9dagogues (nourris des multiples rencontres \u00e0 l\u2019h\u00f4pital p\u00e9diatrique o\u00f9 ils jouent ensemble depuis de nombreuses ann\u00e9es) les guident vers les premiers th\u00e8mes qu\u2019ils d\u00e9veloppent dans leurs cr\u00e9ations. La communication non-verbale, le rencontre, la fratrie, l\u2019accueil du nouveau-n\u00e9 ou encore le r\u00e9pertoire de chansons traditionnelles \u00e9trang\u00e8res sont les premi\u00e8res th\u00e9matiques qu\u2019ils mettent en sc\u00e8ne, en corps et en voix avec \u00ab&nbsp;Piano Plume&nbsp;\u00bb en 2012 puis \u00ab&nbsp;Ballon Bidon&nbsp;\u00bb en 2015, \u00ab&nbsp;Prom\u2019nons nous tous les 3&nbsp;!&nbsp;\u00bb en 2017 et \u00ab\u00a0Albums &amp; Comptines\u00a0\u00bb en 2019.<\/span><\/p>\n<p><span style=\"font-size: large;\">Ils mettent un point d\u2019honneur \u00e0 s\u2019adresser \u00e0 tous les publics en cherchant \u00e0 jouer au plus pr\u00e8s des enfants et des adultes exclus&nbsp;; c\u2019est pour cette raison que la compagnie est dot\u00e9 d\u2019un dispositif sc\u00e9nique totalement autonome en lumi\u00e8res, son, bo\u00eete noire et installation au plus juste de ce pr\u00e9cieux public.<\/span><\/p>\n<p><span style=\"font-size: large;\">Tarifs\u00a0: Adulte plein tarif (- de 12 ans)&nbsp;: 8 \u20ac Tarif r\u00e9duit&nbsp;: 5 \u20ac<\/span><\/p>\n<p><span style=\"font-size: large;\">Gratuit &#8211; de 12 ans<\/span><\/p>\n<p><span style=\"font-size: large;\">Renseignements \/ R\u00e9servation<\/span><\/p>\n<p><span style=\"font-size: large;\">02 54 28 33 60<\/span><\/p>\n","protected":false},"excerpt":{"rendered":"<p>Ce spectacle participatif, adress\u00e9 \u00e0 toute la famille d\u00e8s 6 mois, est propos\u00e9 par la Compagnie ReBonDire, salle des f\u00eates du Blanc, mercredi 14 mai \u00e0 10h30. Ici l\u2019enfant est libre d\u2019aller et venir, de regarder\/\u00e9couter le parent ou le professionnel de la petite enfance qui essaye activement, chemine et s\u2019amuse avec les comptines, percussions-corporelles,&hellip;&nbsp;<a href=\"https:\/\/www.brenne-au-coeur.com\/index.php\/2025\/04\/24\/comptines-en-partage\/le-blanc\/6588\/\" rel=\"bookmark\">Lire la suite&nbsp;&raquo;<span class=\"screen-reader-text\">Comptines en partage<\/span><\/a><\/p>\n","protected":false},"author":1,"featured_media":6589,"comment_status":"open","ping_status":"open","sticky":false,"template":"","format":"standard","meta":{"rop_custom_images_group":[],"rop_custom_messages_group":[],"rop_publish_now":"initial","rop_publish_now_accounts":[],"rop_publish_now_history":[],"rop_publish_now_status":"pending","_monsterinsights_skip_tracking":false,"_monsterinsights_sitenote_active":false,"_monsterinsights_sitenote_note":"","_monsterinsights_sitenote_category":0,"neve_meta_sidebar":"","neve_meta_container":"","neve_meta_enable_content_width":"off","neve_meta_content_width":70,"neve_meta_title_alignment":"","neve_meta_author_avatar":"","neve_post_elements_order":"","neve_meta_disable_header":"","neve_meta_disable_footer":"","neve_meta_disable_title":"","_jetpack_memberships_contains_paid_content":false,"footnotes":"","jetpack_publicize_message":"","jetpack_publicize_feature_enabled":true,"jetpack_social_post_already_shared":true,"jetpack_social_options":{"image_generator_settings":{"template":"highway","default_image_id":0,"font":"","enabled":false},"version":2}},"categories":[101],"tags":[36,78],"class_list":["post-6588","post","type-post","status-publish","format-standard","has-post-thumbnail","hentry","category-le-blanc","tag-jeunesse","tag-spectacle"],"aioseo_notices":[],"jetpack_publicize_connections":[],"jetpack_featured_media_url":"https:\/\/www.brenne-au-coeur.com\/wp-content\/uploads\/2025\/04\/affiche-c-en-p.jpg","jetpack-related-posts":[],"jetpack_sharing_enabled":true,"_links":{"self":[{"href":"https:\/\/www.brenne-au-coeur.com\/index.php\/wp-json\/wp\/v2\/posts\/6588","targetHints":{"allow":["GET"]}}],"collection":[{"href":"https:\/\/www.brenne-au-coeur.com\/index.php\/wp-json\/wp\/v2\/posts"}],"about":[{"href":"https:\/\/www.brenne-au-coeur.com\/index.php\/wp-json\/wp\/v2\/types\/post"}],"author":[{"embeddable":true,"href":"https:\/\/www.brenne-au-coeur.com\/index.php\/wp-json\/wp\/v2\/users\/1"}],"replies":[{"embeddable":true,"href":"https:\/\/www.brenne-au-coeur.com\/index.php\/wp-json\/wp\/v2\/comments?post=6588"}],"version-history":[{"count":1,"href":"https:\/\/www.brenne-au-coeur.com\/index.php\/wp-json\/wp\/v2\/posts\/6588\/revisions"}],"predecessor-version":[{"id":6593,"href":"https:\/\/www.brenne-au-coeur.com\/index.php\/wp-json\/wp\/v2\/posts\/6588\/revisions\/6593"}],"wp:featuredmedia":[{"embeddable":true,"href":"https:\/\/www.brenne-au-coeur.com\/index.php\/wp-json\/wp\/v2\/media\/6589"}],"wp:attachment":[{"href":"https:\/\/www.brenne-au-coeur.com\/index.php\/wp-json\/wp\/v2\/media?parent=6588"}],"wp:term":[{"taxonomy":"category","embeddable":true,"href":"https:\/\/www.brenne-au-coeur.com\/index.php\/wp-json\/wp\/v2\/categories?post=6588"},{"taxonomy":"post_tag","embeddable":true,"href":"https:\/\/www.brenne-au-coeur.com\/index.php\/wp-json\/wp\/v2\/tags?post=6588"}],"curies":[{"name":"wp","href":"https:\/\/api.w.org\/{rel}","templated":true}]}}