{"id":6572,"date":"2025-04-23T16:15:25","date_gmt":"2025-04-23T14:15:25","guid":{"rendered":"https:\/\/www.brenne-au-coeur.com\/?p=6572"},"modified":"2025-04-26T12:50:55","modified_gmt":"2025-04-26T10:50:55","slug":"louis-girault-medecin-republicain-blancois","status":"publish","type":"post","link":"https:\/\/www.brenne-au-coeur.com\/index.php\/2025\/04\/23\/louis-girault-medecin-republicain-blancois\/le-blanc\/6572\/","title":{"rendered":"Louis Girault, m\u00e9decin, r\u00e9publicain blancois"},"content":{"rendered":"<p align=\"justify\"><span style=\"font-family: Liberation Serif, serif;\"><span style=\"font-size: large;\">Je m\u2019appelle Louis Girault, n\u00e9 au Blanc le 8 Brumaire an XIV du calendrier r\u00e9publicain, soit le 30 octobre 1805. Ma m\u00e8re se pr\u00e9nommait joliment Rose et mon p\u00e8re Joseph, cordonnier. Tout naturellement, j\u2019ai embrass\u00e9 le m\u00eame m\u00e9tier. Avec beaucoup de pers\u00e9v\u00e9rance, de volont\u00e9 et de subsides mat\u00e9riels, j\u2019ai obtenu le dipl\u00f4me de docteur en m\u00e9decine, apr\u00e8s des \u00e9tudes \u00e0 Tours et Paris. <\/span><\/span><\/p>\n<p align=\"justify\"><span style=\"font-family: Liberation Serif, serif;\"><span style=\"font-size: large;\">C\u2019est l\u00e0 que j\u2019ai connu ma premi\u00e8re \u00e9pouse (Marie-Anne) Rosalie Desange. Nous avons convol\u00e9 en justes noces le 6 juillet 1837 \u00e0 Saint-Louis-en-l\u2019Isle (4<sup>e<\/sup> arrondissement). Notre couple est demeur\u00e9 sans enfant. <\/span><\/span><\/p>\n<p align=\"justify\"><a href=\"https:\/\/www.brenne-au-coeur.com\/wp-content\/uploads\/2025\/04\/exterieur-de-leglise-st-louis.jpg\" rel=\"lightbox[6572]\"><img loading=\"lazy\" decoding=\"async\" class=\"aligncenter wp-image-6573 size-medium\" src=\"https:\/\/www.brenne-au-coeur.com\/wp-content\/uploads\/2025\/04\/exterieur-de-leglise-st-louis-248x300.jpg\" alt=\"\" width=\"248\" height=\"300\" srcset=\"https:\/\/www.brenne-au-coeur.com\/wp-content\/uploads\/2025\/04\/exterieur-de-leglise-st-louis-248x300.jpg 248w, https:\/\/www.brenne-au-coeur.com\/wp-content\/uploads\/2025\/04\/exterieur-de-leglise-st-louis-124x150.jpg 124w, https:\/\/www.brenne-au-coeur.com\/wp-content\/uploads\/2025\/04\/exterieur-de-leglise-st-louis.jpg 327w\" sizes=\"auto, (max-width: 248px) 100vw, 248px\" \/><\/a><\/p>\n<p align=\"center\"><span style=\"font-family: Liberation Serif, serif;\"><span style=\"font-size: large;\">Eglise de Saint-Louis-en-l\u2019Isle<\/span><\/span><\/p>\n<p align=\"justify\"><span style=\"font-family: Liberation Serif, serif;\"><span style=\"font-size: large;\">De retour au Blanc, je me mis au travail avec des journ\u00e9es bien remplies \u2026 comme tout m\u00e9decin de campagne peut en avoir. Je soignais gratis de nombreux malheureux et me d\u00e9menais aupr\u00e8s des indigents. <\/span><\/span><\/p>\n<p align=\"justify\"><span style=\"font-family: Liberation Serif, serif;\"><span style=\"font-size: large;\">En d\u00e9pit de mon entier d\u00e9vouement \u00e0 mon m\u00e9tier, un triste incident se produisit dans le courant de l\u2019\u00e9t\u00e9 1850\u00a0: une patiente nomm\u00e9e Eug\u00e9nie Cotton (ou Cottand), \u00e9pouse Marandon m\u2019accusa \u00ab\u00a0d\u2019attentat \u00e0 la pudeur\u00a0consomm\u00e9 ou tent\u00e9 avec violence&nbsp;\u00bb commis sur sa personne les 14 et 16 mai. D\u2019arr\u00eat de la Cour d\u2019Appel de Bourges au renvoi de cette affaire aux Assises de l\u2019Indre, j\u2019ai finalement \u00e9t\u00e9 incarc\u00e9r\u00e9 du 12 au 23 juillet \u00e0 la maison d\u2019arr\u00eat du Blanc, sur d\u00e9cision du procureur du tribunal de Ch\u00e2teauroux. Bigre\u00a0! La plaignante, ayant pr\u00e9sent\u00e9 deux certificats m\u00e9dicaux, ne s\u2019est jamais pr\u00e9sent\u00e9e devant le juge. Assist\u00e9 de mon avocat, Ma\u00eetre Dupleissez, j\u2019ai \u00e9t\u00e9 heureusement acquitt\u00e9 le 3 septembre. <\/span><\/span><\/p>\n<p align=\"justify\"><span style=\"font-family: Liberation Serif, serif;\"><span style=\"font-size: large;\">Selon sa version des faits, Louis Girault, d\u00e9plorait que cette affaire avait nui \u00e0 sa r\u00e9putation blancoise. Il s&rsquo;interrogeait&nbsp;: mais n\u2019\u00e9tait-ce pas l\u2019effet recherch\u00e9&nbsp;?<br \/>\n<\/span><\/span><\/p>\n<p align=\"justify\"><span style=\"font-family: Liberation Serif, serif;\"><span style=\"font-size: large;\">Ce qui ne m\u2019emp\u00eache pas de militer au sein de la soci\u00e9t\u00e9 philanthropique \u00ab\u00a0 la Jeune Montagne\u00a0\u00bb, qui sera transform\u00e9e, au fil des rebondissements politiques, en foyer de conspiration. <\/span><\/span><\/p>\n<p align=\"justify\"><span style=\"font-family: Liberation Serif, serif;\"><span style=\"font-size: large;\">Revenons \u00e0 la grande Histoire pour comprendre la suite du fil de la vie de Louis Girault. <\/span><\/span><\/p>\n<figure id=\"attachment_6575\" aria-describedby=\"caption-attachment-6575\" style=\"width: 232px\" class=\"wp-caption alignleft\"><a href=\"https:\/\/www.brenne-au-coeur.com\/wp-content\/uploads\/2025\/04\/Portrait_de_Louis-Napoleon_Bonaparte_President_.Jannin_H_btv1b53018761v_1-Copie.jpeg\" rel=\"lightbox[6572]\"><img loading=\"lazy\" decoding=\"async\" class=\"wp-image-6575 size-medium\" src=\"https:\/\/www.brenne-au-coeur.com\/wp-content\/uploads\/2025\/04\/Portrait_de_Louis-Napoleon_Bonaparte_President_.Jannin_H_btv1b53018761v_1-Copie-232x300.jpeg\" alt=\"\" width=\"232\" height=\"300\" srcset=\"https:\/\/www.brenne-au-coeur.com\/wp-content\/uploads\/2025\/04\/Portrait_de_Louis-Napoleon_Bonaparte_President_.Jannin_H_btv1b53018761v_1-Copie-232x300.jpeg 232w, https:\/\/www.brenne-au-coeur.com\/wp-content\/uploads\/2025\/04\/Portrait_de_Louis-Napoleon_Bonaparte_President_.Jannin_H_btv1b53018761v_1-Copie-116x150.jpeg 116w, https:\/\/www.brenne-au-coeur.com\/wp-content\/uploads\/2025\/04\/Portrait_de_Louis-Napoleon_Bonaparte_President_.Jannin_H_btv1b53018761v_1-Copie-768x993.jpeg 768w, https:\/\/www.brenne-au-coeur.com\/wp-content\/uploads\/2025\/04\/Portrait_de_Louis-Napoleon_Bonaparte_President_.Jannin_H_btv1b53018761v_1-Copie.jpeg 775w\" sizes=\"auto, (max-width: 232px) 100vw, 232px\" \/><\/a><figcaption id=\"caption-attachment-6575\" class=\"wp-caption-text\"><em>Gallica.BnF.fr<\/em><\/figcaption><\/figure>\n<p align=\"justify\"><span style=\"font-family: Liberation Serif, serif;\"><span style=\"font-size: large;\">Louis-Napol\u00e9on Bonaparte, neveu de l\u2019illustre empereur corse, a \u00e9t\u00e9 \u00e9lu premier chef d\u2019Etat fran\u00e7ais au suffrage universel masculin (les femmes n\u2019auront le droit de vote qu\u2019en 1944\u00a0!) le 10 d\u00e9cembre 1848 avec 74,2% de voix. Il sera l\u2019unique pr\u00e9sident de la Deuxi\u00e8me R\u00e9publique. La Constitution alors en vigueur lui interdit de se repr\u00e9senter apr\u00e8s quatre ann\u00e9es de mandat. <\/span><\/span><\/p>\n<p align=\"justify\"><span style=\"font-family: Liberation Serif, serif;\"><span style=\"font-size: large;\">D\u00e9but 1849, des manifestations de fraternit\u00e9 voient le jour dans tout le pays\u00a0: on plante des arbres de la Libert\u00e9 sur les places publiques, des banquets r\u00e9publicains sont organis\u00e9s. Il n\u2019en demeure pas moins que les difficult\u00e9s \u00e9conomiques et sociales perdurent et qu\u2019elles sont aggrav\u00e9es par des troubles r\u00e9volutionnaires. A Paris, les ouvriers du b\u00e2timent obtiennent, non sans mal, l\u2019abolition de leur recrutement par marchandage et une journ\u00e9e de travail de 10 heures contre 11. En province, ils ne travailleront plus que 11 heures au lieu de 12. La r\u00e9volution industrielle, amorc\u00e9e en France dans les ann\u00e9es 1770-1780, apr\u00e8s l\u2019invention de la machine \u00e0 vapeur, a mis \u00e0 mal de maints corps de m\u00e9tiers, dont la paysannerie voyant appara\u00eetre les premi\u00e8res batteuses m\u00e9caniques. <\/span><\/span><\/p>\n<p align=\"justify\"><span style=\"font-family: Liberation Serif, serif;\"><span style=\"font-size: large;\">Dans l\u2019Indre, et tout particuli\u00e8rement en Brenne et \u00e0 Buzan\u00e7ais, les \u00e9meutes de la faim de l\u2019hiver 1847 sont encore dans toutes les t\u00eates. Les intemp\u00e9ries en 1845 et 1846 ont an\u00e9anti les r\u00e9coltes de c\u00e9r\u00e9ales, de pommes de terre et de l\u00e9gumes secs. Alors que la base de l\u2019alimentation demeure le pain (2,5 kilos par jour par m\u00e9nage), le prix de la farine flambe, emp\u00eachant les paysans de nourrir leurs familles. Ils se r\u00e9voltent, au prix de quelques morts dans de violents rassemblements et de lourdes condamnations (3 peines de mort, 4 travaux \u00e0 perp\u00e9tuit\u00e9). <\/span><\/span><\/p>\n<p align=\"justify\"><span style=\"font-family: Liberation Serif, serif;\"><span style=\"font-size: large;\">C\u2019est dans ce contexte social \u00e9pineux et ces crises \u00e9conomiques, amplifi\u00e9es par l\u2019exode rural massif, qu\u2019un gouvernement se met en place apr\u00e8s la r\u00e9daction laborieuse et conflictuelle d\u2019une Constitution. Nous y retrouvons les membres du parti de l\u2019Ordre &#8211; conservateur, de l\u2019ordre, de la s\u00e9curit\u00e9 et des bonnes m\u0153urs (450 \u00e9lus)\u00a0; &#8211; des R\u00e9publicains (75) et des\u00a0\u00ab\u00a0Montagnards\u00a0\u00bb et d\u00e9mocrates-sociaux (180), les plus \u00e0 gauche. <\/span><\/span><\/p>\n<figure id=\"attachment_6577\" aria-describedby=\"caption-attachment-6577\" style=\"width: 300px\" class=\"wp-caption alignright\"><a href=\"https:\/\/www.brenne-au-coeur.com\/wp-content\/uploads\/2025\/04\/Renversement_de_la_Republique_coup_._btv1b53019050p_1.jpeg\" rel=\"lightbox[6572]\"><img loading=\"lazy\" decoding=\"async\" class=\"wp-image-6577 size-medium\" src=\"https:\/\/www.brenne-au-coeur.com\/wp-content\/uploads\/2025\/04\/Renversement_de_la_Republique_coup_._btv1b53019050p_1-300x251.jpeg\" alt=\"\" width=\"300\" height=\"251\" srcset=\"https:\/\/www.brenne-au-coeur.com\/wp-content\/uploads\/2025\/04\/Renversement_de_la_Republique_coup_._btv1b53019050p_1-300x251.jpeg 300w, https:\/\/www.brenne-au-coeur.com\/wp-content\/uploads\/2025\/04\/Renversement_de_la_Republique_coup_._btv1b53019050p_1-150x125.jpeg 150w, https:\/\/www.brenne-au-coeur.com\/wp-content\/uploads\/2025\/04\/Renversement_de_la_Republique_coup_._btv1b53019050p_1-768x642.jpeg 768w, https:\/\/www.brenne-au-coeur.com\/wp-content\/uploads\/2025\/04\/Renversement_de_la_Republique_coup_._btv1b53019050p_1.jpeg 1014w\" sizes=\"auto, (max-width: 300px) 100vw, 300px\" \/><\/a><figcaption id=\"caption-attachment-6577\" class=\"wp-caption-text\"><em>Gallica.BnF.fr<\/em><\/figcaption><\/figure>\n<p align=\"justify\"><span style=\"font-family: Liberation Serif, serif;\"><span style=\"font-size: large;\">L\u2019\u00e9chec de la r\u00e9vision constitutionnelle, les multiples divergences des partis au pouvoir sont les points de non-retour qui favorisent le coup d\u2019Etat promulgu\u00e9 par Louis-Napol\u00e9on Bonaparte au matin du 2 d\u00e9cembre 1851. Un d\u00e9cret dissout l\u2019Assembl\u00e9e nationale l\u00e9gislative. Quelques semaines plus tard, un pl\u00e9biscite, approuv\u00e9 par 7,5 millions de \u00ab\u00a0oui\u00a0\u00bb contre 640\u00a0000 \u00ab\u00a0non\u00a0\u00bb valide le changement de r\u00e9gime. Napol\u00e9on III sera sacr\u00e9 Empereur des Fran\u00e7ais symboliquement un an plus tard, jour pour jour apr\u00e8s le coup d\u2019Etat et 48 ans apr\u00e8s son illustre a\u00efeul. <\/span><\/span><\/p>\n<p align=\"justify\"><span style=\"font-family: Liberation Serif, serif;\"><span style=\"font-size: large;\">Le contexte historique g\u00e9n\u00e9ral ayant \u00e9t\u00e9 rappel\u00e9, vous vous souvenez de mon militantisme \u00ab\u00a0montagnard\u00a0\u00bb dont l\u2019origine de ce nom divise encore les historiens. Etait-ce du fait que les d\u00e9put\u00e9s de gauche si\u00e9geaient en haut des bancs de l\u2019Assembl\u00e9e\u00a0? Des r\u00e9unions tenues dans le quartier de la montagne Sainte-Genevi\u00e8ve\u00a0? La montagne est un symbole de libert\u00e9, comme le veut la tradition des Lumi\u00e8res\u00a0? Le myst\u00e8re demeure. <\/span><\/span><\/p>\n<p align=\"justify\"><span style=\"font-family: Liberation Serif, serif;\"><span style=\"font-size: large;\">Ayant appris le 4 d\u00e9cembre la dissolution, sans motif, de notre soci\u00e9t\u00e9 philanthropique par le sous-pr\u00e9fet, j\u2019ai exhort\u00e9 ses membres \u00e0 manifester pacifiquement sur la place de l\u2019h\u00f4tel de ville pour en demander la raison (1). Comme 100\u00a0000 autres insurg\u00e9s \u00e0 travers la France et tout particuli\u00e8rement en province, j\u2019ai souhait\u00e9 ainsi \u00ab\u00a0d\u00e9fendre la R\u00e9publique\u00a0\u00bb dans le respect de mes valeurs. <\/span><\/span><\/p>\n<p align=\"justify\"><span style=\"font-family: Liberation Serif, serif;\"><span style=\"font-size: large;\">Je fus arr\u00eat\u00e9 d\u00e8s le lendemain, tout comme Alexandre Canuet, avou\u00e9, et Th\u00e9odore Reignier, huissier, deux jours apr\u00e8s. Bien qu\u2019\u00e9tant \u00ab\u00a0pr\u00e9venu par mesure administrative\u00a0\u00bb, j\u2019ai conserv\u00e9 ma libert\u00e9 de mouvement. Accus\u00e9 \u00ab\u00a0d\u2019excitation \u00e0 la guerre civile\u00a0\u00bb (sic\u00a0!), de \u00ab&nbsp;courtier du socialisme\u00a0\u00bb et gratifi\u00e9 de \u00ab\u00a0moralit\u00e9 ignoble\u00a0\u00bb, une commission d\u00e9partementale mixte me condamna \u00e0 \u00eatre expuls\u00e9 du territoire. <\/span><\/span><\/p>\n<p align=\"justify\"><span style=\"font-family: Liberation Serif, serif;\"><span style=\"font-size: large;\">En fait, je n\u2019ai jamais quitt\u00e9 le sol fran\u00e7ais et je me r\u00e9fugiais chez un ami parisien au 290 rue Saint-Denis. <\/span><\/span><\/p>\n<p align=\"justify\"><span style=\"font-family: Liberation Serif, serif;\"><span style=\"font-size: large;\">A cet instant, j\u2019ai pris conscience que le cours de ma vie ne se d\u00e9roulerait plus jamais au Blanc. J\u2019y laissais mon \u00e9pouse, mes parents, mes amis, des malades, \u2026<\/span><\/span><\/p>\n<p align=\"justify\"><span style=\"font-family: Liberation Serif, serif;\"><span style=\"font-size: large;\">Un processus administratif de gr\u00e2ces collectives, refus\u00e9 par de nombreux camarades r\u00e9publicains, se mit en place dans les pr\u00e9fectures, \u00e0 l\u2019initiative du Garde des Sceaux et \u00ab\u00a0\u00e0 l\u2019occasion de l\u2019av\u00e8nement de l\u2019Empire\u00a0\u00bb. Pour ce faire, il fallait que je fasse profil bas. <\/span><\/span><\/p>\n<p align=\"justify\"><span style=\"font-family: Liberation Serif, serif;\"><span style=\"font-size: large;\">C\u2019est la raison pour laquelle j\u2019ai adress\u00e9 officiellement \u00e0 l\u2019Empereur Napol\u00e9on III, le 7 janvier 1853, une demande de gr\u00e2ce indiquant ceci\u00a0: \u00ab\u00a0j\u2019adh\u00e8re sans r\u00e9serve au nouveau gouvernement que vient de se choisir la France. Je m\u2019engage sur l\u2019honneur de me soumettre \u00e0 toutes les lois qui en \u00e9maneront et \u00e0 ne faire aucune opposition au gouvernement&nbsp;\u00bb. Pr\u00e9c\u00e9demment, dans une lettre du mois d\u2019octobre 1852, mon \u00e9pouse a d\u00e9j\u00e0 r\u00e9dig\u00e9 \u00ab\u00a0une humble supplique\u00a0\u00bb pour \u00ab\u00a0une famille qui g\u00e9mit\u00a0depuis bient\u00f4t un an de l\u2019absence de son chef\u00a0\u00bb. En effet, je ne peux m\u2019occuper de mes parents \u00e2g\u00e9s et infirmes. Ne pouvant exercer, je laisse Rosalie dans une situation financi\u00e8re d\u00e9licate.<\/span><\/span><\/p>\n<p align=\"justify\"><a href=\"https:\/\/www.brenne-au-coeur.com\/wp-content\/uploads\/2025\/04\/P1040059-Copie.jpg\" rel=\"lightbox[6572]\"><img loading=\"lazy\" decoding=\"async\" class=\"aligncenter wp-image-6576 size-medium\" src=\"https:\/\/www.brenne-au-coeur.com\/wp-content\/uploads\/2025\/04\/P1040059-Copie-300x121.jpg\" alt=\"\" width=\"300\" height=\"121\" srcset=\"https:\/\/www.brenne-au-coeur.com\/wp-content\/uploads\/2025\/04\/P1040059-Copie-300x121.jpg 300w, https:\/\/www.brenne-au-coeur.com\/wp-content\/uploads\/2025\/04\/P1040059-Copie-1024x413.jpg 1024w, https:\/\/www.brenne-au-coeur.com\/wp-content\/uploads\/2025\/04\/P1040059-Copie-150x61.jpg 150w, https:\/\/www.brenne-au-coeur.com\/wp-content\/uploads\/2025\/04\/P1040059-Copie-768x310.jpg 768w, https:\/\/www.brenne-au-coeur.com\/wp-content\/uploads\/2025\/04\/P1040059-Copie.jpg 1281w\" sizes=\"auto, (max-width: 300px) 100vw, 300px\" \/><\/a><\/p>\n<p align=\"center\"><span style=\"font-family: Liberation Serif, serif;\"><span style=\"font-size: large;\">Signature de L. Girault<\/span><\/span><\/p>\n<p align=\"justify\"><span style=\"font-family: Liberation Serif, serif;\"><span style=\"font-size: large;\">D\u00e8s le 19 janvier, Sa Majest\u00e9 \u00ab\u00a0a daign\u00e9 faire remise de la mesure de S\u00fbret\u00e9 g\u00e9n\u00e9rale\u00a0\u00bb \u00e0 laquelle j\u2019\u00e9tais soumis et ce, en d\u00e9pit d\u2019un avis tr\u00e8s n\u00e9gatif du pr\u00e9fet L\u00e9on Berger. En voici quelques extraits\u00a0:<\/span><\/span><\/p>\n<p align=\"justify\"><span style=\"font-family: Liberation Serif, serif;\"><span style=\"font-size: large;\">\u00ab\u00a0Je m\u2019empresse de vous faire conna\u00eetre qu\u2019\u00e0 mon sens le retour de cet individu au Blanc serait du plus f\u00e2cheux effet. Girault est un homme sans moralit\u00e9 [\u2026] Depuis 1848, il a exerc\u00e9 une d\u00e9testable influence sur la population du Blanc\u00a0; agent actif du socialisme, membre de la soci\u00e9t\u00e9 secr\u00e8te dite\u00a0 la Jeune montagne\u00a0il \u00e9tait en relation avec tous les chefs de la d\u00e9magogie dans l\u2019Indre et avait puissamment contribu\u00e9 \u00e0 la fondation d\u2019un journal rouge dans le d\u00e9partement. Aux raisons il s\u2019en joint encore une autre tir\u00e9e de l\u2019\u00e9tat actuel des esprits dans la ville du Blanc. Cette petite ville est tr\u00e8s divis\u00e9e par son influence sur la lie de la populace. Girault pourrait y faire beaucoup de mal.\u00a0\u00bb<\/span><\/span><\/p>\n<p align=\"justify\"><span style=\"font-family: Liberation Serif, serif;\"><span style=\"font-size: large;\">Ayant, par obligations mat\u00e9rielles, \u00e9t\u00e9 contraint de vendre mes propri\u00e9t\u00e9s blancoises, nous nous installons d\u00e9finitivement \u00e0 Paris. De toute fa\u00e7on, j\u2019ai perdu depuis bien longtemps mes patients \u2026<\/span><\/span><\/p>\n<p align=\"justify\"><span style=\"font-family: Liberation Serif, serif;\"><span style=\"font-size: large;\">En 1854, j\u2019ai \u00e9t\u00e9 nomm\u00e9 m\u00e9decin du bureau de bienfaisance du IXe arrondissement, sans pour autant pouvoir recr\u00e9er une client\u00e8le. La m\u00eame ann\u00e9e, j\u2019ai assur\u00e9 les fonctions gratuites de m\u00e9decin de la soci\u00e9t\u00e9 de secours mutuels du quartier de l\u2019Arsenal, l\u2019anc\u00eatre des mutuelles d\u2019aujourd\u2019hui.<\/span><\/span><\/p>\n<p><span style=\"font-family: Liberation Serif, serif;\"><span style=\"font-size: large;\">Deux ans plus tard et jusqu\u2019en 1879, j\u2019ai \u00e9t\u00e9 d\u00e9sign\u00e9, toujours b\u00e9n\u00e9volement, m\u00e9decin hygi\u00e9niste et des \u00e9coles. Lorsque ce poste fut enfin p\u00e9rennis\u00e9 et r\u00e9mun\u00e9r\u00e9, le pr\u00e9fet estima que j\u2019\u00e9tais trop \u00e2g\u00e9.<\/span><\/span><\/p>\n<p align=\"justify\"><span style=\"font-family: Liberation Serif, serif;\"><span style=\"font-size: large;\">A une date que les archives n\u2019ont pas permis de retrouver, la premi\u00e8re conjointe de Louis d\u00e9c\u00e8de. Quelques ann\u00e9es plus tard, il \u00e9pouse Claire Charlotte Hoffmann, veuve Bignault, de 34 ans sa cadette. <\/span><\/span><\/p>\n<p align=\"justify\"><span style=\"font-family: Liberation Serif, serif;\"><span style=\"font-size: large;\">La Commune de Paris d\u00e9bute le 18 mars 1871. L\u2019ann\u00e9e pr\u00e9c\u00e9dente, dans le cadre de la guerre qui opposait le Second Empire fran\u00e7ais au royaume de Prusse, j\u2019avais cr\u00e9\u00e9 une \u00ab\u00a0ambulance particuli\u00e8re\u00a0\u00bb de 100 lits. Il s\u2019agissait d\u2019une sorte d\u2019h\u00f4pital de campagne destin\u00e9 \u00e0 soigner les bless\u00e9s au plus pr\u00e8s des combats. Fort de cette exp\u00e9rience, il m\u2019est apparu indispensable de renouveler l\u2019exercice avec 34 lits mis \u00e0 disposition au premier jour de la Semaine sanglante le 25 mai 1871. Une centaine de structures provisoires prit en charge un nombre consid\u00e9rable de personnes que les h\u00f4pitaux de l\u2019Assistance publique, d\u00e9bord\u00e9s par l\u2019afflux incessant de bless\u00e9s, ne pouvaient g\u00e9rer. Mon r\u00f4le de m\u00e9decin, d\u00e9j\u00e0 compliqu\u00e9 face \u00e0 l\u2019horreur des traumatismes constat\u00e9s, se vit entach\u00e9 du fait que les Versaillais d\u00e9cid\u00e8rent que le serment d\u2019Hippocrate pouvait \u00eatre bafou\u00e9 d\u2019une part, que la r\u00e9cente convention de Gen\u00e8ve (1864) prot\u00e9geant les bless\u00e9s et le personnel soignant n\u2019avait pas lieu d\u2019\u00eatre, d\u2019autre part. <\/span><\/span><\/p>\n<p align=\"justify\"><span style=\"font-family: Liberation Serif, serif;\"><span style=\"font-size: large;\">J\u2019ai r\u00e9chapp\u00e9 de cette terrible \u00e9preuve avec deux blessures, \u00e0 la main et \u00e0 l\u2019\u00e9paule. <\/span><\/span><\/p>\n<figure id=\"attachment_6574\" aria-describedby=\"caption-attachment-6574\" style=\"width: 227px\" class=\"wp-caption aligncenter\"><img loading=\"lazy\" decoding=\"async\" class=\"size-full wp-image-6574\" src=\"https:\/\/www.brenne-au-coeur.com\/wp-content\/uploads\/2025\/04\/image_imprimerie_nationale_republique_fran_2020.0.96_1857369.resized.jpg\" alt=\"\" width=\"227\" height=\"279\" srcset=\"https:\/\/www.brenne-au-coeur.com\/wp-content\/uploads\/2025\/04\/image_imprimerie_nationale_republique_fran_2020.0.96_1857369.resized.jpg 227w, https:\/\/www.brenne-au-coeur.com\/wp-content\/uploads\/2025\/04\/image_imprimerie_nationale_republique_fran_2020.0.96_1857369.resized-122x150.jpg 122w\" sizes=\"auto, (max-width: 227px) 100vw, 227px\" \/><figcaption id=\"caption-attachment-6574\" class=\"wp-caption-text\">Mus\u00e9e Carnavalet \u2013 Histoire de Paris.<\/figcaption><\/figure>\n<p align=\"justify\"><span style=\"font-family: Liberation Serif, serif;\"><span style=\"font-size: large;\">Comme d\u2019autres coll\u00e8gues, ce sont pour des \u00ab\u00a0services signal\u00e9s dans les ambulances\u00a0\u00bb que le minist\u00e8re de l\u2019Int\u00e9rieur me nomma chevalier de la L\u00e9gion d\u2019honneur le 18\/09\/1872. Quel curieux retournement de situation\u00a0! <\/span><\/span><\/p>\n<p align=\"justify\"><span style=\"font-family: Liberation Serif, serif;\"><span style=\"font-size: large;\">A plus de 65 ans, je continue de soigner dans la capitale. <\/span><\/span><\/p>\n<p align=\"justify\"><span style=\"font-family: Liberation Serif, serif;\"><span style=\"font-size: large;\">En 1879, le poste de m\u00e9decin hygi\u00e9niste se p\u00e9rennise et l\u2019administration d\u00e9cide enfin de le r\u00e9mun\u00e9rer. Le pr\u00e9fet nomme un autre praticien, me jugeant trop \u00e2g\u00e9 pour poursuivre cette activit\u00e9 d\u00e9but\u00e9e 23 ans plus t\u00f4t. <\/span><\/span><\/p>\n<p align=\"justify\"><span style=\"font-family: Liberation Serif, serif;\"><span style=\"font-size: large;\">Dans le IVe arrondissement, je suis alors devenu pr\u00e9sident-rapporteur des vaccinations. Une f\u00e2cheuse fracture de la jambe en juillet 1880 m\u2019emp\u00eacha de marcher correctement et me contraignit de cesser d\u00e9finitivement mon m\u00e9tier, mais pas mes activit\u00e9s politiques. Elu pr\u00e9sident des comit\u00e9s r\u00e9publicains de mon arrondissement, \u00e0 l\u2019occasion des \u00e9lections des conseillers municipaux et d\u00e9put\u00e9s parisiens, j\u2019ai aussi \u00e9t\u00e9 choisi \u00e0 l\u2019unanimit\u00e9 pour devenir membre du congr\u00e8s d\u00e9mocratique de Paris. <\/span><\/span><\/p>\n<p align=\"justify\"><span style=\"font-family: Liberation Serif, serif;\"><span style=\"font-size: large;\">Cette vie mouvement\u00e9e a eu raison de mes finances, au plus bas. Ce qui me pousse \u00e0 solliciter une pension d\u00e9but janvier 1881. Dans une longue lettre explicative, je raconte mes d\u00e9boires et je la conclue ainsi\u00a0: \u00ab\u00a0ma position scientifique et honorifique est all\u00e9e en s\u2019\u00e9levant, ma fortune en s\u2019abaissant.\u00a0\u00bb<\/span><\/span><\/p>\n<p align=\"justify\"><span style=\"font-family: Liberation Serif, serif;\"><span style=\"font-size: large;\">Louis Girault est d\u00e9c\u00e9d\u00e9 le 3 janvier 1884, \u00e0 l\u2019\u00e2ge de 79 ans \u00e0 son domicile 21 rue Saint-Paul, Paris 4 laissant veuve sa seconde \u00e9pouse Claire. <\/span><\/span><\/p>\n<p align=\"justify\"><span style=\"font-family: Liberation Serif, serif;\"><span style=\"font-size: large;\">Louis \u00e9tait un homme de conviction. Tout d\u2019abord en respectant le serment d\u2019Hippocrate qu\u2019il pronon\u00e7a \u00e0 la fin de ses \u00e9tudes de m\u00e9decine\u00a0: \u00ab\u00a0<span style=\"color: #0c2050;\">Je donnerai mes soins \u00e0 l\u2019indigent et \u00e0 quiconque me les demandera. Je ne me laisserai pas influencer par la soif du gain ou la recherche de la gloire.\u00a0\u00bb En marge des cinquante ann\u00e9es pendant lesquelles il soigna et accompagna sans discontinuer, il milita parall\u00e8lement toute sa vie pour d\u00e9fendre les valeurs de la R\u00e9publique que sont la libert\u00e9, l\u2019\u00e9galit\u00e9 et la fraternit\u00e9.<\/span><\/span><\/span><\/p>\n<ol>\n<li><span style=\"font-family: Liberation Serif, serif;\"><span style=\"font-size: large;\">En 1851, la sous-pr\u00e9fecture occupait l\u2019actuelle mairie. Le repr\u00e9sentant de l\u2019Etat n\u2019int\u00e9grera le b\u00e2timent sis 10 rue de la Sous-pr\u00e9fecture qu\u2019en 1903. <\/span><\/span><\/li>\n<\/ol>\n<p><span style=\"font-family: Liberation Serif, serif;\"><span style=\"font-size: large;\"><i>Sources\u00a0: <\/i><\/span><\/span><\/p>\n<ul>\n<li><span style=\"font-family: Liberation Serif, serif;\"><span style=\"font-size: large;\">Archives d\u00e9partementales de l\u2019Indre\u00a0: 1112W-8, 2U-134, Y 92, M2582 et 2584<\/span><\/span><\/li>\n<li><span style=\"font-family: Liberation Serif, serif;\"><span style=\"font-size: large;\">Archives nationales\u00a0Pierrefitte-sur-Seine\u00a0: BB\/22\/174\/1<\/span><\/span><\/li>\n<li><span style=\"font-family: Liberation Serif, serif;\"><span style=\"font-size: large;\">SHD Vincennes\u00a0: GR 7J 72<\/span><\/span><\/li>\n<li><span style=\"font-family: Liberation Serif, serif;\"><span style=\"font-size: large;\">Etat-civil en ligne Le Blanc, Paris (en partie reconstitu\u00e9 \u00e0 la suite de destructions)<\/span><\/span><\/li>\n<li><span style=\"font-family: Liberation Serif, serif;\"><span style=\"font-size: large;\">La Marianne b\u00e2illonn\u00e9e \u2013 Bernard Moreau \u2013 Point d\u2019ancrage \u2013 36310 Chaillac<\/span><\/span><\/li>\n<li><span style=\"font-family: Liberation Serif, serif;\"><span style=\"font-size: large;\"><span style=\"color: #222222;\">La Commune de Paris, l&rsquo;assistance publique et les h\u00f4pitaux en 1871 &#8211; Jean-Paul Martinaud &#8211; Editions l&rsquo;Harmattan \u2013 2005<\/span><\/span><\/span><\/li>\n<li><span style=\"font-family: Liberation Serif, serif;\"><span style=\"font-size: large;\"><span style=\"color: #222222;\">Journal Officiel du 22\/09\/1872 \u2013 Gallica.BnF.fr<\/span><\/span><\/span><\/li>\n<li><span style=\"font-family: Liberation Serif, serif;\"><span style=\"font-size: large;\"><span style=\"color: #222222;\">Site internet de la Grande Chancellerie de la L\u00e9gion d\u2019honneur\u00a0: https:\/\/www.legiondhonneur.fr\/fr<\/span><\/span><\/span><\/li>\n<li><span style=\"font-family: Liberation Serif, serif;\"><span style=\"font-size: large;\"><span style=\"color: #222222;\">Remerciements \u00e0 Jean Annequin, co-pr\u00e9sident des Amis et Amies de la Commune de Paris 1871 &#8211; comit\u00e9 du Berry.<\/span><\/span><\/span><\/li>\n<\/ul>\n<p><span style=\"font-family: Liberation Serif, serif;\"><span style=\"font-size: large;\"><i>Cr\u00e9dits photographiques\u00a0: <\/i><\/span><\/span><\/p>\n<ul>\n<li><span style=\"font-family: Liberation Serif, serif;\"><span style=\"font-size: large;\">Page 1\u00a0: domaine public<\/span><\/span><\/li>\n<li><span style=\"font-family: Liberation Serif, serif;\"><span style=\"font-size: large;\">Page 2\u00a0: <span style=\"color: #222222;\">Gallica.BnF.fr<\/span><\/span><\/span><\/li>\n<li><span style=\"font-family: Liberation Serif, serif;\"><span style=\"font-size: large;\"><span style=\"color: #222222;\">Page 3\u00a0: Gallica.BnF.fr<\/span><\/span><\/span><\/li>\n<li><span style=\"font-family: Liberation Serif, serif;\"><span style=\"font-size: large;\"><span style=\"color: #222222;\">Page 4\u00a0: tirage restreint issu de l\u2019une des pages du document\u00a0<\/span>BB\/22\/174\/1 ci-dessus r\u00e9f\u00e9renc\u00e9. <\/span><\/span><\/li>\n<li><span style=\"font-family: Liberation Serif, serif;\"><span style=\"font-size: large;\"><span style=\"color: #222222;\">Page 6\u00a0: mus\u00e9e Carnavalet \u2013 Histoire de Paris. Libre de droit. <\/span><\/span><\/span><\/li>\n<\/ul>\n<p>&nbsp;<\/p>\n","protected":false},"excerpt":{"rendered":"<p>Je m\u2019appelle Louis Girault, n\u00e9 au Blanc le 8 Brumaire an XIV du calendrier r\u00e9publicain, soit le 30 octobre 1805. Ma m\u00e8re se pr\u00e9nommait joliment Rose et mon p\u00e8re Joseph, cordonnier. Tout naturellement, j\u2019ai embrass\u00e9 le m\u00eame m\u00e9tier. Avec beaucoup de pers\u00e9v\u00e9rance, de volont\u00e9 et de subsides mat\u00e9riels, j\u2019ai obtenu le dipl\u00f4me de docteur en&hellip;&nbsp;<a href=\"https:\/\/www.brenne-au-coeur.com\/index.php\/2025\/04\/23\/louis-girault-medecin-republicain-blancois\/le-blanc\/6572\/\" rel=\"bookmark\">Lire la suite&nbsp;&raquo;<span class=\"screen-reader-text\">Louis Girault, m\u00e9decin, r\u00e9publicain blancois<\/span><\/a><\/p>\n","protected":false},"author":2,"featured_media":6580,"comment_status":"open","ping_status":"open","sticky":false,"template":"","format":"standard","meta":{"rop_custom_images_group":[],"rop_custom_messages_group":[],"rop_publish_now":"initial","rop_publish_now_accounts":[],"rop_publish_now_history":[],"rop_publish_now_status":"pending","_monsterinsights_skip_tracking":false,"_monsterinsights_sitenote_active":false,"_monsterinsights_sitenote_note":"","_monsterinsights_sitenote_category":0,"neve_meta_sidebar":"","neve_meta_container":"","neve_meta_enable_content_width":"off","neve_meta_content_width":70,"neve_meta_title_alignment":"","neve_meta_author_avatar":"","neve_post_elements_order":"","neve_meta_disable_header":"","neve_meta_disable_footer":"","neve_meta_disable_title":"","_jetpack_memberships_contains_paid_content":false,"footnotes":"","jetpack_publicize_message":"","jetpack_publicize_feature_enabled":true,"jetpack_social_post_already_shared":true,"jetpack_social_options":{"image_generator_settings":{"template":"highway","default_image_id":0,"font":"","enabled":false},"version":2}},"categories":[101],"tags":[49],"class_list":["post-6572","post","type-post","status-publish","format-standard","has-post-thumbnail","hentry","category-le-blanc","tag-histoire"],"aioseo_notices":[],"jetpack_publicize_connections":[],"jetpack_featured_media_url":"https:\/\/www.brenne-au-coeur.com\/wp-content\/uploads\/2025\/04\/le-blanc.resized-1.jpeg","jetpack-related-posts":[],"jetpack_sharing_enabled":true,"_links":{"self":[{"href":"https:\/\/www.brenne-au-coeur.com\/index.php\/wp-json\/wp\/v2\/posts\/6572","targetHints":{"allow":["GET"]}}],"collection":[{"href":"https:\/\/www.brenne-au-coeur.com\/index.php\/wp-json\/wp\/v2\/posts"}],"about":[{"href":"https:\/\/www.brenne-au-coeur.com\/index.php\/wp-json\/wp\/v2\/types\/post"}],"author":[{"embeddable":true,"href":"https:\/\/www.brenne-au-coeur.com\/index.php\/wp-json\/wp\/v2\/users\/2"}],"replies":[{"embeddable":true,"href":"https:\/\/www.brenne-au-coeur.com\/index.php\/wp-json\/wp\/v2\/comments?post=6572"}],"version-history":[{"count":3,"href":"https:\/\/www.brenne-au-coeur.com\/index.php\/wp-json\/wp\/v2\/posts\/6572\/revisions"}],"predecessor-version":[{"id":6601,"href":"https:\/\/www.brenne-au-coeur.com\/index.php\/wp-json\/wp\/v2\/posts\/6572\/revisions\/6601"}],"wp:featuredmedia":[{"embeddable":true,"href":"https:\/\/www.brenne-au-coeur.com\/index.php\/wp-json\/wp\/v2\/media\/6580"}],"wp:attachment":[{"href":"https:\/\/www.brenne-au-coeur.com\/index.php\/wp-json\/wp\/v2\/media?parent=6572"}],"wp:term":[{"taxonomy":"category","embeddable":true,"href":"https:\/\/www.brenne-au-coeur.com\/index.php\/wp-json\/wp\/v2\/categories?post=6572"},{"taxonomy":"post_tag","embeddable":true,"href":"https:\/\/www.brenne-au-coeur.com\/index.php\/wp-json\/wp\/v2\/tags?post=6572"}],"curies":[{"name":"wp","href":"https:\/\/api.w.org\/{rel}","templated":true}]}}