{"id":6537,"date":"2025-04-06T18:50:40","date_gmt":"2025-04-06T16:50:40","guid":{"rendered":"https:\/\/www.brenne-au-coeur.com\/?p=6537"},"modified":"2025-04-06T18:50:40","modified_gmt":"2025-04-06T16:50:40","slug":"expo-point-de-croix","status":"publish","type":"post","link":"https:\/\/www.brenne-au-coeur.com\/index.php\/2025\/04\/06\/expo-point-de-croix\/breves\/6537\/","title":{"rendered":"Expo Point de croix"},"content":{"rendered":"<p><span style=\"font-size: large;\">Samedi 26 Avril 2025 de 10 H \u00e0 17 h, exposition vente de l\u2019association Point de croix, qui f\u00eatera ses 25 ans. 22 rue Hersent Luzarche \u00e0 Azay-le-Ferron. Les visiteurs pourront d\u00e9couvrir toutes les cr\u00e9ations des brodeuses. \u00c0 l\u2019occasion de cet anniversaire des images d\u2019archives et des photos souvenirs seront expos\u00e9s.<\/span><\/p>\n","protected":false},"excerpt":{"rendered":"<p>Samedi 26 Avril 2025 de 10 H \u00e0 17 h, exposition vente de l\u2019association Point de croix, qui f\u00eatera ses 25 ans. 22 rue Hersent Luzarche \u00e0 Azay-le-Ferron. Les visiteurs pourront d\u00e9couvrir toutes les cr\u00e9ations des brodeuses. \u00c0 l\u2019occasion de cet anniversaire des images d\u2019archives et des photos souvenirs seront expos\u00e9s.<\/p>\n","protected":false},"author":1,"featured_media":0,"comment_status":"open","ping_status":"open","sticky":false,"template":"","format":"standard","meta":{"rop_custom_images_group":[],"rop_custom_messages_group":[],"rop_publish_now":"initial","rop_publish_now_accounts":[],"rop_publish_now_history":[],"rop_publish_now_status":"pending","_monsterinsights_skip_tracking":false,"_monsterinsights_sitenote_active":false,"_monsterinsights_sitenote_note":"","_monsterinsights_sitenote_category":0,"neve_meta_sidebar":"","neve_meta_container":"","neve_meta_enable_content_width":"off","neve_meta_content_width":70,"neve_meta_title_alignment":"","neve_meta_author_avatar":"","neve_post_elements_order":"","neve_meta_disable_header":"","neve_meta_disable_footer":"","neve_meta_disable_title":"","_jetpack_memberships_contains_paid_content":false,"footnotes":"","jetpack_publicize_message":"","jetpack_publicize_feature_enabled":true,"jetpack_social_post_already_shared":true,"jetpack_social_options":{"image_generator_settings":{"template":"highway","default_image_id":0,"font":"","enabled":false},"version":2}},"categories":[124],"tags":[],"class_list":["post-6537","post","type-post","status-publish","format-standard","hentry","category-breves"],"aioseo_notices":[],"jetpack_publicize_connections":[],"jetpack_featured_media_url":"","jetpack-related-posts":[],"jetpack_sharing_enabled":true,"_links":{"self":[{"href":"https:\/\/www.brenne-au-coeur.com\/index.php\/wp-json\/wp\/v2\/posts\/6537","targetHints":{"allow":["GET"]}}],"collection":[{"href":"https:\/\/www.brenne-au-coeur.com\/index.php\/wp-json\/wp\/v2\/posts"}],"about":[{"href":"https:\/\/www.brenne-au-coeur.com\/index.php\/wp-json\/wp\/v2\/types\/post"}],"author":[{"embeddable":true,"href":"https:\/\/www.brenne-au-coeur.com\/index.php\/wp-json\/wp\/v2\/users\/1"}],"replies":[{"embeddable":true,"href":"https:\/\/www.brenne-au-coeur.com\/index.php\/wp-json\/wp\/v2\/comments?post=6537"}],"version-history":[{"count":1,"href":"https:\/\/www.brenne-au-coeur.com\/index.php\/wp-json\/wp\/v2\/posts\/6537\/revisions"}],"predecessor-version":[{"id":6538,"href":"https:\/\/www.brenne-au-coeur.com\/index.php\/wp-json\/wp\/v2\/posts\/6537\/revisions\/6538"}],"wp:attachment":[{"href":"https:\/\/www.brenne-au-coeur.com\/index.php\/wp-json\/wp\/v2\/media?parent=6537"}],"wp:term":[{"taxonomy":"category","embeddable":true,"href":"https:\/\/www.brenne-au-coeur.com\/index.php\/wp-json\/wp\/v2\/categories?post=6537"},{"taxonomy":"post_tag","embeddable":true,"href":"https:\/\/www.brenne-au-coeur.com\/index.php\/wp-json\/wp\/v2\/tags?post=6537"}],"curies":[{"name":"wp","href":"https:\/\/api.w.org\/{rel}","templated":true}]}}