{"id":6526,"date":"2025-04-06T18:13:08","date_gmt":"2025-04-06T16:13:08","guid":{"rendered":"https:\/\/www.brenne-au-coeur.com\/?p=6526"},"modified":"2025-04-06T18:13:08","modified_gmt":"2025-04-06T16:13:08","slug":"de-la-commune-a-la-ferme","status":"publish","type":"post","link":"https:\/\/www.brenne-au-coeur.com\/index.php\/2025\/04\/06\/de-la-commune-a-la-ferme\/pellevoisin\/6526\/","title":{"rendered":"De La Commune \u00e0 la Ferme"},"content":{"rendered":"<p><span style=\"font-size: large;\"><a href=\"https:\/\/www.brenne-au-coeur.com\/wp-content\/uploads\/2025\/04\/la-france-de-ferme-en-ferme-affiche.jpg\" rel=\"lightbox[6526]\"><img loading=\"lazy\" decoding=\"async\" class=\"alignleft wp-image-6528 size-medium\" src=\"https:\/\/www.brenne-au-coeur.com\/wp-content\/uploads\/2025\/04\/la-france-de-ferme-en-ferme-affiche-212x300.jpg\" alt=\"\" width=\"212\" height=\"300\" srcset=\"https:\/\/www.brenne-au-coeur.com\/wp-content\/uploads\/2025\/04\/la-france-de-ferme-en-ferme-affiche-212x300.jpg 212w, https:\/\/www.brenne-au-coeur.com\/wp-content\/uploads\/2025\/04\/la-france-de-ferme-en-ferme-affiche-106x150.jpg 106w, https:\/\/www.brenne-au-coeur.com\/wp-content\/uploads\/2025\/04\/la-france-de-ferme-en-ferme-affiche.jpg 511w\" sizes=\"auto, (max-width: 212px) 100vw, 212px\" \/><\/a>Dans le cadre du programme la France de ferme en ferme, des animations sont propos\u00e9es au Relais des Pas Sages \u00e0 Pellevoisin\u00a0, le week-end des 26 et 27 avril Le dimanche 27 avril, exposition et concert sur La Commune de Paris, 1871, par Luxe communal duo. <\/span><\/p>\n<p><span style=\"font-size: large;\">Deux jours riches en festivit\u00e9.<\/span><\/p>\n<p><span style=\"font-size: large;\">Soir\u00e9e festive avec deux concerts de chanson fran\u00e7aise, le samedi 26 avril.<\/span><\/p>\n<p><span style=\"font-size: large;\">Visites de la ferme et d\u2019un nouvel atelier de transformation (meunerie, huilerie, fournil), mais aussi pr\u00e9sentation des cultures, de la production d&rsquo;asperges, des jeunes haies et de la parcelle d&rsquo;agroforesterie<\/span><\/p>\n<p><span style=\"font-size: large;\">Vente d&rsquo;asperges, de pain pur levain, de farines et d&rsquo;huiles, et de plein d&rsquo;autres produits paysans<\/span><\/p>\n<p><span style=\"font-size: large;\">Cr\u00e9\u00e9 il y a 30 ans, De ferme en ferme est un \u00e9v\u00e9nement d\u00e9di\u00e9 \u00e0 l\u2019Agriculture Durable qui se d\u00e9roule chaque ann\u00e9e le dernier week-end d&rsquo;avril. <\/span><\/p>\n<p><span style=\"font-size: large;\">Plus de 700 fermes engag\u00e9es en agriculture durable ouvrent leurs portes au grand public le dernier week-end d&rsquo;avril pour faire d\u00e9couvrir leurs savoir-faire et leurs activit\u00e9s. Visites p\u00e9dagogiques, animations et d\u00e9gustations gratuites&#8230;<\/span><\/p>\n","protected":false},"excerpt":{"rendered":"<p>Dans le cadre du programme la France de ferme en ferme, des animations sont propos\u00e9es au Relais des Pas Sages \u00e0 Pellevoisin\u00a0, le week-end des 26 et 27 avril Le dimanche 27 avril, exposition et concert sur La Commune de Paris, 1871, par Luxe communal duo. Deux jours riches en festivit\u00e9. Soir\u00e9e festive avec deux&hellip;&nbsp;<a href=\"https:\/\/www.brenne-au-coeur.com\/index.php\/2025\/04\/06\/de-la-commune-a-la-ferme\/pellevoisin\/6526\/\" rel=\"bookmark\">Lire la suite&nbsp;&raquo;<span class=\"screen-reader-text\">De La Commune \u00e0 la Ferme<\/span><\/a><\/p>\n","protected":false},"author":1,"featured_media":6527,"comment_status":"open","ping_status":"open","sticky":false,"template":"","format":"standard","meta":{"rop_custom_images_group":[],"rop_custom_messages_group":[],"rop_publish_now":"initial","rop_publish_now_accounts":[],"rop_publish_now_history":[],"rop_publish_now_status":"pending","_monsterinsights_skip_tracking":false,"_monsterinsights_sitenote_active":false,"_monsterinsights_sitenote_note":"","_monsterinsights_sitenote_category":0,"neve_meta_sidebar":"","neve_meta_container":"","neve_meta_enable_content_width":"off","neve_meta_content_width":70,"neve_meta_title_alignment":"","neve_meta_author_avatar":"","neve_post_elements_order":"","neve_meta_disable_header":"","neve_meta_disable_footer":"","neve_meta_disable_title":"","_jetpack_memberships_contains_paid_content":false,"footnotes":"","jetpack_publicize_message":"","jetpack_publicize_feature_enabled":true,"jetpack_social_post_already_shared":true,"jetpack_social_options":{"image_generator_settings":{"template":"highway","default_image_id":0,"font":"","enabled":false},"version":2}},"categories":[183],"tags":[111],"class_list":["post-6526","post","type-post","status-publish","format-standard","has-post-thumbnail","hentry","category-pellevoisin","tag-fetes"],"aioseo_notices":[],"jetpack_publicize_connections":[],"jetpack_featured_media_url":"https:\/\/www.brenne-au-coeur.com\/wp-content\/uploads\/2025\/04\/Un-ptit-tour-de-Paris-18711.resized.jpg","jetpack-related-posts":[],"jetpack_sharing_enabled":true,"_links":{"self":[{"href":"https:\/\/www.brenne-au-coeur.com\/index.php\/wp-json\/wp\/v2\/posts\/6526","targetHints":{"allow":["GET"]}}],"collection":[{"href":"https:\/\/www.brenne-au-coeur.com\/index.php\/wp-json\/wp\/v2\/posts"}],"about":[{"href":"https:\/\/www.brenne-au-coeur.com\/index.php\/wp-json\/wp\/v2\/types\/post"}],"author":[{"embeddable":true,"href":"https:\/\/www.brenne-au-coeur.com\/index.php\/wp-json\/wp\/v2\/users\/1"}],"replies":[{"embeddable":true,"href":"https:\/\/www.brenne-au-coeur.com\/index.php\/wp-json\/wp\/v2\/comments?post=6526"}],"version-history":[{"count":1,"href":"https:\/\/www.brenne-au-coeur.com\/index.php\/wp-json\/wp\/v2\/posts\/6526\/revisions"}],"predecessor-version":[{"id":6529,"href":"https:\/\/www.brenne-au-coeur.com\/index.php\/wp-json\/wp\/v2\/posts\/6526\/revisions\/6529"}],"wp:featuredmedia":[{"embeddable":true,"href":"https:\/\/www.brenne-au-coeur.com\/index.php\/wp-json\/wp\/v2\/media\/6527"}],"wp:attachment":[{"href":"https:\/\/www.brenne-au-coeur.com\/index.php\/wp-json\/wp\/v2\/media?parent=6526"}],"wp:term":[{"taxonomy":"category","embeddable":true,"href":"https:\/\/www.brenne-au-coeur.com\/index.php\/wp-json\/wp\/v2\/categories?post=6526"},{"taxonomy":"post_tag","embeddable":true,"href":"https:\/\/www.brenne-au-coeur.com\/index.php\/wp-json\/wp\/v2\/tags?post=6526"}],"curies":[{"name":"wp","href":"https:\/\/api.w.org\/{rel}","templated":true}]}}