{"id":6502,"date":"2025-03-30T19:47:02","date_gmt":"2025-03-30T17:47:02","guid":{"rendered":"https:\/\/www.brenne-au-coeur.com\/?p=6502"},"modified":"2025-03-30T19:47:02","modified_gmt":"2025-03-30T17:47:02","slug":"mots-et-musiques-en-resonance","status":"publish","type":"post","link":"https:\/\/www.brenne-au-coeur.com\/index.php\/2025\/03\/30\/mots-et-musiques-en-resonance\/communes\/obterre\/6502\/","title":{"rendered":"Mots et musiques en r\u00e9sonance"},"content":{"rendered":"<p align=\"justify\"><span style=\"font-size: large;\"><a href=\"https:\/\/www.brenne-au-coeur.com\/wp-content\/uploads\/2025\/03\/Affiche-piano-DEF-pour-dif-WEB-scaled.jpg\" rel=\"lightbox[6502]\"><img loading=\"lazy\" decoding=\"async\" class=\"alignleft wp-image-6503 size-medium\" src=\"https:\/\/www.brenne-au-coeur.com\/wp-content\/uploads\/2025\/03\/Affiche-piano-DEF-pour-dif-WEB-212x300.jpg\" alt=\"\" width=\"212\" height=\"300\" srcset=\"https:\/\/www.brenne-au-coeur.com\/wp-content\/uploads\/2025\/03\/Affiche-piano-DEF-pour-dif-WEB-212x300.jpg 212w, https:\/\/www.brenne-au-coeur.com\/wp-content\/uploads\/2025\/03\/Affiche-piano-DEF-pour-dif-WEB-724x1024.jpg 724w, https:\/\/www.brenne-au-coeur.com\/wp-content\/uploads\/2025\/03\/Affiche-piano-DEF-pour-dif-WEB-106x150.jpg 106w, https:\/\/www.brenne-au-coeur.com\/wp-content\/uploads\/2025\/03\/Affiche-piano-DEF-pour-dif-WEB-768x1086.jpg 768w, https:\/\/www.brenne-au-coeur.com\/wp-content\/uploads\/2025\/03\/Affiche-piano-DEF-pour-dif-WEB-1086x1536.jpg 1086w, https:\/\/www.brenne-au-coeur.com\/wp-content\/uploads\/2025\/03\/Affiche-piano-DEF-pour-dif-WEB-1448x2048.jpg 1448w, https:\/\/www.brenne-au-coeur.com\/wp-content\/uploads\/2025\/03\/Affiche-piano-DEF-pour-dif-WEB-scaled.jpg 1810w\" sizes=\"auto, (max-width: 212px) 100vw, 212px\" \/><\/a>Samedi 26 avril, \u00e0 17h30, le Manoir des Arts de Jaugette, l\u2019Association Per Aspera ad Astra et l\u2019ensemble \u00ab\u00a0Un Piano pour Deux\u00a0\u00bb pr\u00e9sentent le concert \u00ab\u00a0Mots et Musique en r\u00e9sonance\u2026\u00a0\u00bb, consacr\u00e9 aux chefs d\u2019\u0153uvre de Claude Debussy, Maurice Ravel et Igor Stravinsky inspir\u00e9s par les textes.<\/span><\/p>\n<p align=\"justify\"><span style=\"font-size: large;\">Port\u00e9s par l\u2019exp\u00e9rience de projets artistiques partag\u00e9s, Emmanuelle Huart et Pierre Teisseire donnent vie \u00e0 un r\u00e9pertoire d\u2019exception pour piano \u00e0 quatre mains&nbsp;: la Petite Suite et les Six \u00c9pigraphes antiques de Debussy \u2013\u00a0miniatures inspir\u00e9es par l\u2019\u0153uvre des po\u00e8tes Paul Verlaine et Pierre Lou\u00ffs\u00a0\u2013, Ma m\u00e8re l\u2019Oye de Ravel et Petrouchka de Stravinsky dans sa transcription pour piano \u00e0 quatre mains \u2013\u00a0convoquant l\u2019univers du conte et de l\u2019enfance. <\/span><\/p>\n<p align=\"justify\"><span style=\"font-size: large;\">Quelques lignes \u00e9vocatrices accompagneront ce concert, redonnant vie aux textes ayant inspir\u00e9 les compositeurs, \u00e9clairant leur d\u00e9marche cr\u00e9atrice, entrant en r\u00e9sonance avec les \u0153uvres.<\/span><\/p>\n<p align=\"justify\">\n<p align=\"justify\"><span style=\"font-size: large;\">Emmanuelle Huart est professeur d\u2019Enseignement Artistique. Elle d\u00e9bute ses \u00e9tudes musicales \u00e0 l\u2019\u00e2ge de 12 ans et obtient les Premiers Prix des Conservatoires de Douai, Rueil-Malmaison, du Conservatoire Sup\u00e9rieur de Paris en Piano, Musique de chambre, Analyse, Organologie, Orchestration, suivis d\u2019un Dipl\u00f4me de perfectionnement de Piano. Remarqu\u00e9e par les Ma\u00eetres de l\u2019\u00c9cole Russe (Irina Naoumova, Lev Naoumov, Valdimir Soultanov\u2026), elle se perfectionne ensuite aupr\u00e8s de deux grands p\u00e9dagogues fran\u00e7ais\u00a0: Monique Deschauss\u00e9es et Pascal Devoyon. <\/span><\/p>\n<figure id=\"attachment_6505\" aria-describedby=\"caption-attachment-6505\" style=\"width: 195px\" class=\"wp-caption alignright\"><a href=\"https:\/\/www.brenne-au-coeur.com\/wp-content\/uploads\/2025\/03\/emmanuelle-huart.jpeg\" rel=\"lightbox[6502]\"><img loading=\"lazy\" decoding=\"async\" class=\"wp-image-6505 size-full\" src=\"https:\/\/www.brenne-au-coeur.com\/wp-content\/uploads\/2025\/03\/emmanuelle-huart.jpeg\" alt=\"\" width=\"195\" height=\"258\" srcset=\"https:\/\/www.brenne-au-coeur.com\/wp-content\/uploads\/2025\/03\/emmanuelle-huart.jpeg 195w, https:\/\/www.brenne-au-coeur.com\/wp-content\/uploads\/2025\/03\/emmanuelle-huart-113x150.jpeg 113w\" sizes=\"auto, (max-width: 195px) 100vw, 195px\" \/><\/a><figcaption id=\"caption-attachment-6505\" class=\"wp-caption-text\">Emmanuelle HUART, pianiste (\u00a9 Pascal Brunet)<\/figcaption><\/figure>\n<p align=\"justify\"><span style=\"font-size: large;\">Laur\u00e9ate de concours nationaux, internationaux et de bourses d\u2019\u00e9tudes, directrice artistique de l\u2019association Per aspera ad astra, elle se produit en soliste, en concerto (Concerto de Schumann, Deuxi\u00e8me Concerto de Rachmaninov&#8230;), en concerts croisant les Arts (Au croisement des Arts\u2026 Claude Debussy, L\u2019Histoire de Babar, Dans les yeux de L\u00e9na, La Cl\u00e9 des songes\u2026), en formation de chambre (notamment avec le trompettiste Guy Touvron, le baryton solo du c\u0153ur de Radio France Mark Pancek), en France et \u00e0 l\u2019\u00c9tranger, et travaille en \u00e9troite collaboration avec les compositeurs de notre temps (A. Louvier, F. Boulard, K. Maratka, I. Aboulker, F.-B. M\u00e2che, N. V\u00e9rin, J.B. Fourr\u00e9 pour la Cit\u00e9 des Sciences et de l\u2019Industrie&#8230;). <\/span><\/p>\n<p align=\"justify\">\n<p align=\"justify\">\n<figure id=\"attachment_6504\" aria-describedby=\"caption-attachment-6504\" style=\"width: 300px\" class=\"wp-caption alignleft\"><a href=\"https:\/\/www.brenne-au-coeur.com\/wp-content\/uploads\/2025\/03\/pierre-teisseire.jpeg\" rel=\"lightbox[6502]\"><img loading=\"lazy\" decoding=\"async\" class=\"wp-image-6504 size-full\" src=\"https:\/\/www.brenne-au-coeur.com\/wp-content\/uploads\/2025\/03\/pierre-teisseire.jpeg\" alt=\"\" width=\"300\" height=\"168\" srcset=\"https:\/\/www.brenne-au-coeur.com\/wp-content\/uploads\/2025\/03\/pierre-teisseire.jpeg 300w, https:\/\/www.brenne-au-coeur.com\/wp-content\/uploads\/2025\/03\/pierre-teisseire-150x84.jpeg 150w\" sizes=\"auto, (max-width: 300px) 100vw, 300px\" \/><\/a><figcaption id=\"caption-attachment-6504\" class=\"wp-caption-text\">Pierre Teisseire, \u00e0 sa gauche Laurent Sahai<\/figcaption><\/figure>\n<p align=\"justify\"><span style=\"font-size: large;\">Pierre Teisseire est professeur de piano et de formation musicale au CRD \u00c9vry-Centre-Essonne, laur\u00e9at des Premiers Prix de Piano, de Musique de chambre, d\u2019\u00c9rudition et du Prix du Minist\u00e8re de la Culture. <\/span><\/p>\n<p align=\"justify\"><span style=\"font-size: large;\">R\u00e9guli\u00e8rement initiateur de projets originaux dans sa carri\u00e8re de p\u00e9dagogue et dans son activit\u00e9 artistique professionnelle, il se produit principalement en formation de chambre, approfondissant depuis plusieurs ann\u00e9es le r\u00e9pertoire de piano \u00e0 quatre mains aux c\u00f4t\u00e9s de Laurent Sahai et Emmanuelle Huart dans l\u2019ensemble \u00ab\u00a0Un Piano pour Deux\u00a0\u00bb. Soliste invit\u00e9 par l\u2019Orchestre Symphonique du Coll\u00e8ge de Bexley en Angleterre dans le Concerto Opus 11 de Fr\u00e9d\u00e9ric Chopin, pianiste dans la production des Carmina Burana de Karl Orff avec le Ch\u0153ur sans Fronti\u00e8re (version deux pianos, percussions et ch\u0153ur), il travaille notamment en partenariat avec l\u2019Ambassade d\u2019Estonie pour un concert c\u00e9l\u00e9brant les compositeurs contemporains estoniens. En 2014 puis 2016, il con\u00e7oit et r\u00e9alise en Essonne, en partenariat avec des artistes musiciens, com\u00e9diens, metteurs en sc\u00e8ne et conf\u00e9renciers professionnels, deux soir\u00e9es originales\u00a0: Six pianos, si piano\u00a0!\u00a0consacr\u00e9e \u00e0 la musique r\u00e9p\u00e9titive et Au croisement des Arts\u2026 Claude Debussy m\u00ealant musique, ombres chinoises, po\u00e9sie et arts graphiques. <\/span><\/p>\n<p align=\"justify\"><span style=\"font-size: large;\">Par ailleurs, la pratique des percussions japonaises au sein de l\u2019ensemble Makoto l\u2019am\u00e8ne \u00e0 aborder le r\u00e9pertoire pianistique avec une sensibilit\u00e9 diff\u00e9rente.<\/span><\/p>\n<p align=\"justify\">\n<p align=\"justify\">\n","protected":false},"excerpt":{"rendered":"<p>Samedi 26 avril, \u00e0 17h30, le Manoir des Arts de Jaugette, l\u2019Association Per Aspera ad Astra et l\u2019ensemble \u00ab\u00a0Un Piano pour Deux\u00a0\u00bb pr\u00e9sentent le concert \u00ab\u00a0Mots et Musique en r\u00e9sonance\u2026\u00a0\u00bb, consacr\u00e9 aux chefs d\u2019\u0153uvre de Claude Debussy, Maurice Ravel et Igor Stravinsky inspir\u00e9s par les textes. Port\u00e9s par l\u2019exp\u00e9rience de projets artistiques partag\u00e9s, Emmanuelle Huart&hellip;&nbsp;<a href=\"https:\/\/www.brenne-au-coeur.com\/index.php\/2025\/03\/30\/mots-et-musiques-en-resonance\/communes\/obterre\/6502\/\" rel=\"bookmark\">Lire la suite&nbsp;&raquo;<span class=\"screen-reader-text\">Mots et musiques en r\u00e9sonance<\/span><\/a><\/p>\n","protected":false},"author":1,"featured_media":6503,"comment_status":"open","ping_status":"open","sticky":false,"template":"","format":"standard","meta":{"rop_custom_images_group":[],"rop_custom_messages_group":[],"rop_publish_now":"initial","rop_publish_now_accounts":[],"rop_publish_now_history":[],"rop_publish_now_status":"pending","_monsterinsights_skip_tracking":false,"_monsterinsights_sitenote_active":false,"_monsterinsights_sitenote_note":"","_monsterinsights_sitenote_category":0,"neve_meta_sidebar":"","neve_meta_container":"","neve_meta_enable_content_width":"off","neve_meta_content_width":70,"neve_meta_title_alignment":"","neve_meta_author_avatar":"","neve_post_elements_order":"","neve_meta_disable_header":"","neve_meta_disable_footer":"","neve_meta_disable_title":"","_jetpack_memberships_contains_paid_content":false,"footnotes":"","jetpack_publicize_message":"","jetpack_publicize_feature_enabled":true,"jetpack_social_post_already_shared":true,"jetpack_social_options":{"image_generator_settings":{"template":"highway","default_image_id":0,"font":"","enabled":false},"version":2}},"categories":[63,14],"tags":[64,40],"class_list":["post-6502","post","type-post","status-publish","format-standard","has-post-thumbnail","hentry","category-jaugette","category-obterre","tag-concert","tag-musique"],"aioseo_notices":[],"jetpack_publicize_connections":[],"jetpack_featured_media_url":"https:\/\/www.brenne-au-coeur.com\/wp-content\/uploads\/2025\/03\/Affiche-piano-DEF-pour-dif-WEB-scaled.jpg","jetpack-related-posts":[],"jetpack_sharing_enabled":true,"_links":{"self":[{"href":"https:\/\/www.brenne-au-coeur.com\/index.php\/wp-json\/wp\/v2\/posts\/6502","targetHints":{"allow":["GET"]}}],"collection":[{"href":"https:\/\/www.brenne-au-coeur.com\/index.php\/wp-json\/wp\/v2\/posts"}],"about":[{"href":"https:\/\/www.brenne-au-coeur.com\/index.php\/wp-json\/wp\/v2\/types\/post"}],"author":[{"embeddable":true,"href":"https:\/\/www.brenne-au-coeur.com\/index.php\/wp-json\/wp\/v2\/users\/1"}],"replies":[{"embeddable":true,"href":"https:\/\/www.brenne-au-coeur.com\/index.php\/wp-json\/wp\/v2\/comments?post=6502"}],"version-history":[{"count":1,"href":"https:\/\/www.brenne-au-coeur.com\/index.php\/wp-json\/wp\/v2\/posts\/6502\/revisions"}],"predecessor-version":[{"id":6506,"href":"https:\/\/www.brenne-au-coeur.com\/index.php\/wp-json\/wp\/v2\/posts\/6502\/revisions\/6506"}],"wp:featuredmedia":[{"embeddable":true,"href":"https:\/\/www.brenne-au-coeur.com\/index.php\/wp-json\/wp\/v2\/media\/6503"}],"wp:attachment":[{"href":"https:\/\/www.brenne-au-coeur.com\/index.php\/wp-json\/wp\/v2\/media?parent=6502"}],"wp:term":[{"taxonomy":"category","embeddable":true,"href":"https:\/\/www.brenne-au-coeur.com\/index.php\/wp-json\/wp\/v2\/categories?post=6502"},{"taxonomy":"post_tag","embeddable":true,"href":"https:\/\/www.brenne-au-coeur.com\/index.php\/wp-json\/wp\/v2\/tags?post=6502"}],"curies":[{"name":"wp","href":"https:\/\/api.w.org\/{rel}","templated":true}]}}