{"id":6455,"date":"2025-03-17T18:58:04","date_gmt":"2025-03-17T17:58:04","guid":{"rendered":"https:\/\/www.brenne-au-coeur.com\/?p=6455"},"modified":"2025-03-17T18:58:04","modified_gmt":"2025-03-17T17:58:04","slug":"nouvelle-saison-a-jaugette","status":"publish","type":"post","link":"https:\/\/www.brenne-au-coeur.com\/index.php\/2025\/03\/17\/nouvelle-saison-a-jaugette\/communes\/obterre\/6455\/","title":{"rendered":"Nouvelle saison \u00e0 Jaugette"},"content":{"rendered":"<p><span style=\"font-size: large;\"><a href=\"https:\/\/www.jaugette.com\/\">Le Manoir des arts de Jaugette<\/a> a pr\u00e9sent\u00e9 son programme pour la saison 2025, ce dimanche 16 mars, lors de son assembl\u00e9e g\u00e9n\u00e9rale. Un moment musical ponctuait ce rendez-vous annuel. Six fables de La Fontaine, mises en musique par Benjamin Godard, \u00e9taient interpr\u00e9t\u00e9es par Pascal Herc\u00e9, accompagn\u00e9 au piano par Irina Kataeva. <\/span><\/p>\n<figure id=\"attachment_6457\" aria-describedby=\"caption-attachment-6457\" style=\"width: 225px\" class=\"wp-caption alignleft\"><a href=\"https:\/\/www.brenne-au-coeur.com\/wp-content\/uploads\/2025\/03\/ag-jaugette-3.resized-rotated.jpg\" rel=\"lightbox[6455]\"><img loading=\"lazy\" decoding=\"async\" class=\"wp-image-6457 size-medium\" src=\"https:\/\/www.brenne-au-coeur.com\/wp-content\/uploads\/2025\/03\/ag-jaugette-3.resized-225x300.jpg\" alt=\"\" width=\"225\" height=\"300\" srcset=\"https:\/\/www.brenne-au-coeur.com\/wp-content\/uploads\/2025\/03\/ag-jaugette-3.resized-225x300.jpg 225w, https:\/\/www.brenne-au-coeur.com\/wp-content\/uploads\/2025\/03\/ag-jaugette-3.resized-112x150.jpg 112w, https:\/\/www.brenne-au-coeur.com\/wp-content\/uploads\/2025\/03\/ag-jaugette-3.resized-rotated.jpg 302w\" sizes=\"auto, (max-width: 225px) 100vw, 225px\" \/><\/a><figcaption id=\"caption-attachment-6457\" class=\"wp-caption-text\">Pascal Herc\u00e9 accompagn\u00e9 par Irina Kataeva, au piano<\/figcaption><\/figure>\n<p><span style=\"font-size: large;\">Le corbeau et le renard, la cigale et la fourmi \u2026 La version chant\u00e9e donne un souffle et une originalit\u00e9 surprenante \u00e0 des po\u00e9sies d\u00e9couvertes, souvent d\u00e8s nos jeunes ann\u00e9es. Elle provoque une sorte de voyage en enfance. De voyage, il en \u00e9tait question aussi avec Armelle et Peppo Audigane. Plus lointain et vertigineux, puisqu\u2019il s\u2019agit d\u2019un retour aux origines du monde. Une cosmogonie par les contes tziganes. Les conteurs en ont interpr\u00e9t\u00e9 un extrait. Comme un avant-go\u00fbt de leur spectacle \u00ab<i>\u00a0<\/i><i>Au d\u00e9but du monde\u00a0\u00bb<\/i>, pr\u00e9sent\u00e9 le dimanche 20 juillet prochain, dans le cadre du festival d\u2019\u00e9t\u00e9, des rencontres musicales de Jaugette qui se d\u00e9rouleront du 18 au 20 juillet. Le th\u00e8me cette ann\u00e9e\u00a0: Musique et enfance.<\/span><\/p>\n<p><span style=\"font-size: large;\">Plusieurs rendez-vous\u00a0;<\/span><\/p>\n<p><span style=\"font-size: large;\">Le vendredi 18. <i>Hansel et Gretel<\/i>. Un op\u00e9ra romantique en trois actesd\u2019Engelbert Humperdinck, d\u2019apr\u00e8s le conte de Grimm, avecla participation du marionnettiste Guillaume Michelet.<\/span><\/p>\n<p><span style=\"font-size: large;\">Samedi 19. <i>Trio Kawa<\/i>. Musique et danse de l\u2019Inde sur les contes de Mahabharata<\/span><\/p>\n<p><span style=\"font-size: large;\">Dimanche 20. <i>Pierre et le loup<\/i>. Concert de l\u2019ensemble instrumental de Dieppe autour de l\u2019\u0153uvre de Prokofiev.<\/span><\/p>\n<figure id=\"attachment_6456\" aria-describedby=\"caption-attachment-6456\" style=\"width: 354px\" class=\"wp-caption alignright\"><img loading=\"lazy\" decoding=\"async\" class=\"wp-image-6456\" src=\"https:\/\/www.brenne-au-coeur.com\/wp-content\/uploads\/2025\/03\/musique-et-magie-5-300x149.jpeg\" alt=\"\" width=\"354\" height=\"176\" srcset=\"https:\/\/www.brenne-au-coeur.com\/wp-content\/uploads\/2025\/03\/musique-et-magie-5-300x149.jpeg 300w, https:\/\/www.brenne-au-coeur.com\/wp-content\/uploads\/2025\/03\/musique-et-magie-5-150x74.jpeg 150w, https:\/\/www.brenne-au-coeur.com\/wp-content\/uploads\/2025\/03\/musique-et-magie-5.jpeg 319w\" sizes=\"auto, (max-width: 354px) 100vw, 354px\" \/><figcaption id=\"caption-attachment-6456\" class=\"wp-caption-text\">Les jardins de Jaugette lors d&rsquo;une pr\u00e9c\u00e9dente \u00e9dition du festival d&rsquo;\u00e9t\u00e9<\/figcaption><\/figure>\n<p><span style=\"font-size: large;\">Mais l\u2019ann\u00e9e musicale \u00e0 Jaugette, d\u00e9butera le samedi 26 avril par un r\u00e9cital de piano \u00e0 quatre mains. Emmanuelle Huart et Pierre Teisseire donneront vie \u00e0 un r\u00e9pertoire d\u2019exception\u00a0: La petite suite et les sis \u00c9pigraphes antiques de Debussy.<\/span><\/p>\n<p><span style=\"font-size: large;\">Le programme des rencontres musicales 2025, s\u2019ach\u00e8vera le dimanche 21 septembre par: 1914-1918, la voix des tranch\u00e9es. Au-del\u00e0 des lueurs de l\u2019aube, une cr\u00e9ation originale de Emmanuel Hieaux, inspir\u00e9e d\u2019authentiques lettres de soldats.<\/span><\/p>\n<p><span style=\"font-size: large;\">Parmi ces soldats, Maurice Marechal, un poilu parmi les poilus, mais un musicien d\u2019exception pour qui ses camarades soldats ont construit un violoncelle\u2026<\/span><\/p>\n<p><span style=\"font-size: large;\">Enfin du 18 au 25 juin, un stage d\u2019\u00e9t\u00e9 sera organis\u00e9. Les artistes invit\u00e9s animeront des conf\u00e9rences, encadrant les \u00e9tudiants et se produiront lors de concerts gratuits ouverts au public, dans la salle de concert du manoir. <\/span><\/p>\n<p><span style=\"font-size: large;\">L\u2019ensemble des programmes, les tarifs et tous les renseignements sur le d\u00e9roulement des diff\u00e9rents rendez-vous musicaux, seront prochainement disponibles sur le site www.jaugette.com<\/span><\/p>\n","protected":false},"excerpt":{"rendered":"<p>Le Manoir des arts de Jaugette a pr\u00e9sent\u00e9 son programme pour la saison 2025, ce dimanche 16 mars, lors de son assembl\u00e9e g\u00e9n\u00e9rale. Un moment musical ponctuait ce rendez-vous annuel. Six fables de La Fontaine, mises en musique par Benjamin Godard, \u00e9taient interpr\u00e9t\u00e9es par Pascal Herc\u00e9, accompagn\u00e9 au piano par Irina Kataeva. Le corbeau et&hellip;&nbsp;<a href=\"https:\/\/www.brenne-au-coeur.com\/index.php\/2025\/03\/17\/nouvelle-saison-a-jaugette\/communes\/obterre\/6455\/\" rel=\"bookmark\">Lire la suite&nbsp;&raquo;<span class=\"screen-reader-text\">Nouvelle saison \u00e0 Jaugette<\/span><\/a><\/p>\n","protected":false},"author":1,"featured_media":6458,"comment_status":"open","ping_status":"open","sticky":false,"template":"","format":"standard","meta":{"rop_custom_images_group":[],"rop_custom_messages_group":[],"rop_publish_now":"initial","rop_publish_now_accounts":[],"rop_publish_now_history":[],"rop_publish_now_status":"pending","_monsterinsights_skip_tracking":false,"_monsterinsights_sitenote_active":false,"_monsterinsights_sitenote_note":"","_monsterinsights_sitenote_category":0,"neve_meta_sidebar":"","neve_meta_container":"","neve_meta_enable_content_width":"off","neve_meta_content_width":70,"neve_meta_title_alignment":"","neve_meta_author_avatar":"","neve_post_elements_order":"","neve_meta_disable_header":"","neve_meta_disable_footer":"","neve_meta_disable_title":"","_jetpack_memberships_contains_paid_content":false,"footnotes":"","jetpack_publicize_message":"","jetpack_publicize_feature_enabled":true,"jetpack_social_post_already_shared":true,"jetpack_social_options":{"image_generator_settings":{"template":"highway","default_image_id":0,"font":"","enabled":false},"version":2}},"categories":[63,14],"tags":[79,40],"class_list":["post-6455","post","type-post","status-publish","format-standard","has-post-thumbnail","hentry","category-jaugette","category-obterre","tag-contes","tag-musique"],"aioseo_notices":[],"jetpack_publicize_connections":[],"jetpack_featured_media_url":"https:\/\/www.brenne-au-coeur.com\/wp-content\/uploads\/2025\/03\/ag-jaugette-06.resized.jpg","jetpack-related-posts":[],"jetpack_sharing_enabled":true,"_links":{"self":[{"href":"https:\/\/www.brenne-au-coeur.com\/index.php\/wp-json\/wp\/v2\/posts\/6455","targetHints":{"allow":["GET"]}}],"collection":[{"href":"https:\/\/www.brenne-au-coeur.com\/index.php\/wp-json\/wp\/v2\/posts"}],"about":[{"href":"https:\/\/www.brenne-au-coeur.com\/index.php\/wp-json\/wp\/v2\/types\/post"}],"author":[{"embeddable":true,"href":"https:\/\/www.brenne-au-coeur.com\/index.php\/wp-json\/wp\/v2\/users\/1"}],"replies":[{"embeddable":true,"href":"https:\/\/www.brenne-au-coeur.com\/index.php\/wp-json\/wp\/v2\/comments?post=6455"}],"version-history":[{"count":1,"href":"https:\/\/www.brenne-au-coeur.com\/index.php\/wp-json\/wp\/v2\/posts\/6455\/revisions"}],"predecessor-version":[{"id":6459,"href":"https:\/\/www.brenne-au-coeur.com\/index.php\/wp-json\/wp\/v2\/posts\/6455\/revisions\/6459"}],"wp:featuredmedia":[{"embeddable":true,"href":"https:\/\/www.brenne-au-coeur.com\/index.php\/wp-json\/wp\/v2\/media\/6458"}],"wp:attachment":[{"href":"https:\/\/www.brenne-au-coeur.com\/index.php\/wp-json\/wp\/v2\/media?parent=6455"}],"wp:term":[{"taxonomy":"category","embeddable":true,"href":"https:\/\/www.brenne-au-coeur.com\/index.php\/wp-json\/wp\/v2\/categories?post=6455"},{"taxonomy":"post_tag","embeddable":true,"href":"https:\/\/www.brenne-au-coeur.com\/index.php\/wp-json\/wp\/v2\/tags?post=6455"}],"curies":[{"name":"wp","href":"https:\/\/api.w.org\/{rel}","templated":true}]}}