{"id":6403,"date":"2025-03-01T17:21:45","date_gmt":"2025-03-01T16:21:45","guid":{"rendered":"https:\/\/www.brenne-au-coeur.com\/?p=6403"},"modified":"2025-03-01T17:21:45","modified_gmt":"2025-03-01T16:21:45","slug":"bienvenue-dans-mon-jardin-au-naturel-2","status":"publish","type":"post","link":"https:\/\/www.brenne-au-coeur.com\/index.php\/2025\/03\/01\/bienvenue-dans-mon-jardin-au-naturel-2\/berry\/6403\/","title":{"rendered":"Bienvenue dans mon jardin au naturel"},"content":{"rendered":"<figure id=\"attachment_6404\" aria-describedby=\"caption-attachment-6404\" style=\"width: 300px\" class=\"wp-caption alignleft\"><a href=\"https:\/\/www.brenne-au-coeur.com\/wp-content\/uploads\/2025\/03\/jardin-a-Saint-laurent.resized.jpg\" rel=\"lightbox[6403]\"><img loading=\"lazy\" decoding=\"async\" class=\"wp-image-6404 size-medium\" src=\"https:\/\/www.brenne-au-coeur.com\/wp-content\/uploads\/2025\/03\/jardin-a-Saint-laurent.resized-300x225.jpg\" alt=\"\" width=\"300\" height=\"225\" srcset=\"https:\/\/www.brenne-au-coeur.com\/wp-content\/uploads\/2025\/03\/jardin-a-Saint-laurent.resized-300x225.jpg 300w, https:\/\/www.brenne-au-coeur.com\/wp-content\/uploads\/2025\/03\/jardin-a-Saint-laurent.resized-150x113.jpg 150w, https:\/\/www.brenne-au-coeur.com\/wp-content\/uploads\/2025\/03\/jardin-a-Saint-laurent.resized.jpg 342w\" sizes=\"auto, (max-width: 300px) 100vw, 300px\" \/><\/a><figcaption id=\"caption-attachment-6404\" class=\"wp-caption-text\">Visite au jardin des eaux vives \u00e0 Saint-Laurent (Cher) en 2024&nbsp;! (site CPIE)<\/figcaption><\/figure>\n<p><span style=\"font-size: large;\">Le<a href=\"https:\/\/cpiebrenne.fr\/\"> CPIE Brenne-Berry<\/a> a publi\u00e9 l\u2019appel qui suit. L\u2019association coordonne l&rsquo;op\u00e9ration nationale \u00ab&nbsp;Bienvenue dans mon jardin au naturel&nbsp;\u00bb, dans l&rsquo;Indre et le Cher, qui aura lieu le week-end du 14 et 15 juin 2025&nbsp;! (<i>Les inscriptions sont enregistr\u00e9es jusqu\u2019\u00e0 la mi-mars<\/i>)<\/span><\/p>\n<p><span style=\"font-size: large;\">Cette manifestation met ainsi en valeur des jardiniers et jardini\u00e8res soucieux de pr\u00e9server l&rsquo;environnement et souhaitant partager leurs exp\u00e9riences et techniques. C&rsquo;est aussi une l&rsquo;occasion de partager sa passion en toute convivialit\u00e9&nbsp;!<\/span><\/p>\n<p><span style=\"font-size: large;\">Cette nouvelle \u00e9dition 2025 propose un nouveau d\u00e9fi pour les jardiniers de l&rsquo;\u00e9v\u00e9nement&nbsp;: l&rsquo;int\u00e9gration de l&rsquo;arbre dans leur jardin. Grand, petit, feuillu, fruitier\u2026 chaque jardin sera une occasion unique de montrer son originalit\u00e9 tout en respectant les principes du jardinage au naturel.<\/span><\/p>\n<p><span style=\"font-size: large;\">Envie de participer&nbsp;?<\/span><\/p>\n<p><span style=\"font-size: large;\">Le CPIE Brenne-Berry est toujours \u00e0 la recherche de nouveaux jardins \u00e0 int\u00e9grer \u00e0 l&rsquo;\u00e9v\u00e9nement&nbsp;!<\/span><\/p>\n<p><span style=\"font-size: large;\">Si vous pratiquez le jardinage au naturel, que vous contribuez \u00e0 pr\u00e9server l&rsquo;eau et que vous souhaitez partager vos trucs et astuces, prenez contact avec nous par mail \u00e0 info@cpiebrenne.fr ou par t\u00e9l\u00e9phone au 02 54 29 23 43. Une visite de votre jardin sera organis\u00e9e de mani\u00e8re \u00e0 vous pr\u00e9senter l&rsquo;op\u00e9ration et \u00e0 vous int\u00e9grer \u00e0 l&rsquo;\u00e9dition&nbsp;!<\/span><\/p>\n<p><span style=\"font-size: large;\">Jardiner au naturel, c&rsquo;est prendre en compte l&rsquo;environnement dans son ensemble, exp\u00e9rimenter et tester des techniques plus respectueuses de l&rsquo;environnement et de ses ressources, dans une d\u00e9marche d&rsquo;adaptation au changement climatique.<\/span><\/p>\n","protected":false},"excerpt":{"rendered":"<p>Le CPIE Brenne-Berry a publi\u00e9 l\u2019appel qui suit. L\u2019association coordonne l&rsquo;op\u00e9ration nationale \u00ab&nbsp;Bienvenue dans mon jardin au naturel&nbsp;\u00bb, dans l&rsquo;Indre et le Cher, qui aura lieu le week-end du 14 et 15 juin 2025&nbsp;! (Les inscriptions sont enregistr\u00e9es jusqu\u2019\u00e0 la mi-mars) Cette manifestation met ainsi en valeur des jardiniers et jardini\u00e8res soucieux de pr\u00e9server l&rsquo;environnement&hellip;&nbsp;<a href=\"https:\/\/www.brenne-au-coeur.com\/index.php\/2025\/03\/01\/bienvenue-dans-mon-jardin-au-naturel-2\/berry\/6403\/\" rel=\"bookmark\">Lire la suite&nbsp;&raquo;<span class=\"screen-reader-text\">Bienvenue dans mon jardin au naturel<\/span><\/a><\/p>\n","protected":false},"author":1,"featured_media":6404,"comment_status":"open","ping_status":"open","sticky":false,"template":"","format":"standard","meta":{"rop_custom_images_group":[],"rop_custom_messages_group":[],"rop_publish_now":"initial","rop_publish_now_accounts":[],"rop_publish_now_history":[],"rop_publish_now_status":"pending","_monsterinsights_skip_tracking":false,"_monsterinsights_sitenote_active":false,"_monsterinsights_sitenote_note":"","_monsterinsights_sitenote_category":0,"neve_meta_sidebar":"","neve_meta_container":"","neve_meta_enable_content_width":"off","neve_meta_content_width":70,"neve_meta_title_alignment":"","neve_meta_author_avatar":"","neve_post_elements_order":"","neve_meta_disable_header":"","neve_meta_disable_footer":"","neve_meta_disable_title":"","_jetpack_memberships_contains_paid_content":false,"footnotes":"","jetpack_publicize_message":"","jetpack_publicize_feature_enabled":true,"jetpack_social_post_already_shared":true,"jetpack_social_options":{"image_generator_settings":{"template":"highway","default_image_id":0,"font":"","enabled":false},"version":2}},"categories":[181],"tags":[31,27],"class_list":["post-6403","post","type-post","status-publish","format-standard","has-post-thumbnail","hentry","category-berry","tag-associations","tag-nature"],"aioseo_notices":[],"jetpack_publicize_connections":[],"jetpack_featured_media_url":"https:\/\/www.brenne-au-coeur.com\/wp-content\/uploads\/2025\/03\/jardin-a-Saint-laurent.resized.jpg","jetpack-related-posts":[],"jetpack_sharing_enabled":true,"_links":{"self":[{"href":"https:\/\/www.brenne-au-coeur.com\/index.php\/wp-json\/wp\/v2\/posts\/6403","targetHints":{"allow":["GET"]}}],"collection":[{"href":"https:\/\/www.brenne-au-coeur.com\/index.php\/wp-json\/wp\/v2\/posts"}],"about":[{"href":"https:\/\/www.brenne-au-coeur.com\/index.php\/wp-json\/wp\/v2\/types\/post"}],"author":[{"embeddable":true,"href":"https:\/\/www.brenne-au-coeur.com\/index.php\/wp-json\/wp\/v2\/users\/1"}],"replies":[{"embeddable":true,"href":"https:\/\/www.brenne-au-coeur.com\/index.php\/wp-json\/wp\/v2\/comments?post=6403"}],"version-history":[{"count":1,"href":"https:\/\/www.brenne-au-coeur.com\/index.php\/wp-json\/wp\/v2\/posts\/6403\/revisions"}],"predecessor-version":[{"id":6405,"href":"https:\/\/www.brenne-au-coeur.com\/index.php\/wp-json\/wp\/v2\/posts\/6403\/revisions\/6405"}],"wp:featuredmedia":[{"embeddable":true,"href":"https:\/\/www.brenne-au-coeur.com\/index.php\/wp-json\/wp\/v2\/media\/6404"}],"wp:attachment":[{"href":"https:\/\/www.brenne-au-coeur.com\/index.php\/wp-json\/wp\/v2\/media?parent=6403"}],"wp:term":[{"taxonomy":"category","embeddable":true,"href":"https:\/\/www.brenne-au-coeur.com\/index.php\/wp-json\/wp\/v2\/categories?post=6403"},{"taxonomy":"post_tag","embeddable":true,"href":"https:\/\/www.brenne-au-coeur.com\/index.php\/wp-json\/wp\/v2\/tags?post=6403"}],"curies":[{"name":"wp","href":"https:\/\/api.w.org\/{rel}","templated":true}]}}