{"id":6396,"date":"2025-02-28T10:01:34","date_gmt":"2025-02-28T09:01:34","guid":{"rendered":"https:\/\/www.brenne-au-coeur.com\/?p=6396"},"modified":"2025-02-28T10:01:34","modified_gmt":"2025-02-28T09:01:34","slug":"mars-en-chansons","status":"publish","type":"post","link":"https:\/\/www.brenne-au-coeur.com\/index.php\/2025\/02\/28\/mars-en-chansons\/communes\/azay-le-ferron-communes\/6396\/","title":{"rendered":"Mars en chansons."},"content":{"rendered":"<p><span style=\"color: #242424;\"><span style=\"font-family: Liberation Serif, serif;\"><span style=\"font-size: large;\"><a href=\"https:\/\/www.brenne-au-coeur.com\/wp-content\/uploads\/2025\/02\/iatlie-chante.resized.jpeg\" rel=\"lightbox[6396]\"><img loading=\"lazy\" decoding=\"async\" class=\"alignleft wp-image-6397 size-full\" src=\"https:\/\/www.brenne-au-coeur.com\/wp-content\/uploads\/2025\/02\/iatlie-chante.resized.jpeg\" alt=\"\" width=\"141\" height=\"200\" srcset=\"https:\/\/www.brenne-au-coeur.com\/wp-content\/uploads\/2025\/02\/iatlie-chante.resized.jpeg 141w, https:\/\/www.brenne-au-coeur.com\/wp-content\/uploads\/2025\/02\/iatlie-chante.resized-106x150.jpeg 106w\" sizes=\"auto, (max-width: 141px) 100vw, 141px\" \/><\/a>Deux spectacles sont propos\u00e9s en ce d\u00e9but mars. Par la m\u00e9diath\u00e8que deM\u00e9zi\u00e8res, v<\/span><\/span><span style=\"font-family: Liberation Serif, serif;\"><span style=\"font-size: large;\">endredi<\/span><\/span><span style=\"font-family: Liberation Serif, serif;\"><span style=\"font-size: large;\"> 7 <\/span><\/span><span style=\"font-family: Liberation Serif, serif;\"><span style=\"font-size: large;\">\u00e0 20h<\/span><\/span><span style=\"font-family: Liberation Serif, serif;\"><span style=\"font-size: large;\">, Jean M<\/span><\/span><span style=\"font-family: Liberation Serif, serif;\"><span style=\"font-size: large;\">\u00e9<\/span><\/span><span style=\"font-family: Liberation Serif, serif;\"><span style=\"font-size: large;\">t<\/span><\/span><span style=\"font-family: Liberation Serif, serif;\"><span style=\"font-size: large;\">\u00e9<\/span><\/span><span style=\"font-family: Liberation Serif, serif;\"><span style=\"font-size: large;\">gnier <a href=\"https:\/\/www.brenne-au-coeur.com\/wp-content\/uploads\/2025\/02\/AFFICHE-VINCENT-DUBOIS-Azay-14-mars-2025-reduit.resized.jpg\" rel=\"lightbox[6396]\"><img loading=\"lazy\" decoding=\"async\" class=\"alignright wp-image-6398\" src=\"https:\/\/www.brenne-au-coeur.com\/wp-content\/uploads\/2025\/02\/AFFICHE-VINCENT-DUBOIS-Azay-14-mars-2025-reduit.resized-212x300.jpg\" alt=\"\" width=\"155\" height=\"219\" srcset=\"https:\/\/www.brenne-au-coeur.com\/wp-content\/uploads\/2025\/02\/AFFICHE-VINCENT-DUBOIS-Azay-14-mars-2025-reduit.resized-212x300.jpg 212w, https:\/\/www.brenne-au-coeur.com\/wp-content\/uploads\/2025\/02\/AFFICHE-VINCENT-DUBOIS-Azay-14-mars-2025-reduit.resized-106x150.jpg 106w, https:\/\/www.brenne-au-coeur.com\/wp-content\/uploads\/2025\/02\/AFFICHE-VINCENT-DUBOIS-Azay-14-mars-2025-reduit.resized.jpg 496w\" sizes=\"auto, (max-width: 155px) 100vw, 155px\" \/><\/a>Morsa, <\/span><\/span><span style=\"font-family: Liberation Serif, serif;\"><span style=\"font-size: large;\">salle des f\u00eates de <\/span><\/span><span style=\"font-family: Liberation Serif, serif;\"><span style=\"font-size: large;\">M\u00e9zi\u00e8res et par la communaut\u00e9 de communes, <\/span><\/span><span style=\"font-family: Liberation Serif, serif;\"><span style=\"font-size: large;\">vendredi <\/span><\/span><span style=\"font-family: Liberation Serif, serif;\"><span style=\"font-size: large;\">14, Vincent Dubois ( la Maria des Bodin\u2019s), <\/span><\/span><span style=\"font-family: Liberation Serif, serif;\"><span style=\"font-size: large;\">salle des f\u00eates d\u2019<\/span><\/span><span style=\"font-family: Liberation Serif, serif;\"><span style=\"font-size: large;\">Azay-le-Ferron. <\/span><\/span><\/span><\/p>\n<p><span style=\"font-size: large;\">Vendredi 7 mars, un parfum d\u2019Italie va flotter dans la salle des f\u00eates de M\u00e9zi\u00e8res. \u00ab\u00a0Une Italie qui chante\u00a0\u00bb est un concert \u00e0 histoires, franco-italien interpr\u00e9t\u00e9 par Jean M\u00e9t\u00e9gnier Morsa, mise en sc\u00e8ne de Lucie Catsu.<\/span><\/p>\n<p><span style=\"font-size: large;\">Les grands-parents, \u201ci nonni\u201d, de Jean M\u00e9t\u00e9gnier se sont install\u00e9s en France apr\u00e8s-guerre. Ils ne sont jamais retourn\u00e9s en Italie, mais lui, a multipli\u00e9 les allers et retours&nbsp;: il est devenu le trait d\u2019union entre ici et l\u00e0-bas, entre ceux qui sont rest\u00e9s et ceux qui sont partis, entre hier et aujourd\u2019hui\u2026Sa valise \u00e0 chaque voyage s\u2019est charg\u00e9e de souvenirs et d\u2019\u00e9motions, de r\u00e9cits et de chansons. Une histoire simple qui se parle et qui se chante, une \u00e9vocation dr\u00f4le et nostalgique, tendre et tonique.<\/span><\/p>\n<p><span style=\"font-size: large;\"><i>Le tour de force musical de Jean M\u00e9t\u00e9gnier\u2026<\/i><\/span><\/p>\n<p><span style=\"font-size: large;\"><i>Un tour de chant franco-italien o\u00f9 l\u2019artiste raconte l\u2019histoire de sa famille, Napolitains venus en France apr\u00e8s la guerre, sans oublier jamais la langue et la terre de leur naissance. Tous ces chers souvenirs que Jean M\u00e9t\u00e9gnier garde avec lui lorsqu\u2019il est loin de l\u2019Italie et ram\u00e8ne au pays lorsqu\u2019il y retourne, faisant halte, cette fois sur sc\u00e8ne, pour le plaisir des oreilles voyageuses. Comme tout bagage, il a emport\u00e9 son violoncelle, sa mandoline et sa guitare et nous donne \u00e0 entendre cette langue color\u00e9e de sons, p\u00e9trie de soleil et berc\u00e9e d\u2019accents.<\/i><\/span><\/p>\n<p><span style=\"font-size: large;\"><i>La Montagne, 5 f\u00e9vrier 2011.<\/i><\/span><\/p>\n<p><span style=\"font-size: large;\">Entr\u00e9e gratuite \/ Tout public \u00e0 partir de 7 ans<\/span><\/p>\n<p><span style=\"font-size: large;\">R\u00e9servation conseill\u00e9e au 02 54 38 12 67 ou \u00e0 <a href=\"mailto:bibliotheque@mezieres-en-brenne.fr\">bibliotheque@mezieres-en-brenne.fr<\/a><\/span><\/p>\n<p><span style=\"color: #000000;\"><span style=\"font-family: Liberation Serif, serif;\"><span style=\"font-size: large;\">\u00ab\u00a0Ordinaire\u00a0\u00bb<\/span><\/span><\/span><\/p>\n<p><span style=\"color: #000000;\"><span style=\"font-family: Liberation Serif, serif;\"><span style=\"font-size: large;\">Vendredi 14 mars \u00e0 20h30, salle des f\u00eates d\u2019Azay-le-Ferron, Vincent Dubois tombe le masque, celui de la Maria des Bodin\u2019s, pour nous faire d\u00e9couvrir ses talents de chanteur. Il en r\u00eavait depuis longtemps. Dans ce \u00ab\u00a0concert partage\u00a0\u00bb, avec un r\u00e9pertoire choisi de chansons fran\u00e7aises et canadiennes, Vincent passe du rire aux larmes et de l\u2019\u00e9motion \u00e0 la d\u00e9conne. Il est accompagn\u00e9 avec brio par Didier Buisson, accord\u00e9oniste sensible et virtuose\u2026<\/span><\/span><\/span><\/p>\n<div class=\"nv-iframe-embed\"><div class=\"lyte-wrapper fourthree\" title=\"Teaser ORDINAIRE Vincent Dubois\" style=\"width:420px;max-width:100%;margin:5px auto;\"><div class=\"lyMe hidef\" id=\"WYL_4_3rfemgG3Q\" itemprop=\"video\" itemscope itemtype=\"https:\/\/schema.org\/VideoObject\"><div><meta itemprop=\"thumbnailUrl\" content=\"https:\/\/www.brenne-au-coeur.com\/wp-content\/plugins\/wp-youtube-lyte\/lyteCache.php?origThumbUrl=https%3A%2F%2Fi.ytimg.com%2Fvi%2F4_3rfemgG3Q%2Fmaxresdefault.jpg\" \/><meta itemprop=\"embedURL\" content=\"https:\/\/www.youtube.com\/embed\/4_3rfemgG3Q\" \/><meta itemprop=\"duration\" content=\"PT3M22S\" \/><meta itemprop=\"uploadDate\" content=\"2024-06-28T15:10:07Z\" \/><\/div><div id=\"lyte_4_3rfemgG3Q\" data-src=\"https:\/\/www.brenne-au-coeur.com\/wp-content\/plugins\/wp-youtube-lyte\/lyteCache.php?origThumbUrl=https%3A%2F%2Fi.ytimg.com%2Fvi%2F4_3rfemgG3Q%2Fmaxresdefault.jpg\" class=\"pL\"><div class=\"tC\"><div class=\"tT\" itemprop=\"name\">Teaser ORDINAIRE Vincent Dubois<\/div><\/div><div class=\"play\"><\/div><div class=\"ctrl\"><div class=\"Lctrl\"><\/div><div class=\"Rctrl\"><\/div><\/div><\/div><noscript><a href=\"https:\/\/youtu.be\/4_3rfemgG3Q\" rel=\"nofollow\"><img loading=\"lazy\" decoding=\"async\" src=\"https:\/\/www.brenne-au-coeur.com\/wp-content\/plugins\/wp-youtube-lyte\/lyteCache.php?origThumbUrl=https%3A%2F%2Fi.ytimg.com%2Fvi%2F4_3rfemgG3Q%2F0.jpg\" alt=\"Teaser ORDINAIRE Vincent Dubois\" width=\"420\" height=\"295\" \/><br \/>Lire cette vid\u00e9o sur YouTube<\/a><\/noscript><meta itemprop=\"description\" content=\"Vincent Dubois (alias Maria Bodin des Bodins) pr\u00e9sente son spectacle &quot;Ordinaire&quot;, spectacle de chansons fran\u00e7aises et qu\u00e9becoises, parsem\u00e9es d&#039;interm\u00e8des savoureux d&#039;humour et d&#039;humanit\u00e9. Il est accompagn\u00e9 par Didier Buisson \u00e0 l&#039;accord\u00e9on.\"><\/div><\/div><div class=\"lL\" style=\"max-width:100%;width:420px;margin:5px auto;\"><\/div><\/div>\n<p><span style=\"color: #000000;\"><span style=\"font-family: Liberation Serif, serif;\"><span style=\"font-size: large;\">Ouverture des portes \u00e0 19h45. R\u00e9servations fortement conseill\u00e9es\u00a0:<\/span><\/span><\/span><\/p>\n<p><span style=\"color: #000000;\"><span style=\"font-family: Liberation Serif, serif;\"><span style=\"font-size: large;\">02 54 28 20 28 <\/span><\/span><\/span><span style=\"color: #000000;\"><span style=\"font-family: Liberation Serif, serif;\"><span style=\"font-size: large;\">o<\/span><\/span><\/span><span style=\"color: #000000;\"><span style=\"font-family: Liberation Serif, serif;\"><span style=\"font-size: large;\">u en ligne\u00a0:\u00a0<\/span><\/span><\/span><a href=\"https:\/\/www.parc-naturel-brenne.fr\/agenda\/concert-ordinaire-80-2025-03-14-20-30\" target=\"_blank\" rel=\"noopener\"><span style=\"color: #000000;\"><span style=\"font-family: Liberation Serif, serif;\"><span style=\"font-size: large;\"><u>Destination Brenne<\/u><\/span><\/span><\/span><\/a><\/p>\n<p><span style=\"color: #000000;\">\u00a0<span style=\"font-family: Liberation Serif, serif;\"><span style=\"font-size: large;\">Tarifs\u00a0: 8 \u20ac normal 5 \u20ac r\u00e9duit (moins de 10 ans et demandeurs d\u2019emploi)<\/span><\/span><\/span><\/p>\n","protected":false},"excerpt":{"rendered":"<p>Deux spectacles sont propos\u00e9s en ce d\u00e9but mars. Par la m\u00e9diath\u00e8que deM\u00e9zi\u00e8res, vendredi 7 \u00e0 20h, Jean M\u00e9t\u00e9gnier Morsa, salle des f\u00eates de M\u00e9zi\u00e8res et par la communaut\u00e9 de communes, vendredi 14, Vincent Dubois ( la Maria des Bodin\u2019s), salle des f\u00eates d\u2019Azay-le-Ferron. Vendredi 7 mars, un parfum d\u2019Italie va flotter dans la salle des&hellip;&nbsp;<a href=\"https:\/\/www.brenne-au-coeur.com\/index.php\/2025\/02\/28\/mars-en-chansons\/communes\/azay-le-ferron-communes\/6396\/\" rel=\"bookmark\">Lire la suite&nbsp;&raquo;<span class=\"screen-reader-text\">Mars en chansons.<\/span><\/a><\/p>\n","protected":false},"author":1,"featured_media":6397,"comment_status":"open","ping_status":"open","sticky":false,"template":"","format":"standard","meta":{"rop_custom_images_group":[],"rop_custom_messages_group":[],"rop_publish_now":"initial","rop_publish_now_accounts":[],"rop_publish_now_history":[],"rop_publish_now_status":"pending","_monsterinsights_skip_tracking":false,"_monsterinsights_sitenote_active":false,"_monsterinsights_sitenote_note":"","_monsterinsights_sitenote_category":0,"neve_meta_sidebar":"","neve_meta_container":"","neve_meta_enable_content_width":"off","neve_meta_content_width":70,"neve_meta_title_alignment":"","neve_meta_author_avatar":"","neve_post_elements_order":"","neve_meta_disable_header":"","neve_meta_disable_footer":"","neve_meta_disable_title":"","_jetpack_memberships_contains_paid_content":false,"footnotes":"","jetpack_publicize_message":"","jetpack_publicize_feature_enabled":true,"jetpack_social_post_already_shared":true,"jetpack_social_options":{"image_generator_settings":{"template":"highway","default_image_id":0,"font":"","enabled":false},"version":2}},"categories":[10,85,59,12],"tags":[104,64],"class_list":["post-6396","post","type-post","status-publish","format-standard","has-post-thumbnail","hentry","category-azay-le-ferron-communes","category-communaute-de-communes","category-mediatheque","category-mezieres-en-brenne","tag-chansons","tag-concert"],"aioseo_notices":[],"jetpack_publicize_connections":[],"jetpack_featured_media_url":"https:\/\/www.brenne-au-coeur.com\/wp-content\/uploads\/2025\/02\/iatlie-chante.resized.jpeg","jetpack-related-posts":[],"jetpack_sharing_enabled":true,"_links":{"self":[{"href":"https:\/\/www.brenne-au-coeur.com\/index.php\/wp-json\/wp\/v2\/posts\/6396","targetHints":{"allow":["GET"]}}],"collection":[{"href":"https:\/\/www.brenne-au-coeur.com\/index.php\/wp-json\/wp\/v2\/posts"}],"about":[{"href":"https:\/\/www.brenne-au-coeur.com\/index.php\/wp-json\/wp\/v2\/types\/post"}],"author":[{"embeddable":true,"href":"https:\/\/www.brenne-au-coeur.com\/index.php\/wp-json\/wp\/v2\/users\/1"}],"replies":[{"embeddable":true,"href":"https:\/\/www.brenne-au-coeur.com\/index.php\/wp-json\/wp\/v2\/comments?post=6396"}],"version-history":[{"count":1,"href":"https:\/\/www.brenne-au-coeur.com\/index.php\/wp-json\/wp\/v2\/posts\/6396\/revisions"}],"predecessor-version":[{"id":6399,"href":"https:\/\/www.brenne-au-coeur.com\/index.php\/wp-json\/wp\/v2\/posts\/6396\/revisions\/6399"}],"wp:featuredmedia":[{"embeddable":true,"href":"https:\/\/www.brenne-au-coeur.com\/index.php\/wp-json\/wp\/v2\/media\/6397"}],"wp:attachment":[{"href":"https:\/\/www.brenne-au-coeur.com\/index.php\/wp-json\/wp\/v2\/media?parent=6396"}],"wp:term":[{"taxonomy":"category","embeddable":true,"href":"https:\/\/www.brenne-au-coeur.com\/index.php\/wp-json\/wp\/v2\/categories?post=6396"},{"taxonomy":"post_tag","embeddable":true,"href":"https:\/\/www.brenne-au-coeur.com\/index.php\/wp-json\/wp\/v2\/tags?post=6396"}],"curies":[{"name":"wp","href":"https:\/\/api.w.org\/{rel}","templated":true}]}}