{"id":6340,"date":"2025-02-10T09:41:10","date_gmt":"2025-02-10T08:41:10","guid":{"rendered":"https:\/\/www.brenne-au-coeur.com\/?p=6340"},"modified":"2025-02-10T09:41:10","modified_gmt":"2025-02-10T08:41:10","slug":"debout-pour-la-culture","status":"publish","type":"post","link":"https:\/\/www.brenne-au-coeur.com\/index.php\/2025\/02\/10\/debout-pour-la-culture\/a-lire\/6340\/","title":{"rendered":"Debout pour la culture&nbsp;!"},"content":{"rendered":"<p><a href=\"https:\/\/www.brenne-au-coeur.com\/wp-content\/uploads\/2025\/02\/debout.jpeg\" rel=\"lightbox[6340]\"><img loading=\"lazy\" decoding=\"async\" class=\"alignleft wp-image-6341 size-medium\" src=\"https:\/\/www.brenne-au-coeur.com\/wp-content\/uploads\/2025\/02\/debout-300x169.jpeg\" alt=\"\" width=\"300\" height=\"169\" srcset=\"https:\/\/www.brenne-au-coeur.com\/wp-content\/uploads\/2025\/02\/debout-300x169.jpeg 300w, https:\/\/www.brenne-au-coeur.com\/wp-content\/uploads\/2025\/02\/debout-150x84.jpeg 150w, https:\/\/www.brenne-au-coeur.com\/wp-content\/uploads\/2025\/02\/debout-768x432.jpeg 768w, https:\/\/www.brenne-au-coeur.com\/wp-content\/uploads\/2025\/02\/debout.jpeg 800w\" sizes=\"auto, (max-width: 300px) 100vw, 300px\" \/><\/a>Alors que partout en France, les artistes appellent le public \u00e0 se \u00ab&nbsp;mettre debout pour la Culture&nbsp;\u00bb, afin de protester contre les coupes budg\u00e9taires drastiques des financements publics de l\u2019\u00c9tat et des collectivit\u00e9s, un ensemble de 40 000 professionnels de la Culture, issus de toutes les disciplines (spectacle vivant, cin\u00e9ma, litt\u00e9rature, musique, arts plastiques, etc.), rejoint par des citoyennes et citoyens de tous horizons professionnels, lance aujourd\u2019hui la <a href=\"https:\/\/www.change.org\/p\/debout-pour-la-culture-debout-pour-le-service-public\">p\u00e9tition \u00ab&nbsp;Debout pour la Culture&nbsp;! Debout pour le service public&nbsp;\u00bb<\/a>.<\/p>\n<p>DEBOUT POUR LA CULTURE DEBOUT POUR LE SERVICE PUBLIC&nbsp;!<\/p>\n<p>Les coupes budg\u00e9taires de l\u2019\u00c9tat et des collectivit\u00e9s plongent le service public de l\u2019art et de la culture dans une situation alarmante. Chaque fois qu\u2019une coupe budg\u00e9taire de 20.000 euros est annonc\u00e9e, c\u2019est l\u2019\u00e9quivalent d\u2019un emploi permanent dans une structure culturelle ou d\u2019un emploi artistique, technique ou administratif intermittent, qui est menac\u00e9 de disparition.<\/p>\n<p><a href=\"https:\/\/www.brenne-au-coeur.com\/wp-content\/uploads\/2025\/02\/debout1.jpeg\" rel=\"lightbox[6340]\"><img loading=\"lazy\" decoding=\"async\" class=\"alignright wp-image-6342 size-medium\" src=\"https:\/\/www.brenne-au-coeur.com\/wp-content\/uploads\/2025\/02\/debout1-300x225.jpeg\" alt=\"\" width=\"300\" height=\"225\" srcset=\"https:\/\/www.brenne-au-coeur.com\/wp-content\/uploads\/2025\/02\/debout1-300x225.jpeg 300w, https:\/\/www.brenne-au-coeur.com\/wp-content\/uploads\/2025\/02\/debout1-150x113.jpeg 150w, https:\/\/www.brenne-au-coeur.com\/wp-content\/uploads\/2025\/02\/debout1.jpeg 500w\" sizes=\"auto, (max-width: 300px) 100vw, 300px\" \/><\/a>\u00c0 chaque perte d\u2019emploi, c\u2019est l\u2019acc\u00e8s \u00e0 l\u2019art et \u00e0 la culture qui recule pour toute la population fran\u00e7aise, dans les villes, dans les villages ruraux, dans les banlieues. C\u2019est moins de cr\u00e9ations, moins de repr\u00e9sentations, moins d\u2019\u00e9ducation artistique dans les \u00e9tablissements scolaires, moins d\u2019interventions culturelles dans les h\u00f4pitaux ou ailleurs. \u00c0 chaque perte d\u2019emploi, les risques augmentent de cessation d\u2019activit\u00e9 des \u00e9quipes artistiques et des lieux qui nous permettent de nous r\u00e9unir et de faire d\u00e9bat.<\/p>\n<p>Le contexte d\u2019aust\u00e9rit\u00e9 budg\u00e9taire ne peut pas occulter les menaces qui planent sur notre d\u00e9mocratie. C\u2019est pourquoi nous disons que sacrifier les services publics, dont celui de l\u2019art et de la culture, est un calcul dangereux au regard des grands b\u00e9n\u00e9fices soci\u00e9taux qui en d\u00e9coulent. Que l\u2019\u00c9tat consacre 0,8&nbsp;% de son budget \u00e0 cette politique publique est d\u00e9j\u00e0 largement insuffisant pour r\u00e9pondre aux besoins exprim\u00e9s par la population et par les professionnels. Aussi, nous toutes et tous, b\u00e9n\u00e9ficiaires du service public de l\u2019art et de la culture, publics, artistes, technicien.ne.s, salari\u00e9.e.s, directeur.ices de lieux, nous nous tenons debout, ensemble, pour affirmer notre besoin d\u2019une culture vivante qui stimule les imaginaires, partage les savoirs, refl\u00e8te notre diversit\u00e9 et favorise le bien vivre ensemble.<\/p>\n<p>Ensemble, nous nous tenons DEBOUT et nous signons LA P\u00c9TITION pour d\u00e9fendre notre service public, ses emplois et les revendications port\u00e9es unitairement par les syndicats d\u2019employeurs et de salari\u00e9s.<\/p>\n<p><a href=\"https:\/\/www.brenne-au-coeur.com\/wp-content\/uploads\/2025\/02\/culture3-1.jpeg\" rel=\"lightbox[6340]\"><img loading=\"lazy\" decoding=\"async\" class=\"alignleft wp-image-6343 size-medium\" src=\"https:\/\/www.brenne-au-coeur.com\/wp-content\/uploads\/2025\/02\/culture3-1-300x143.jpeg\" alt=\"\" width=\"300\" height=\"143\" srcset=\"https:\/\/www.brenne-au-coeur.com\/wp-content\/uploads\/2025\/02\/culture3-1-300x143.jpeg 300w, https:\/\/www.brenne-au-coeur.com\/wp-content\/uploads\/2025\/02\/culture3-1-150x72.jpeg 150w, https:\/\/www.brenne-au-coeur.com\/wp-content\/uploads\/2025\/02\/culture3-1.jpeg 500w\" sizes=\"auto, (max-width: 300px) 100vw, 300px\" \/><\/a>LES PREMIERS SIGNATAIRES<\/p>\n<p>Parmi les 40 000 premiers signataires dont vous pouvez d\u00e9couvrir les noms ici, on trouve notamment&nbsp;:<\/p>\n<p>Laure Calamy \/ Fran\u00e7ois Morel \/ Marina Fo\u00efs \/ Vincent Dedienne \/ Camille Cottin \/ Ludivine Sagnier \/ Denis Podalydes \/ Ad\u00e8le Haenel \/ Jeanne Added \/ Pascal Legitimus \/ Emily Loizeau \/ Joey Starr \/ Nancy Huston \/ Vincent Macaigne \/ Julie Gayet \/ Philippe Torreton \/ Jeanne Balibar \/ Swann Arlaud \/ Corinne Masiero \/ Wajdi Mouawad \/ Agn\u00e8s Jaoui \/ Bruno Solo \/ Nicole Garcia \/ Louis Garrel \/ Marie Ndiaye \/ Judith Henry \/ Cyril Dion \/ Juliette Binoche \/ Barbara Schulz \/ Emmanuel Mouret \/ Anouk Grinberg \/ Yann-Arthus Bertrand \/ Leonore Confino \/ Denis de Montgolfier \/ Robin Renucci \/ Romane Bohringer \/ Caroline Guiela Nguyen \/ Mathilda May \/ Julien Gosselin \/ India Hair \/ Stanislas Nordey \/ Leslie Kaplan \/ Julie Delpy \/ Jacques Gamblin \/ Clara Ys\u00e9 \/ Charles Berling \/ Gis\u00e8le Vienne \/ Philippe Quesne \/ Ir\u00e8ne Jacob \/ Fran\u00e7ois Schuiten \/ Maguy Marin \/ Beno\u00eet Delepine \/ Ariane Ascaride \/ Mathias Malzieu \/ Claire Nebout \/ Yves Pag\u00e8s \/ Isabelle Carr\u00e9 \/ Albin de La Simone \/ Charlelie Couture \/ R\u00e9gine Chopinot \/ Boris Charmatz \/ Dominique Blanc \/ Antoine Wauters \/ Rosemary Standley \/ Beno\u00eet Peeters \/ Anna Mouglalis \/ Olivier Saladin \/ Barbara Carlotti \/ Xavier Duringer \/ Alice Zeniter \/ Ga\u00ebl Morel \/ Olivier Cadiot \/ Emmanuelle Huynh \/ Jean Bellorini \/ Claudine Galea \/ Jean-Loup Hubert \/ Sonia Rolland \/ Rafi Pitts \/ Emilie Dequenne \/ Camille Besse \/ Kader Attou \/ Gis\u00e8le Vienne \/ Adama Diop \/ Julie Brochen \/ Jean-Charles Massera \/ Mariana Otero \/ Jer\u00f4me Bel \/ Julie Bertuccelli \/ Jean-Louis Martinelli \/ Val\u00e9rie Dr\u00e9ville \/ David Bob\u00e9e \/ Anne Alvaro \/ Sylvain Creuzevault \/ Phia M\u00e9nard \/ Mohamed El Khatib \/ Jil Caplan \/ Jean-Fran\u00e7ois Sivadier \/ Ir\u00e8ne Bonnaud \/ St\u00e9phane Braunschweig \/ Eva Darlan \/ C\u00e9line Sallette \/ Pascal Rabat\u00e9 \/ Fran\u00e7oise Breut \/ Boubacar Sangar\u00e9 \/ Gaelle Bourges \/ Michel Lussault \/ V\u00e9ronique Vella \/ Ga\u00ebtan Ch\u00e2taignier \/ Marie Morelle \/ Koya Kamura \/ Nadia Beugr\u00e9 \/ Thierry Thieu Niang \/ Chlo\u00e9 Moglia \/ Jean-Fran\u00e7ois Zygel \/ Julie Deliquet \/ Vincent Dieutre \/ Valerie Bonneton \/ Martin Page \/ La Ribot\u2026<\/p>\n","protected":false},"excerpt":{"rendered":"<p>Alors que partout en France, les artistes appellent le public \u00e0 se \u00ab&nbsp;mettre debout pour la Culture&nbsp;\u00bb, afin de protester contre les coupes budg\u00e9taires drastiques des financements publics de l\u2019\u00c9tat et des collectivit\u00e9s, un ensemble de 40 000 professionnels de la Culture, issus de toutes les disciplines (spectacle vivant, cin\u00e9ma, litt\u00e9rature, musique, arts plastiques, etc.),&hellip;&nbsp;<a href=\"https:\/\/www.brenne-au-coeur.com\/index.php\/2025\/02\/10\/debout-pour-la-culture\/a-lire\/6340\/\" rel=\"bookmark\">Lire la suite&nbsp;&raquo;<span class=\"screen-reader-text\">Debout pour la culture&nbsp;!<\/span><\/a><\/p>\n","protected":false},"author":1,"featured_media":6341,"comment_status":"open","ping_status":"open","sticky":false,"template":"","format":"standard","meta":{"rop_custom_images_group":[],"rop_custom_messages_group":[],"rop_publish_now":"initial","rop_publish_now_accounts":[],"rop_publish_now_history":[],"rop_publish_now_status":"pending","_monsterinsights_skip_tracking":false,"_monsterinsights_sitenote_active":false,"_monsterinsights_sitenote_note":"","_monsterinsights_sitenote_category":0,"neve_meta_sidebar":"","neve_meta_container":"","neve_meta_enable_content_width":"off","neve_meta_content_width":70,"neve_meta_title_alignment":"","neve_meta_author_avatar":"","neve_post_elements_order":"","neve_meta_disable_header":"","neve_meta_disable_footer":"","neve_meta_disable_title":"","_jetpack_memberships_contains_paid_content":false,"footnotes":"","jetpack_publicize_message":"","jetpack_publicize_feature_enabled":true,"jetpack_social_post_already_shared":true,"jetpack_social_options":{"image_generator_settings":{"template":"highway","default_image_id":0,"font":"","enabled":false},"version":2}},"categories":[70],"tags":[34],"class_list":["post-6340","post","type-post","status-publish","format-standard","has-post-thumbnail","hentry","category-a-lire","tag-culture"],"aioseo_notices":[],"jetpack_publicize_connections":[],"jetpack_featured_media_url":"https:\/\/www.brenne-au-coeur.com\/wp-content\/uploads\/2025\/02\/debout.jpeg","jetpack-related-posts":[],"jetpack_sharing_enabled":true,"_links":{"self":[{"href":"https:\/\/www.brenne-au-coeur.com\/index.php\/wp-json\/wp\/v2\/posts\/6340","targetHints":{"allow":["GET"]}}],"collection":[{"href":"https:\/\/www.brenne-au-coeur.com\/index.php\/wp-json\/wp\/v2\/posts"}],"about":[{"href":"https:\/\/www.brenne-au-coeur.com\/index.php\/wp-json\/wp\/v2\/types\/post"}],"author":[{"embeddable":true,"href":"https:\/\/www.brenne-au-coeur.com\/index.php\/wp-json\/wp\/v2\/users\/1"}],"replies":[{"embeddable":true,"href":"https:\/\/www.brenne-au-coeur.com\/index.php\/wp-json\/wp\/v2\/comments?post=6340"}],"version-history":[{"count":1,"href":"https:\/\/www.brenne-au-coeur.com\/index.php\/wp-json\/wp\/v2\/posts\/6340\/revisions"}],"predecessor-version":[{"id":6344,"href":"https:\/\/www.brenne-au-coeur.com\/index.php\/wp-json\/wp\/v2\/posts\/6340\/revisions\/6344"}],"wp:featuredmedia":[{"embeddable":true,"href":"https:\/\/www.brenne-au-coeur.com\/index.php\/wp-json\/wp\/v2\/media\/6341"}],"wp:attachment":[{"href":"https:\/\/www.brenne-au-coeur.com\/index.php\/wp-json\/wp\/v2\/media?parent=6340"}],"wp:term":[{"taxonomy":"category","embeddable":true,"href":"https:\/\/www.brenne-au-coeur.com\/index.php\/wp-json\/wp\/v2\/categories?post=6340"},{"taxonomy":"post_tag","embeddable":true,"href":"https:\/\/www.brenne-au-coeur.com\/index.php\/wp-json\/wp\/v2\/tags?post=6340"}],"curies":[{"name":"wp","href":"https:\/\/api.w.org\/{rel}","templated":true}]}}