{"id":6334,"date":"2025-02-09T14:30:08","date_gmt":"2025-02-09T13:30:08","guid":{"rendered":"https:\/\/www.brenne-au-coeur.com\/?p=6334"},"modified":"2025-02-09T14:30:08","modified_gmt":"2025-02-09T13:30:08","slug":"visite-du-blanc","status":"publish","type":"post","link":"https:\/\/www.brenne-au-coeur.com\/index.php\/2025\/02\/09\/visite-du-blanc\/le-blanc\/6334\/","title":{"rendered":"Visite du Blanc"},"content":{"rendered":"<p><span style=\"font-size: medium;\"><a href=\"https:\/\/www.brenne-au-coeur.com\/wp-content\/uploads\/2025\/02\/Visite-nocturne.jpg\" rel=\"lightbox[6334]\"><img loading=\"lazy\" decoding=\"async\" class=\"alignleft wp-image-6338 size-full\" src=\"https:\/\/www.brenne-au-coeur.com\/wp-content\/uploads\/2025\/02\/Visite-nocturne.jpg\" alt=\"\" width=\"284\" height=\"188\" srcset=\"https:\/\/www.brenne-au-coeur.com\/wp-content\/uploads\/2025\/02\/Visite-nocturne.jpg 284w, https:\/\/www.brenne-au-coeur.com\/wp-content\/uploads\/2025\/02\/Visite-nocturne-150x99.jpg 150w\" sizes=\"auto, (max-width: 284px) 100vw, 284px\" \/><\/a><a href=\"https:\/\/www.parc-naturel-brenne.fr\/destination-brenne\">Destination Brenne<\/a> propose une visite du Blanc accompagn\u00e9e d\u2019une d\u00e9gustation de produits locaux, mercredi 19 f\u00e9vrier \u00e0 18h00. Le rendez-vous est fix\u00e9 Place du champ de foire. <\/span><\/p>\n<p><span style=\"font-size: medium;\">Un peu d\u2019histoire<\/span><\/p>\n<p><span style=\"font-size: medium;\">\u00ab\u00a0\u00c0 la fronti\u00e8re du Berry, du Poitou et de la Touraine, Le Blanc doit son existence \u00e0 la pr\u00e9sence d&rsquo;un gu\u00e9 permettant de traverser la Creuse, relativement large \u00e0 cet endroit, et l&rsquo;implantation d&rsquo;un vicus en rive droite, sur un axe Bourges &#8211; La Rochelle assez fr\u00e9quent\u00e9 dans l&rsquo;antiquit\u00e9.<\/span><\/p>\n<p><span style=\"font-size: medium;\">Moyen \u00c2ge<\/span><\/p>\n<p><span style=\"font-size: medium;\">Dans l&rsquo;\u00e9tat actuel de la recherche, Le Blanc n&rsquo;appara\u00eet qu&rsquo;en 968, dans le cartulaire de l&rsquo;abbaye Saint-Cyprien de Poitiers, sous la forme de vicaria Obliacensis.<\/span><\/p>\n<p><span style=\"font-size: medium;\">Le cours de la Creuse, partageant la ville jusqu&rsquo;\u00e0 la fin de l\u2019Ancien R\u00e9gime, a influenc\u00e9 toute son histoire. Plus r\u00e9cente, la ville Basse, au nord, s&rsquo;est form\u00e9e autour de l&rsquo;\u00e9glise Saint-G\u00e9nitour, le long de la voie romaine. Elle d\u00e9pendait int\u00e9gralement de la province du Berry.<\/span><\/p>\n<p><span style=\"font-size: medium;\">La ville Haute, quant \u00e0 elle, au sud, \u00e9tait partag\u00e9e entre les provinces du Berry et du Poitou, division se manifestant par la pr\u00e9sence de deux places fortes oppos\u00e9es&nbsp;: le ch\u00e2teau (des) Naillac, berrichon, et le ch\u00e2teau du Donjon, poitevin, aujourd&rsquo;hui disparu. Longtemps donc, l&rsquo;administration de cette cit\u00e9 fut particuli\u00e8rement complexe et les dissensions vives.<\/span><\/p>\n<p><span style=\"font-size: medium;\">Temps modernes<\/span><\/p>\n<p><span style=\"font-size: medium;\">Le pont qui, au Moyen \u00c2ge, reliait les deux villes, est emport\u00e9 par une crue en 1530. Pendant trois cents ans, le passage de la Creuse se fait par bac. Le pont ne fut reconstruit qu&rsquo;au d\u00e9but du XIXe si\u00e8cle, entra\u00eenant de grands travaux d&rsquo;urbanisme qui donn\u00e8rent au Blanc son aspect actuel.<\/span><\/p>\n<p><span style=\"font-size: medium;\">L\u2019\u00e9cole de chirurgie du Blanc aurait \u00e9t\u00e9 fond\u00e9e par un descendant de Fran\u00e7ois Le Proust du Ronday (1548-1615), jurisconsulte et cousin germain de Ren\u00e9e Le Proust de Niriau, femme de Jacques de Sainte-Marthe, m\u00e9decin des rois Henri II, Fran\u00e7ois II et Henri III et fils de Gaucher de Sainte-Marthe, m\u00e9decin ordinaire de Fran\u00e7ois Ier.<\/span><\/p>\n<p><span style=\"font-size: medium;\">\u00c9poque contemporaine<\/span><\/p>\n<p><span style=\"font-size: medium;\"><a href=\"https:\/\/www.brenne-au-coeur.com\/wp-content\/uploads\/2025\/02\/visite-blanc.jpeg\" rel=\"lightbox[6334]\"><img loading=\"lazy\" decoding=\"async\" class=\"alignright wp-image-6337 size-full\" src=\"https:\/\/www.brenne-au-coeur.com\/wp-content\/uploads\/2025\/02\/visite-blanc.jpeg\" alt=\"\" width=\"284\" height=\"213\" srcset=\"https:\/\/www.brenne-au-coeur.com\/wp-content\/uploads\/2025\/02\/visite-blanc.jpeg 284w, https:\/\/www.brenne-au-coeur.com\/wp-content\/uploads\/2025\/02\/visite-blanc-150x113.jpeg 150w\" sizes=\"auto, (max-width: 284px) 100vw, 284px\" \/><\/a>Entre le 29 janvier et le 8 f\u00e9vrier 1939, plus de 2 000 r\u00e9fugi\u00e9s espagnols fuyant l&rsquo;effondrement de la r\u00e9publique espagnole devant les troupes de Franco, arrivent dans l\u2019Indre. Contrairement aux d\u00e9partements voisins qui font appel aux communes, l\u2019Indre r\u00e9ussit \u00e0 les regrouper dans seulement trois, puis sept centres, ce qui permet un meilleur contr\u00f4le de cette population consid\u00e9r\u00e9e comme dangereuse (notamment sur le plan sanitaire). Le Blanc est un des trois premiers centres. Les r\u00e9fugi\u00e9s, essentiellement des femmes et des enfants, sont soumis \u00e0 une quarantaine stricte, vaccin\u00e9s, le courrier est limit\u00e9, le ravitaillement, s&rsquo;il est peu vari\u00e9 et cuisin\u00e9 \u00e0 la fran\u00e7aise, est cependant assur\u00e9. Une partie des r\u00e9fugi\u00e9s rentrent en Espagne, incit\u00e9s par le gouvernement fran\u00e7ais qui en facilite les conditions, mais une grande partie pr\u00e9f\u00e8rent rester. La fermeture du camp, pr\u00e9vue pour le 10 mars, est repouss\u00e9e au 1er juin. L\u2019exode de juin 1940 concerne aussi ces r\u00e9fugi\u00e9s, qui une fois la campagne de France pass\u00e9e, reviennent. Le r\u00e9gime de Vichy les rassemble alors au camp de Douadic, surveill\u00e9 par la police.<\/span><\/p>\n<p><span style=\"font-size: medium;\">De 1940 \u00e0 1942, Le Blanc est ville de garnison du 27e r\u00e9giment d\u2019infanterie, r\u00e9giment de Bourgogne et du 6e bataillon du g\u00e9nie de l\u2019arm\u00e9e d\u2019armistice. En 1943 et 1944, elle l&rsquo;est du Premier r\u00e9giment de France (\u00e9tat-major et 1er bataillon). Au 44 route de Pouligny existait une maison close fr\u00e9quent\u00e9e par les soldats de la caserne Chanzy et accessoirement par Soutine. Apr\u00e8s la Lib\u00e9ration et durant les ann\u00e9es 50, on note une pr\u00e9sence de l&rsquo;arm\u00e9e de l&rsquo;air, \u00e0 la caserne Chanzy et \u00e0 l&rsquo;Entrep\u00f4t de l&rsquo;Air 609 (EAA 609) sous la direction du lieutenant-colonel Marcel Guibert.\u00a0\u00bb <em>source wikip\u00e9dia<\/em><br \/>\n<\/span><\/p>\n<p><span style=\"font-size: medium;\">Tarifs Adulte plein tarif&nbsp;: 10 \u20ac Tarif enfant (8 \u00e0 17 ans)&nbsp;: 5 \u20ac<\/span><\/p>\n<p><span style=\"font-size: medium;\">Renseignements \/ R\u00e9servation 02 54 28 20 28 (Destination Brenne)<\/span><\/p>\n<p><span style=\"font-size: medium;\"><a href=\"mailto:accueil@destination-brenne.fr\">accueil@destination-brenne.fr<\/a> www.destination-brenne.fr<\/span><\/p>\n<p>R\u00e9servation obligatoire. Mini 2 &#8211; maxi 20 pers. Pr\u00e9voir des chaussures ferm\u00e9es, chapeau de soleil et bouteille d&rsquo;eau si n\u00e9cessaire.<\/p>\n","protected":false},"excerpt":{"rendered":"<p>Destination Brenne propose une visite du Blanc accompagn\u00e9e d\u2019une d\u00e9gustation de produits locaux, mercredi 19 f\u00e9vrier \u00e0 18h00. Le rendez-vous est fix\u00e9 Place du champ de foire. Un peu d\u2019histoire \u00ab\u00a0\u00c0 la fronti\u00e8re du Berry, du Poitou et de la Touraine, Le Blanc doit son existence \u00e0 la pr\u00e9sence d&rsquo;un gu\u00e9 permettant de traverser la&hellip;&nbsp;<a href=\"https:\/\/www.brenne-au-coeur.com\/index.php\/2025\/02\/09\/visite-du-blanc\/le-blanc\/6334\/\" rel=\"bookmark\">Lire la suite&nbsp;&raquo;<span class=\"screen-reader-text\">Visite du Blanc<\/span><\/a><\/p>\n","protected":false},"author":1,"featured_media":6338,"comment_status":"open","ping_status":"open","sticky":false,"template":"","format":"standard","meta":{"rop_custom_images_group":[],"rop_custom_messages_group":[],"rop_publish_now":"initial","rop_publish_now_accounts":[],"rop_publish_now_history":[],"rop_publish_now_status":"pending","_monsterinsights_skip_tracking":false,"_monsterinsights_sitenote_active":false,"_monsterinsights_sitenote_note":"","_monsterinsights_sitenote_category":0,"neve_meta_sidebar":"","neve_meta_container":"","neve_meta_enable_content_width":"off","neve_meta_content_width":70,"neve_meta_title_alignment":"","neve_meta_author_avatar":"","neve_post_elements_order":"","neve_meta_disable_header":"","neve_meta_disable_footer":"","neve_meta_disable_title":"","_jetpack_memberships_contains_paid_content":false,"footnotes":"","jetpack_publicize_message":"","jetpack_publicize_feature_enabled":true,"jetpack_social_post_already_shared":true,"jetpack_social_options":{"image_generator_settings":{"template":"highway","default_image_id":0,"font":"","enabled":false},"version":2}},"categories":[101],"tags":[49,179],"class_list":["post-6334","post","type-post","status-publish","format-standard","has-post-thumbnail","hentry","category-le-blanc","tag-histoire","tag-visite"],"aioseo_notices":[],"jetpack_publicize_connections":[],"jetpack_featured_media_url":"https:\/\/www.brenne-au-coeur.com\/wp-content\/uploads\/2025\/02\/Visite-nocturne.jpg","jetpack-related-posts":[],"jetpack_sharing_enabled":true,"_links":{"self":[{"href":"https:\/\/www.brenne-au-coeur.com\/index.php\/wp-json\/wp\/v2\/posts\/6334","targetHints":{"allow":["GET"]}}],"collection":[{"href":"https:\/\/www.brenne-au-coeur.com\/index.php\/wp-json\/wp\/v2\/posts"}],"about":[{"href":"https:\/\/www.brenne-au-coeur.com\/index.php\/wp-json\/wp\/v2\/types\/post"}],"author":[{"embeddable":true,"href":"https:\/\/www.brenne-au-coeur.com\/index.php\/wp-json\/wp\/v2\/users\/1"}],"replies":[{"embeddable":true,"href":"https:\/\/www.brenne-au-coeur.com\/index.php\/wp-json\/wp\/v2\/comments?post=6334"}],"version-history":[{"count":1,"href":"https:\/\/www.brenne-au-coeur.com\/index.php\/wp-json\/wp\/v2\/posts\/6334\/revisions"}],"predecessor-version":[{"id":6339,"href":"https:\/\/www.brenne-au-coeur.com\/index.php\/wp-json\/wp\/v2\/posts\/6334\/revisions\/6339"}],"wp:featuredmedia":[{"embeddable":true,"href":"https:\/\/www.brenne-au-coeur.com\/index.php\/wp-json\/wp\/v2\/media\/6338"}],"wp:attachment":[{"href":"https:\/\/www.brenne-au-coeur.com\/index.php\/wp-json\/wp\/v2\/media?parent=6334"}],"wp:term":[{"taxonomy":"category","embeddable":true,"href":"https:\/\/www.brenne-au-coeur.com\/index.php\/wp-json\/wp\/v2\/categories?post=6334"},{"taxonomy":"post_tag","embeddable":true,"href":"https:\/\/www.brenne-au-coeur.com\/index.php\/wp-json\/wp\/v2\/tags?post=6334"}],"curies":[{"name":"wp","href":"https:\/\/api.w.org\/{rel}","templated":true}]}}