{"id":6287,"date":"2025-01-15T17:01:41","date_gmt":"2025-01-15T16:01:41","guid":{"rendered":"https:\/\/www.brenne-au-coeur.com\/?p=6287"},"modified":"2025-01-15T17:01:41","modified_gmt":"2025-01-15T16:01:41","slug":"la-chambre-da-cote","status":"publish","type":"post","link":"https:\/\/www.brenne-au-coeur.com\/index.php\/2025\/01\/15\/la-chambre-da-cote\/buzancais\/6287\/","title":{"rendered":"La chambre d\u2019\u00e0 c\u00f4t\u00e9"},"content":{"rendered":"<p><span style=\"font-size: large;\"><img loading=\"lazy\" decoding=\"async\" class=\"size-medium wp-image-6288 alignleft\" src=\"https:\/\/www.brenne-au-coeur.com\/wp-content\/uploads\/2025\/01\/la-chambre-221x300.jpeg\" alt=\"\" width=\"221\" height=\"300\" srcset=\"https:\/\/www.brenne-au-coeur.com\/wp-content\/uploads\/2025\/01\/la-chambre-221x300.jpeg 221w, https:\/\/www.brenne-au-coeur.com\/wp-content\/uploads\/2025\/01\/la-chambre-111x150.jpeg 111w, https:\/\/www.brenne-au-coeur.com\/wp-content\/uploads\/2025\/01\/la-chambre.jpeg 310w\" sizes=\"auto, (max-width: 221px) 100vw, 221px\" \/>Vendredi 31 janvier, \u00e0 18h00, l\u2019espace culturel de Buzan\u00e7ais a mis \u00e0 l\u2019affiche ce film de Pedro Almodovar.<\/span><\/p>\n<p><span style=\"font-size: large;\">Une com\u00e9die dramatique avec Tilda Swinton, Julianne Moore et John Turturro.<\/span><\/p>\n<p><span style=\"font-size: large;\">Ingrid et Martha, amies de longue date, ont d\u00e9but\u00e9 leur carri\u00e8re au sein du m\u00eame magazine. Lorsqu\u2019Ingrid devient romanci\u00e8re \u00e0 succ\u00e8s et Martha, reporter de guerre, leurs chemins se s\u00e9parent. Mais des ann\u00e9es plus tard, leurs routes se recroisent dans des circonstances troublantes\u2026<\/span><\/p>\n<p><span style=\"font-size: large;\"><i>\u00ab\u00a0La langue anglaise, plus s\u00e8che et moins complexe que l&rsquo;espagnol, est a priori moins adapt\u00e9<\/i><i>e<\/i><i> au cin\u00e9ma de Pedro Almod\u00f3var mais le cin\u00e9aste prouve qu&rsquo;il sait s&rsquo;adapter et puis, il a chang\u00e9, lui aussi, assagi, d&rsquo;une certaine mani\u00e8re, si l&rsquo;on fait r\u00e9f\u00e9rence au baroque pass\u00e9 de son esth\u00e9tisme mais pas moins engag\u00e9, cependant, dans des combats qui lui tiennent \u00e0 c\u0153ur, dans ce monde qui vacille. Mais le sens du romanesque est bien toujours pr\u00e9sent dans l\u2019\u0153uvre du r\u00e9alisateur espagnol et m\u00eame si, ici, le sujet se rapproche de la trag\u00e9die, qui d&rsquo;autre que lui pourrait lui donner cette aura lumineuse, aux portes du m\u00e9lodrame, mais avec la pudeur et l&rsquo;\u00e9l\u00e9gance somptueuses d&rsquo;une condamnation amour&nbsp;?Almod\u00f3var n&rsquo;est plus le peintre des exc\u00e8s, certains le regretteront sans doute, mais d\u00e9sormais plus Hopper que Dali, il n&rsquo;a nullement perdu la ma\u00eetrise de son art, illuminant l&rsquo;amiti\u00e9, la fragilit\u00e9 de la vie et la sororit\u00e9 de couleurs vives. Loin d&rsquo;\u00eatre un requiem, La chambre d&rsquo;\u00e0 c\u00f4t\u00e9 est un hymne chatoyant \u00e0 la dignit\u00e9 et \u00e0 la libert\u00e9 de chaque \u00eatre humain, face au plus grand vertige de l&rsquo;existence. Amoureux inconditionnel des actrices, le cin\u00e9aste a choisi, en Tilda Swinton et Julianne Moore, deux des plus remarquables de l&rsquo;\u00e9poque, sublimes, cela va sans dire, dans un film poignant dans sa douceur qui parvient \u00e0 la s\u00e9r\u00e9nit\u00e9, toutes douleurs bues.\u00a0\u00bb<\/i> affirme un spectateur, dans une critique d\u00e9pos\u00e9e sur le site <a href=\"https:\/\/www.allocine.fr\/film\/fichefilm_gen_cfilm=326074.html\">allocin\u00e9<\/a>. <\/span><\/p>\n","protected":false},"excerpt":{"rendered":"<p>Vendredi 31 janvier, \u00e0 18h00, l\u2019espace culturel de Buzan\u00e7ais a mis \u00e0 l\u2019affiche ce film de Pedro Almodovar. Une com\u00e9die dramatique avec Tilda Swinton, Julianne Moore et John Turturro. Ingrid et Martha, amies de longue date, ont d\u00e9but\u00e9 leur carri\u00e8re au sein du m\u00eame magazine. Lorsqu\u2019Ingrid devient romanci\u00e8re \u00e0 succ\u00e8s et Martha, reporter de guerre,&hellip;&nbsp;<a href=\"https:\/\/www.brenne-au-coeur.com\/index.php\/2025\/01\/15\/la-chambre-da-cote\/buzancais\/6287\/\" rel=\"bookmark\">Lire la suite&nbsp;&raquo;<span class=\"screen-reader-text\">La chambre d\u2019\u00e0 c\u00f4t\u00e9<\/span><\/a><\/p>\n","protected":false},"author":1,"featured_media":6288,"comment_status":"open","ping_status":"open","sticky":false,"template":"","format":"standard","meta":{"rop_custom_images_group":[],"rop_custom_messages_group":[],"rop_publish_now":"initial","rop_publish_now_accounts":[],"rop_publish_now_history":[],"rop_publish_now_status":"pending","_monsterinsights_skip_tracking":false,"_monsterinsights_sitenote_active":false,"_monsterinsights_sitenote_note":"","_monsterinsights_sitenote_category":0,"neve_meta_sidebar":"","neve_meta_container":"","neve_meta_enable_content_width":"off","neve_meta_content_width":70,"neve_meta_title_alignment":"","neve_meta_author_avatar":"","neve_post_elements_order":"","neve_meta_disable_header":"","neve_meta_disable_footer":"","neve_meta_disable_title":"","_jetpack_memberships_contains_paid_content":false,"footnotes":"","jetpack_publicize_message":"","jetpack_publicize_feature_enabled":true,"jetpack_social_post_already_shared":true,"jetpack_social_options":{"image_generator_settings":{"template":"highway","default_image_id":0,"font":"","enabled":false},"version":2}},"categories":[167],"tags":[47],"class_list":["post-6287","post","type-post","status-publish","format-standard","has-post-thumbnail","hentry","category-buzancais","tag-cinema"],"aioseo_notices":[],"jetpack_publicize_connections":[],"jetpack_featured_media_url":"https:\/\/www.brenne-au-coeur.com\/wp-content\/uploads\/2025\/01\/la-chambre.jpeg","jetpack-related-posts":[],"jetpack_sharing_enabled":true,"_links":{"self":[{"href":"https:\/\/www.brenne-au-coeur.com\/index.php\/wp-json\/wp\/v2\/posts\/6287","targetHints":{"allow":["GET"]}}],"collection":[{"href":"https:\/\/www.brenne-au-coeur.com\/index.php\/wp-json\/wp\/v2\/posts"}],"about":[{"href":"https:\/\/www.brenne-au-coeur.com\/index.php\/wp-json\/wp\/v2\/types\/post"}],"author":[{"embeddable":true,"href":"https:\/\/www.brenne-au-coeur.com\/index.php\/wp-json\/wp\/v2\/users\/1"}],"replies":[{"embeddable":true,"href":"https:\/\/www.brenne-au-coeur.com\/index.php\/wp-json\/wp\/v2\/comments?post=6287"}],"version-history":[{"count":1,"href":"https:\/\/www.brenne-au-coeur.com\/index.php\/wp-json\/wp\/v2\/posts\/6287\/revisions"}],"predecessor-version":[{"id":6289,"href":"https:\/\/www.brenne-au-coeur.com\/index.php\/wp-json\/wp\/v2\/posts\/6287\/revisions\/6289"}],"wp:featuredmedia":[{"embeddable":true,"href":"https:\/\/www.brenne-au-coeur.com\/index.php\/wp-json\/wp\/v2\/media\/6288"}],"wp:attachment":[{"href":"https:\/\/www.brenne-au-coeur.com\/index.php\/wp-json\/wp\/v2\/media?parent=6287"}],"wp:term":[{"taxonomy":"category","embeddable":true,"href":"https:\/\/www.brenne-au-coeur.com\/index.php\/wp-json\/wp\/v2\/categories?post=6287"},{"taxonomy":"post_tag","embeddable":true,"href":"https:\/\/www.brenne-au-coeur.com\/index.php\/wp-json\/wp\/v2\/tags?post=6287"}],"curies":[{"name":"wp","href":"https:\/\/api.w.org\/{rel}","templated":true}]}}