{"id":6280,"date":"2025-01-15T16:31:36","date_gmt":"2025-01-15T15:31:36","guid":{"rendered":"https:\/\/www.brenne-au-coeur.com\/?p=6280"},"modified":"2025-01-15T16:31:36","modified_gmt":"2025-01-15T15:31:36","slug":"conference-et-rencontre-a-mezieres","status":"publish","type":"post","link":"https:\/\/www.brenne-au-coeur.com\/index.php\/2025\/01\/15\/conference-et-rencontre-a-mezieres\/communes\/mezieres-en-brenne\/6280\/","title":{"rendered":"Conf\u00e9rence et rencontre \u00e0 M\u00e9zi\u00e8res"},"content":{"rendered":"<p><span style=\"font-size: large;\">J<a href=\"https:\/\/www.brenne-au-coeur.com\/wp-content\/uploads\/2025\/01\/Parentheses-Addictions-23-01-2025.jpg\" rel=\"lightbox[6280]\"><img loading=\"lazy\" decoding=\"async\" class=\"alignleft wp-image-6282 size-medium\" src=\"https:\/\/www.brenne-au-coeur.com\/wp-content\/uploads\/2025\/01\/Parentheses-Addictions-23-01-2025-212x300.jpg\" alt=\"\" width=\"212\" height=\"300\" srcset=\"https:\/\/www.brenne-au-coeur.com\/wp-content\/uploads\/2025\/01\/Parentheses-Addictions-23-01-2025-212x300.jpg 212w, https:\/\/www.brenne-au-coeur.com\/wp-content\/uploads\/2025\/01\/Parentheses-Addictions-23-01-2025-724x1024.jpg 724w, https:\/\/www.brenne-au-coeur.com\/wp-content\/uploads\/2025\/01\/Parentheses-Addictions-23-01-2025-106x150.jpg 106w, https:\/\/www.brenne-au-coeur.com\/wp-content\/uploads\/2025\/01\/Parentheses-Addictions-23-01-2025-768x1086.jpg 768w, https:\/\/www.brenne-au-coeur.com\/wp-content\/uploads\/2025\/01\/Parentheses-Addictions-23-01-2025-1086x1536.jpg 1086w, https:\/\/www.brenne-au-coeur.com\/wp-content\/uploads\/2025\/01\/Parentheses-Addictions-23-01-2025.jpg 1414w\" sizes=\"auto, (max-width: 212px) 100vw, 212px\" \/><\/a>eudi 23 janvier \u00e0 18h, la m\u00e9diath\u00e8que de M\u00e9zi\u00e8res organise une conf\u00e9rence sur le th\u00e8me des addictions. \u00ab\u00a0Addictions et conduites \u00e0 risques chez nos enfants et ados\u00a0\u00bb sera anim\u00e9 M Robi, de l\u2019association <a href=\"https:\/\/addictions-france.org\/\">Addictions France<\/a>.<\/span><\/p>\n<p><span style=\"font-size: large;\">Cette question qui suscite tant d\u2019inqui\u00e9tudes pour de nombreux parents, n\u2019est pas sans solution. La conf\u00e9rence permettra aux personnes concern\u00e9es, de se renseigner sur les aides possibles et les prises en charges propos\u00e9es par l\u2019association. <\/span><\/p>\n<p><span style=\"font-size: large;\">Fond\u00e9e en 1872 par Claude Bernard et Louis Pasteur, Association Addictions France est une association loi 1901, reconnue d\u2019utilit\u00e9 publique et agr\u00e9\u00e9e d\u2019\u00e9ducation populaire. Son action va de la pr\u00e9vention aux soins, du travail social \u00e0 la r\u00e9duction des risques. <\/span><\/p>\n<p><span style=\"font-size: large;\">Les professionnels de l\u2019association interviennent sur toutes les conduites addictives&nbsp;: alcool, tabac, cannabis, m\u00e9dicaments psychotropes, drogues illicites, pratiques de jeu excessives et autres addictions sans substance. <\/span><\/p>\n<p><span style=\"font-size: large;\"><a href=\"https:\/\/www.brenne-au-coeur.com\/wp-content\/uploads\/2025\/01\/Parentheses_Cafedesparents-ecrans-25-01-25.jpg\" rel=\"lightbox[6280]\"><img loading=\"lazy\" decoding=\"async\" class=\"alignright wp-image-6281 size-medium\" src=\"https:\/\/www.brenne-au-coeur.com\/wp-content\/uploads\/2025\/01\/Parentheses_Cafedesparents-ecrans-25-01-25-212x300.jpg\" alt=\"\" width=\"212\" height=\"300\" srcset=\"https:\/\/www.brenne-au-coeur.com\/wp-content\/uploads\/2025\/01\/Parentheses_Cafedesparents-ecrans-25-01-25-212x300.jpg 212w, https:\/\/www.brenne-au-coeur.com\/wp-content\/uploads\/2025\/01\/Parentheses_Cafedesparents-ecrans-25-01-25-724x1024.jpg 724w, https:\/\/www.brenne-au-coeur.com\/wp-content\/uploads\/2025\/01\/Parentheses_Cafedesparents-ecrans-25-01-25-106x150.jpg 106w, https:\/\/www.brenne-au-coeur.com\/wp-content\/uploads\/2025\/01\/Parentheses_Cafedesparents-ecrans-25-01-25-768x1086.jpg 768w, https:\/\/www.brenne-au-coeur.com\/wp-content\/uploads\/2025\/01\/Parentheses_Cafedesparents-ecrans-25-01-25-1086x1536.jpg 1086w, https:\/\/www.brenne-au-coeur.com\/wp-content\/uploads\/2025\/01\/Parentheses_Cafedesparents-ecrans-25-01-25.jpg 1414w\" sizes=\"auto, (max-width: 212px) 100vw, 212px\" \/><\/a>L\u2019association est \u00e9galement force de proposition pour faire \u00e9voluer les opinions et contribuer \u00e0 la mise en place d\u2019une politique coh\u00e9rente sur les addictions. <\/span><\/p>\n<p><span style=\"font-size: large;\">Samedi 25 janvier de 15h00 \u00e0 16h30, une autre activit\u00e9 des jeunes potentiellement addictive\u00a0: les \u00e9crans. Rencontre d\u00e9bat dans le cadre des parenth\u00e8ses de la m\u00e9diath\u00e8que. <\/span><\/p>\n<p><span style=\"font-size: large;\">Claire Sanzani de la <a href=\"https:\/\/frapscentre.org\/\">FRAPS<\/a>, (F\u00e9d\u00e9ration R\u00e9gionale des Acteurs en Promotion de la Sant\u00e9), animera l\u2019\u00e9change. Cr\u00e9\u00e9e en 2005, la FRAPS est une association loi 1901 qui a pour objectif g\u00e9n\u00e9ral de d\u00e9velopper la promotion de la sant\u00e9 en r\u00e9gion Centre-Val de Loire. Elle s\u2019adresse \u00e0 l\u2019ensemble des professionnels du sanitaire, du social, du m\u00e9dico-social, de la pr\u00e9vention et de l\u2019\u00e9ducation pour la sant\u00e9.<\/span><\/p>\n<p><span style=\"font-size: large;\">Pour ces deux rencontres, la participation, sur inscription, est gratuite.<\/span><\/p>\n<p><span style=\"font-size: large;\">Contact\u00a0: 02 54 38 12 67<\/span><\/p>\n","protected":false},"excerpt":{"rendered":"<p>Jeudi 23 janvier \u00e0 18h, la m\u00e9diath\u00e8que de M\u00e9zi\u00e8res organise une conf\u00e9rence sur le th\u00e8me des addictions. \u00ab\u00a0Addictions et conduites \u00e0 risques chez nos enfants et ados\u00a0\u00bb sera anim\u00e9 M Robi, de l\u2019association Addictions France. Cette question qui suscite tant d\u2019inqui\u00e9tudes pour de nombreux parents, n\u2019est pas sans solution. La conf\u00e9rence permettra aux personnes concern\u00e9es,&hellip;&nbsp;<a href=\"https:\/\/www.brenne-au-coeur.com\/index.php\/2025\/01\/15\/conference-et-rencontre-a-mezieres\/communes\/mezieres-en-brenne\/6280\/\" rel=\"bookmark\">Lire la suite&nbsp;&raquo;<span class=\"screen-reader-text\">Conf\u00e9rence et rencontre \u00e0 M\u00e9zi\u00e8res<\/span><\/a><\/p>\n","protected":false},"author":1,"featured_media":6282,"comment_status":"open","ping_status":"open","sticky":false,"template":"","format":"standard","meta":{"rop_custom_images_group":[],"rop_custom_messages_group":[],"rop_publish_now":"initial","rop_publish_now_accounts":[],"rop_publish_now_history":[],"rop_publish_now_status":"pending","_monsterinsights_skip_tracking":false,"_monsterinsights_sitenote_active":false,"_monsterinsights_sitenote_note":"","_monsterinsights_sitenote_category":0,"neve_meta_sidebar":"","neve_meta_container":"","neve_meta_enable_content_width":"off","neve_meta_content_width":70,"neve_meta_title_alignment":"","neve_meta_author_avatar":"","neve_post_elements_order":"","neve_meta_disable_header":"","neve_meta_disable_footer":"","neve_meta_disable_title":"","_jetpack_memberships_contains_paid_content":false,"footnotes":"","jetpack_publicize_message":"","jetpack_publicize_feature_enabled":true,"jetpack_social_post_already_shared":true,"jetpack_social_options":{"image_generator_settings":{"template":"highway","default_image_id":0,"font":"","enabled":false},"version":2}},"categories":[59,12],"tags":[84,77],"class_list":["post-6280","post","type-post","status-publish","format-standard","has-post-thumbnail","hentry","category-mediatheque","category-mezieres-en-brenne","tag-conference","tag-sante"],"aioseo_notices":[],"jetpack_publicize_connections":[],"jetpack_featured_media_url":"https:\/\/www.brenne-au-coeur.com\/wp-content\/uploads\/2025\/01\/Parentheses-Addictions-23-01-2025.jpg","jetpack-related-posts":[],"jetpack_sharing_enabled":true,"_links":{"self":[{"href":"https:\/\/www.brenne-au-coeur.com\/index.php\/wp-json\/wp\/v2\/posts\/6280","targetHints":{"allow":["GET"]}}],"collection":[{"href":"https:\/\/www.brenne-au-coeur.com\/index.php\/wp-json\/wp\/v2\/posts"}],"about":[{"href":"https:\/\/www.brenne-au-coeur.com\/index.php\/wp-json\/wp\/v2\/types\/post"}],"author":[{"embeddable":true,"href":"https:\/\/www.brenne-au-coeur.com\/index.php\/wp-json\/wp\/v2\/users\/1"}],"replies":[{"embeddable":true,"href":"https:\/\/www.brenne-au-coeur.com\/index.php\/wp-json\/wp\/v2\/comments?post=6280"}],"version-history":[{"count":1,"href":"https:\/\/www.brenne-au-coeur.com\/index.php\/wp-json\/wp\/v2\/posts\/6280\/revisions"}],"predecessor-version":[{"id":6283,"href":"https:\/\/www.brenne-au-coeur.com\/index.php\/wp-json\/wp\/v2\/posts\/6280\/revisions\/6283"}],"wp:featuredmedia":[{"embeddable":true,"href":"https:\/\/www.brenne-au-coeur.com\/index.php\/wp-json\/wp\/v2\/media\/6282"}],"wp:attachment":[{"href":"https:\/\/www.brenne-au-coeur.com\/index.php\/wp-json\/wp\/v2\/media?parent=6280"}],"wp:term":[{"taxonomy":"category","embeddable":true,"href":"https:\/\/www.brenne-au-coeur.com\/index.php\/wp-json\/wp\/v2\/categories?post=6280"},{"taxonomy":"post_tag","embeddable":true,"href":"https:\/\/www.brenne-au-coeur.com\/index.php\/wp-json\/wp\/v2\/tags?post=6280"}],"curies":[{"name":"wp","href":"https:\/\/api.w.org\/{rel}","templated":true}]}}