{"id":6240,"date":"2024-12-22T12:36:20","date_gmt":"2024-12-22T11:36:20","guid":{"rendered":"https:\/\/www.brenne-au-coeur.com\/?p=6240"},"modified":"2024-12-22T12:36:20","modified_gmt":"2024-12-22T11:36:20","slug":"le-cine-des-minos","status":"publish","type":"post","link":"https:\/\/www.brenne-au-coeur.com\/index.php\/2024\/12\/22\/le-cine-des-minos\/le-blanc\/6240\/","title":{"rendered":"Le cin\u00e9 des minos"},"content":{"rendered":"<p><span style=\"font-size: large;\">D\u00e8s janvier 2025, des salles de cin\u00e9ma des environs poursuivent leur programmation destin\u00e9e aux plus jeunes, propos\u00e9e par <a href=\"https:\/\/leprog.com\/association-des-cinemas-du-centre-acc\">l&rsquo;association des cin\u00e9mas du Centre.<\/a><\/span><\/p>\n<p><span style=\"font-size: large;\"><a href=\"https:\/\/www.brenne-au-coeur.com\/wp-content\/uploads\/2024\/12\/ours-gloutons.jpeg\" rel=\"lightbox[6240]\"><img loading=\"lazy\" decoding=\"async\" class=\"alignleft wp-image-6242 size-medium\" src=\"https:\/\/www.brenne-au-coeur.com\/wp-content\/uploads\/2024\/12\/ours-gloutons-221x300.jpeg\" alt=\"\" width=\"221\" height=\"300\" srcset=\"https:\/\/www.brenne-au-coeur.com\/wp-content\/uploads\/2024\/12\/ours-gloutons-221x300.jpeg 221w, https:\/\/www.brenne-au-coeur.com\/wp-content\/uploads\/2024\/12\/ours-gloutons-111x150.jpeg 111w, https:\/\/www.brenne-au-coeur.com\/wp-content\/uploads\/2024\/12\/ours-gloutons.jpeg 310w\" sizes=\"auto, (max-width: 221px) 100vw, 221px\" \/><\/a>Les ours gloutons au p\u00f4le nord (d\u00e8s 4 ans)<\/span><\/p>\n<p><span style=\"font-size: large;\">De Alexandra Majova et Katherina Karhankova<\/span><\/p>\n<p><span style=\"font-size: large;\">Les mois d\u2019hiver dans leur cabane, Nico et Mika, deux ours ins\u00e9parables, ont fort \u00e0 faire&nbsp;: r\u00e9parer les fuites du toit alors qu\u2019ils pr\u00e9f\u00e9reraient faire des g\u00e2teaux bien au chaud, tenter de r\u00e9sister \u00e0 l\u2019hibernation en buvant du caf\u00e9 pour profiter des joies de la neige\u2026 Mais le meilleur moment, c\u2019est quand m\u00eame partir au bout du monde pour le fameux festival de sorbets organis\u00e9 par leur amie, Madame Ourse polaire. L\u2019hiver est peut-\u00eatre la plus belle des quatre saisons m\u00eame pour les ours apr\u00e8s tout&nbsp;!<\/span><\/p>\n<p><span style=\"font-size: large;\">Programme de 3 courts m\u00e9trages de 43 min. (R\u00e9publique Tch\u00e8que).<\/span><\/p>\n<p><span style=\"font-size: large;\">S\u00e9ances \u00e0 Argenton le samedi 11 janvier \u00e0 15h30, \u00e0 Buzan\u00e7ais, le mercredi 29 janvier \u00e0 15h00, au Blanc le mercredi 22 janvier \u00e0 15h00 et le dimanche 26 \u00e017h00.<\/span><\/p>\n<p><span style=\"font-size: large;\">Maya donne-moi un titre (d\u00e8s 5\/6 ans)<\/span><\/p>\n<p><span style=\"font-size: large;\"><a href=\"https:\/\/www.brenne-au-coeur.com\/wp-content\/uploads\/2024\/12\/maya.jpeg\" rel=\"lightbox[6240]\"><img loading=\"lazy\" decoding=\"async\" class=\"alignright wp-image-6241 size-medium\" src=\"https:\/\/www.brenne-au-coeur.com\/wp-content\/uploads\/2024\/12\/maya-221x300.jpeg\" alt=\"\" width=\"221\" height=\"300\" srcset=\"https:\/\/www.brenne-au-coeur.com\/wp-content\/uploads\/2024\/12\/maya-221x300.jpeg 221w, https:\/\/www.brenne-au-coeur.com\/wp-content\/uploads\/2024\/12\/maya-111x150.jpeg 111w, https:\/\/www.brenne-au-coeur.com\/wp-content\/uploads\/2024\/12\/maya.jpeg 310w\" sizes=\"auto, (max-width: 221px) 100vw, 221px\" \/><\/a>De Michel Gondry<\/span><\/p>\n<p><span style=\"font-size: large;\">Maya et son papa vivent dans deux pays diff\u00e9rents. Pour maintenir le lien avec sa fille et continuer \u00e0 lui raconter des histoires, son papa lui demande chaque soir \u00ab&nbsp;Maya, donne-moi un titre&nbsp;\u00bb. \u00c0 partir de ce titre, il lui fabrique alors un dessin anim\u00e9 dont elle est l\u2019h\u00e9ro\u00efne. \u00c0 travers ces aventures racont\u00e9es par Pierre Niney, Michel Gondry donne vie \u00e0 un voyage po\u00e9tique et amusant qui fera r\u00eaver les petits\u2026et sourire les grands.<\/span><\/p>\n<p><span style=\"font-size: large;\">France \/ 1h05<\/span><\/p>\n<p><span style=\"font-size: large;\">S\u00e9ances \u00e0 Argenton le samedi 8 f\u00e9vrier \u00e0 15h30, \u00e0 Buzan\u00e7ais, le mercredi 26 f\u00e9vrier \u00e0 15h00, au Blanc mercredi 5 f\u00e9vrier \u00e0 14h30 et le dimanche 9 \u00e0 17h00<\/span><\/p>\n","protected":false},"excerpt":{"rendered":"<p>D\u00e8s janvier 2025, des salles de cin\u00e9ma des environs poursuivent leur programmation destin\u00e9e aux plus jeunes, propos\u00e9e par l&rsquo;association des cin\u00e9mas du Centre. Les ours gloutons au p\u00f4le nord (d\u00e8s 4 ans) De Alexandra Majova et Katherina Karhankova Les mois d\u2019hiver dans leur cabane, Nico et Mika, deux ours ins\u00e9parables, ont fort \u00e0 faire&nbsp;: r\u00e9parer&hellip;&nbsp;<a href=\"https:\/\/www.brenne-au-coeur.com\/index.php\/2024\/12\/22\/le-cine-des-minos\/le-blanc\/6240\/\" rel=\"bookmark\">Lire la suite&nbsp;&raquo;<span class=\"screen-reader-text\">Le cin\u00e9 des minos<\/span><\/a><\/p>\n","protected":false},"author":1,"featured_media":6242,"comment_status":"open","ping_status":"open","sticky":false,"template":"","format":"standard","meta":{"rop_custom_images_group":[],"rop_custom_messages_group":[],"rop_publish_now":"initial","rop_publish_now_accounts":[],"rop_publish_now_history":[],"rop_publish_now_status":"pending","_monsterinsights_skip_tracking":false,"_monsterinsights_sitenote_active":false,"_monsterinsights_sitenote_note":"","_monsterinsights_sitenote_category":0,"neve_meta_sidebar":"","neve_meta_container":"","neve_meta_enable_content_width":"off","neve_meta_content_width":70,"neve_meta_title_alignment":"","neve_meta_author_avatar":"","neve_post_elements_order":"","neve_meta_disable_header":"","neve_meta_disable_footer":"","neve_meta_disable_title":"","_jetpack_memberships_contains_paid_content":false,"footnotes":"","jetpack_publicize_message":"","jetpack_publicize_feature_enabled":true,"jetpack_social_post_already_shared":true,"jetpack_social_options":{"image_generator_settings":{"template":"highway","default_image_id":0,"font":"","enabled":false},"version":2}},"categories":[132,167,101],"tags":[47,36],"class_list":["post-6240","post","type-post","status-publish","format-standard","has-post-thumbnail","hentry","category-argenton-sur-creuse","category-buzancais","category-le-blanc","tag-cinema","tag-jeunesse"],"aioseo_notices":[],"jetpack_publicize_connections":[],"jetpack_featured_media_url":"https:\/\/www.brenne-au-coeur.com\/wp-content\/uploads\/2024\/12\/ours-gloutons.jpeg","jetpack-related-posts":[],"jetpack_sharing_enabled":true,"_links":{"self":[{"href":"https:\/\/www.brenne-au-coeur.com\/index.php\/wp-json\/wp\/v2\/posts\/6240","targetHints":{"allow":["GET"]}}],"collection":[{"href":"https:\/\/www.brenne-au-coeur.com\/index.php\/wp-json\/wp\/v2\/posts"}],"about":[{"href":"https:\/\/www.brenne-au-coeur.com\/index.php\/wp-json\/wp\/v2\/types\/post"}],"author":[{"embeddable":true,"href":"https:\/\/www.brenne-au-coeur.com\/index.php\/wp-json\/wp\/v2\/users\/1"}],"replies":[{"embeddable":true,"href":"https:\/\/www.brenne-au-coeur.com\/index.php\/wp-json\/wp\/v2\/comments?post=6240"}],"version-history":[{"count":1,"href":"https:\/\/www.brenne-au-coeur.com\/index.php\/wp-json\/wp\/v2\/posts\/6240\/revisions"}],"predecessor-version":[{"id":6243,"href":"https:\/\/www.brenne-au-coeur.com\/index.php\/wp-json\/wp\/v2\/posts\/6240\/revisions\/6243"}],"wp:featuredmedia":[{"embeddable":true,"href":"https:\/\/www.brenne-au-coeur.com\/index.php\/wp-json\/wp\/v2\/media\/6242"}],"wp:attachment":[{"href":"https:\/\/www.brenne-au-coeur.com\/index.php\/wp-json\/wp\/v2\/media?parent=6240"}],"wp:term":[{"taxonomy":"category","embeddable":true,"href":"https:\/\/www.brenne-au-coeur.com\/index.php\/wp-json\/wp\/v2\/categories?post=6240"},{"taxonomy":"post_tag","embeddable":true,"href":"https:\/\/www.brenne-au-coeur.com\/index.php\/wp-json\/wp\/v2\/tags?post=6240"}],"curies":[{"name":"wp","href":"https:\/\/api.w.org\/{rel}","templated":true}]}}