{"id":6231,"date":"2024-12-21T15:08:41","date_gmt":"2024-12-21T14:08:41","guid":{"rendered":"https:\/\/www.brenne-au-coeur.com\/?p=6231"},"modified":"2024-12-21T15:08:41","modified_gmt":"2024-12-21T14:08:41","slug":"barbara-la-chanteuse-de-minuit","status":"publish","type":"post","link":"https:\/\/www.brenne-au-coeur.com\/index.php\/2024\/12\/21\/barbara-la-chanteuse-de-minuit\/le-blanc\/6231\/","title":{"rendered":"Barbara, la chanteuse de minuit"},"content":{"rendered":"<p><span style=\"font-size: large;\">Samedi 11 janvier 2025 \u00e0 20h30 au Moulin de la Filature, au Blanc, <a href=\"https:\/\/www.labencompagnie.fr\/\">la Ben Compagnie<\/a> propose un spectacle qui n&rsquo;est ni un r\u00e9cital, ni un biopic, mais une histoire en musique, l&rsquo;histoire de Lucy. Lucy, personnage \u00e9ponyme d&rsquo;une chanson de Barbara, va vivre une grande histoire d&rsquo;amour dans la p\u00e9riode troubl\u00e9e de la seconde guerre mondiale. A travers les chansons de l&rsquo;artiste, nous allons voyager de Vienne \u00e0 Nantes, \u00e9prouver tour \u00e0 tour la solitude et la joie de vivre, sentir nos coeurs battre au rythme de Lucy, Gueule de nuit, pour tenter de d\u00e9voiler qui \u00e9tait cette longue dame brune.Dans une sc\u00e9nographie faisant place \u00e0 2 espaces, la rue et l&rsquo;int\u00e9rieur d&rsquo;une petite chambre de bonne parisienne, Lucy erre entre les 2, comme sur le fil. Le spectateur se trouve transport\u00e9 dans un univers en noir et blanc, rappelant les films de Carn\u00e9 ou l&rsquo;univers photographique du studio Harcourt.<\/span><\/p>\n<div class=\"nv-iframe-embed\"><div class=\"lyte-wrapper fourthree\" title=\"&amp;quot;Barbara, la chanteuse de minuit !&amp;quot; le spectacle\" style=\"width:420px;max-width:100%;margin:5px auto;\"><div class=\"lyMe hidef\" id=\"WYL_5nmFOJ30oM0\" itemprop=\"video\" itemscope itemtype=\"https:\/\/schema.org\/VideoObject\"><div><meta itemprop=\"thumbnailUrl\" content=\"https:\/\/www.brenne-au-coeur.com\/wp-content\/plugins\/wp-youtube-lyte\/lyteCache.php?origThumbUrl=https%3A%2F%2Fi.ytimg.com%2Fvi%2F5nmFOJ30oM0%2Fmaxresdefault.jpg\" \/><meta itemprop=\"embedURL\" content=\"https:\/\/www.youtube.com\/embed\/5nmFOJ30oM0\" \/><meta itemprop=\"duration\" content=\"PT2M32S\" \/><meta itemprop=\"uploadDate\" content=\"2023-10-05T09:27:44Z\" \/><\/div><div id=\"lyte_5nmFOJ30oM0\" data-src=\"https:\/\/www.brenne-au-coeur.com\/wp-content\/plugins\/wp-youtube-lyte\/lyteCache.php?origThumbUrl=https%3A%2F%2Fi.ytimg.com%2Fvi%2F5nmFOJ30oM0%2Fmaxresdefault.jpg\" class=\"pL\"><div class=\"tC\"><div class=\"tT\" itemprop=\"name\">&quot;Barbara, la chanteuse de minuit !&quot; le spectacle<\/div><\/div><div class=\"play\"><\/div><div class=\"ctrl\"><div class=\"Lctrl\"><\/div><div class=\"Rctrl\"><\/div><\/div><\/div><noscript><a href=\"https:\/\/youtu.be\/5nmFOJ30oM0\" rel=\"nofollow\"><img loading=\"lazy\" decoding=\"async\" src=\"https:\/\/www.brenne-au-coeur.com\/wp-content\/plugins\/wp-youtube-lyte\/lyteCache.php?origThumbUrl=https%3A%2F%2Fi.ytimg.com%2Fvi%2F5nmFOJ30oM0%2F0.jpg\" alt=\"&amp;quot;Barbara, la chanteuse de minuit !&amp;quot; le spectacle\" width=\"420\" height=\"295\" \/><br \/>Lire cette vid\u00e9o sur YouTube<\/a><\/noscript><meta itemprop=\"description\" content=\"bande-annonce du spectacle &quot;Barbara, la chanteuse de minuit! &quot; avec Caroline Guisset, Etienne Champollion mise en sc\u00e8ne: Benjamin Kerautret\"><\/div><\/div><div class=\"lL\" style=\"max-width:100%;width:420px;margin:5px auto;\"><\/div><\/div>\n<p><span style=\"font-size: large;\">R\u00e9servation obligatoire. Nombre de place limit\u00e9.<\/span><\/p>\n<p><span style=\"font-size: large;\">Tarif adulte plein tarif&nbsp;: 16 \u20ac. Autre tarif R\u00e9duit et abonn\u00e9&nbsp;: 9,50 \u20ac. Gratuit &#8211; de 10 ans<\/span><\/p>\n<p><span style=\"font-size: large;\">Renseignements \/ R\u00e9servation 02 54 37 05 13 R\u00e9servation en ligne<\/span><\/p>\n","protected":false},"excerpt":{"rendered":"<p>Samedi 11 janvier 2025 \u00e0 20h30 au Moulin de la Filature, au Blanc, la Ben Compagnie propose un spectacle qui n&rsquo;est ni un r\u00e9cital, ni un biopic, mais une histoire en musique, l&rsquo;histoire de Lucy. Lucy, personnage \u00e9ponyme d&rsquo;une chanson de Barbara, va vivre une grande histoire d&rsquo;amour dans la p\u00e9riode troubl\u00e9e de la seconde&hellip;&nbsp;<a href=\"https:\/\/www.brenne-au-coeur.com\/index.php\/2024\/12\/21\/barbara-la-chanteuse-de-minuit\/le-blanc\/6231\/\" rel=\"bookmark\">Lire la suite&nbsp;&raquo;<span class=\"screen-reader-text\">Barbara, la chanteuse de minuit<\/span><\/a><\/p>\n","protected":false},"author":1,"featured_media":6232,"comment_status":"open","ping_status":"open","sticky":false,"template":"","format":"standard","meta":{"rop_custom_images_group":[],"rop_custom_messages_group":[],"rop_publish_now":"initial","rop_publish_now_accounts":[],"rop_publish_now_history":[],"rop_publish_now_status":"pending","_monsterinsights_skip_tracking":false,"_monsterinsights_sitenote_active":false,"_monsterinsights_sitenote_note":"","_monsterinsights_sitenote_category":0,"neve_meta_sidebar":"","neve_meta_container":"","neve_meta_enable_content_width":"off","neve_meta_content_width":70,"neve_meta_title_alignment":"","neve_meta_author_avatar":"","neve_post_elements_order":"","neve_meta_disable_header":"","neve_meta_disable_footer":"","neve_meta_disable_title":"","_jetpack_memberships_contains_paid_content":false,"footnotes":"","jetpack_publicize_message":"","jetpack_publicize_feature_enabled":true,"jetpack_social_post_already_shared":true,"jetpack_social_options":{"image_generator_settings":{"template":"highway","default_image_id":0,"font":"","enabled":false},"version":2}},"categories":[101],"tags":[104,78],"class_list":["post-6231","post","type-post","status-publish","format-standard","has-post-thumbnail","hentry","category-le-blanc","tag-chansons","tag-spectacle"],"aioseo_notices":[],"jetpack_publicize_connections":[],"jetpack_featured_media_url":"https:\/\/www.brenne-au-coeur.com\/wp-content\/uploads\/2024\/12\/visuel-Barbara-Chanteuse-de-minuit-credit-La-Ben-Compagnie-11-01-25.jpeg","jetpack-related-posts":[],"jetpack_sharing_enabled":true,"_links":{"self":[{"href":"https:\/\/www.brenne-au-coeur.com\/index.php\/wp-json\/wp\/v2\/posts\/6231","targetHints":{"allow":["GET"]}}],"collection":[{"href":"https:\/\/www.brenne-au-coeur.com\/index.php\/wp-json\/wp\/v2\/posts"}],"about":[{"href":"https:\/\/www.brenne-au-coeur.com\/index.php\/wp-json\/wp\/v2\/types\/post"}],"author":[{"embeddable":true,"href":"https:\/\/www.brenne-au-coeur.com\/index.php\/wp-json\/wp\/v2\/users\/1"}],"replies":[{"embeddable":true,"href":"https:\/\/www.brenne-au-coeur.com\/index.php\/wp-json\/wp\/v2\/comments?post=6231"}],"version-history":[{"count":1,"href":"https:\/\/www.brenne-au-coeur.com\/index.php\/wp-json\/wp\/v2\/posts\/6231\/revisions"}],"predecessor-version":[{"id":6233,"href":"https:\/\/www.brenne-au-coeur.com\/index.php\/wp-json\/wp\/v2\/posts\/6231\/revisions\/6233"}],"wp:featuredmedia":[{"embeddable":true,"href":"https:\/\/www.brenne-au-coeur.com\/index.php\/wp-json\/wp\/v2\/media\/6232"}],"wp:attachment":[{"href":"https:\/\/www.brenne-au-coeur.com\/index.php\/wp-json\/wp\/v2\/media?parent=6231"}],"wp:term":[{"taxonomy":"category","embeddable":true,"href":"https:\/\/www.brenne-au-coeur.com\/index.php\/wp-json\/wp\/v2\/categories?post=6231"},{"taxonomy":"post_tag","embeddable":true,"href":"https:\/\/www.brenne-au-coeur.com\/index.php\/wp-json\/wp\/v2\/tags?post=6231"}],"curies":[{"name":"wp","href":"https:\/\/api.w.org\/{rel}","templated":true}]}}