{"id":6205,"date":"2024-12-03T18:49:17","date_gmt":"2024-12-03T17:49:17","guid":{"rendered":"https:\/\/www.brenne-au-coeur.com\/?p=6205"},"modified":"2024-12-03T18:49:17","modified_gmt":"2024-12-03T17:49:17","slug":"decouvrez-le-chant-du-tambour","status":"publish","type":"post","link":"https:\/\/www.brenne-au-coeur.com\/index.php\/2024\/12\/03\/decouvrez-le-chant-du-tambour\/communes\/mezieres-en-brenne\/6205\/","title":{"rendered":"D\u00e9couvrez le chant du tambour"},"content":{"rendered":"<p><span style=\"font-size: large;\"><a href=\"https:\/\/www.brenne-au-coeur.com\/wp-content\/uploads\/2024\/12\/celineo-naturel-2.jpeg\" rel=\"lightbox[6205]\"><img loading=\"lazy\" decoding=\"async\" class=\"alignleft wp-image-6206 size-full\" src=\"https:\/\/www.brenne-au-coeur.com\/wp-content\/uploads\/2024\/12\/celineo-naturel-2.jpeg\" alt=\"\" width=\"210\" height=\"240\" srcset=\"https:\/\/www.brenne-au-coeur.com\/wp-content\/uploads\/2024\/12\/celineo-naturel-2.jpeg 210w, https:\/\/www.brenne-au-coeur.com\/wp-content\/uploads\/2024\/12\/celineo-naturel-2-131x150.jpeg 131w\" sizes=\"auto, (max-width: 210px) 100vw, 210px\" \/><\/a>Vendredi 13 d\u00e9cembre 2024 \u00e0 19h00, <a href=\"https:\/\/www.celineonaturel.fr\/#prestations\">C\u00e9line O&rsquo; Naturel<\/a> \u00e0 Sainte Clothilde (M\u00e9zi\u00e8res-en-Brenne) propose d\u2019exp\u00e9rimenter les bienfaits du Voyage au Tambour autour du feu en plein coeur de la Brenne. D\u00e9tente, connexion \u00e0 soi par le corps et les ressentis &#8230; Une nouvelle exp\u00e9rience \u00e0 vivre ou revivre pour s&rsquo;offrir un temps pour soi.<\/span><\/p>\n<p><span style=\"font-size: large;\">C\u00e9line Barnaud, naturopathe et r\u00e9flexologue plantaire propose ses services en m\u00e9decine douce et naturelle&nbsp;:<\/span><\/p>\n<p><span style=\"font-size: large;\">Naturopathie, R\u00e9flexologie Plantaire, Access Bars, Reiki, Fleurs de Bach, Sauna Japonais, Bain de Flottaison, Soin Bougies d\u2019oreilles au bougies d\u2019HOPI\u00ae<\/span><\/p>\n<p><span style=\"font-size: large;\">Ainsi se pr\u00e9sente-t-elle sur son site internet\u00a0:<\/span><\/p>\n<p><span style=\"font-size: large;\"><i>La naturopathie n\u2019a pas toujours \u00e9t\u00e9 une \u00e9vidence pour moi. Je ne fais pas partie de ceux qui ont baign\u00e9 dedans depuis tout petit. Cependant, j\u2019ai toujours souhait\u00e9 soigner les gens et cela se traduit d\u00e8s mon 1er choix d\u2019orientation professionnelle.<\/i><\/span><\/p>\n<p><span style=\"font-size: large;\"><i>Dipl\u00f4me d\u2019\u00c9tat d\u2019Infirmi\u00e8re en 1999, j\u2019ai travaill\u00e9 pendant 20 ans en clinique et 2 ans en tant qu\u2019infirmi\u00e8re lib\u00e9rale.<\/i><\/span><\/p>\n<p><span style=\"font-size: large;\"><i><a href=\"https:\/\/www.brenne-au-coeur.com\/wp-content\/uploads\/2024\/12\/celine-o-naturel-1.jpeg\" rel=\"lightbox[6205]\"><img loading=\"lazy\" decoding=\"async\" class=\"alignright wp-image-6207 size-full\" src=\"https:\/\/www.brenne-au-coeur.com\/wp-content\/uploads\/2024\/12\/celine-o-naturel-1.jpeg\" alt=\"\" width=\"275\" height=\"183\" srcset=\"https:\/\/www.brenne-au-coeur.com\/wp-content\/uploads\/2024\/12\/celine-o-naturel-1.jpeg 275w, https:\/\/www.brenne-au-coeur.com\/wp-content\/uploads\/2024\/12\/celine-o-naturel-1-150x100.jpeg 150w, https:\/\/www.brenne-au-coeur.com\/wp-content\/uploads\/2024\/12\/celine-o-naturel-1-272x182.jpeg 272w\" sizes=\"auto, (max-width: 275px) 100vw, 275px\" \/><\/a>Ces ann\u00e9es de pratique m\u2019ont n\u00e9anmoins montr\u00e9 que la m\u00e9decine conventionnelle avait parfois des limites dans sa prise en charge. Cette m\u00e9decine soigne l\u2019aigu, traite la maladie et peut gu\u00e9rir. Cependant, elle ne prend pas en compte l\u2019\u00e9tat de la personne dans sa globalit\u00e9.<\/i><\/span><\/p>\n<p><span style=\"font-size: large;\"><i>J\u2019ai donc commenc\u00e9 \u00e0 m\u2019\u00e9veiller sur les bienfaits de la m\u00e9decine alternative et naturelle qui, contrairement \u00e0 la m\u00e9decine traditionnelle, traite du bien-\u00eatre. J\u2019ai alors suivi plusieurs formations essentielles pour prendre en charge les personnes en qu\u00eate de bien-\u00eatre.<\/i><\/span><\/p>\n<p><span style=\"font-size: large;\"><i>Aujourd\u2019hui toutes mes connaissances et exp\u00e9riences me permettent de vous accompagner sur le chemin du mieux-\u00eatre gr\u00e2ce aux th\u00e9rapies naturelles.<\/i><\/span><\/p>\n<p><span style=\"font-size: large;\">Pour la participation \u00e0la s\u00e9ance du vendredi 13 d\u00e9cembre, la r\u00e9servation est obligatoire. Nombre de places limit\u00e9. Le Voyage sera suivi d&rsquo;un ap\u00e9ritif afin de conclure ce temps de ressourcement et de partage.<\/span><\/p>\n<p><span style=\"font-size: large;\">Adulte plein tarif&nbsp;: 15 \u20ac. Renseignements \/ R\u00e9servation 06 84 37 19 09<\/span><\/p>\n","protected":false},"excerpt":{"rendered":"<p>Vendredi 13 d\u00e9cembre 2024 \u00e0 19h00, C\u00e9line O&rsquo; Naturel \u00e0 Sainte Clothilde (M\u00e9zi\u00e8res-en-Brenne) propose d\u2019exp\u00e9rimenter les bienfaits du Voyage au Tambour autour du feu en plein coeur de la Brenne. D\u00e9tente, connexion \u00e0 soi par le corps et les ressentis &#8230; Une nouvelle exp\u00e9rience \u00e0 vivre ou revivre pour s&rsquo;offrir un temps pour soi. C\u00e9line&hellip;&nbsp;<a href=\"https:\/\/www.brenne-au-coeur.com\/index.php\/2024\/12\/03\/decouvrez-le-chant-du-tambour\/communes\/mezieres-en-brenne\/6205\/\" rel=\"bookmark\">Lire la suite&nbsp;&raquo;<span class=\"screen-reader-text\">D\u00e9couvrez le chant du tambour<\/span><\/a><\/p>\n","protected":false},"author":1,"featured_media":6206,"comment_status":"open","ping_status":"open","sticky":false,"template":"","format":"standard","meta":{"rop_custom_images_group":[],"rop_custom_messages_group":[],"rop_publish_now":"initial","rop_publish_now_accounts":[],"rop_publish_now_history":[],"rop_publish_now_status":"pending","_monsterinsights_skip_tracking":false,"_monsterinsights_sitenote_active":false,"_monsterinsights_sitenote_note":"","_monsterinsights_sitenote_category":0,"neve_meta_sidebar":"","neve_meta_container":"","neve_meta_enable_content_width":"off","neve_meta_content_width":70,"neve_meta_title_alignment":"","neve_meta_author_avatar":"","neve_post_elements_order":"","neve_meta_disable_header":"","neve_meta_disable_footer":"","neve_meta_disable_title":"","_jetpack_memberships_contains_paid_content":false,"footnotes":"","jetpack_publicize_message":"","jetpack_publicize_feature_enabled":true,"jetpack_social_post_already_shared":true,"jetpack_social_options":{"image_generator_settings":{"template":"highway","default_image_id":0,"font":"","enabled":false},"version":2}},"categories":[12],"tags":[27,77],"class_list":["post-6205","post","type-post","status-publish","format-standard","has-post-thumbnail","hentry","category-mezieres-en-brenne","tag-nature","tag-sante"],"aioseo_notices":[],"jetpack_publicize_connections":[],"jetpack_featured_media_url":"https:\/\/www.brenne-au-coeur.com\/wp-content\/uploads\/2024\/12\/celineo-naturel-2.jpeg","jetpack-related-posts":[],"jetpack_sharing_enabled":true,"_links":{"self":[{"href":"https:\/\/www.brenne-au-coeur.com\/index.php\/wp-json\/wp\/v2\/posts\/6205","targetHints":{"allow":["GET"]}}],"collection":[{"href":"https:\/\/www.brenne-au-coeur.com\/index.php\/wp-json\/wp\/v2\/posts"}],"about":[{"href":"https:\/\/www.brenne-au-coeur.com\/index.php\/wp-json\/wp\/v2\/types\/post"}],"author":[{"embeddable":true,"href":"https:\/\/www.brenne-au-coeur.com\/index.php\/wp-json\/wp\/v2\/users\/1"}],"replies":[{"embeddable":true,"href":"https:\/\/www.brenne-au-coeur.com\/index.php\/wp-json\/wp\/v2\/comments?post=6205"}],"version-history":[{"count":1,"href":"https:\/\/www.brenne-au-coeur.com\/index.php\/wp-json\/wp\/v2\/posts\/6205\/revisions"}],"predecessor-version":[{"id":6208,"href":"https:\/\/www.brenne-au-coeur.com\/index.php\/wp-json\/wp\/v2\/posts\/6205\/revisions\/6208"}],"wp:featuredmedia":[{"embeddable":true,"href":"https:\/\/www.brenne-au-coeur.com\/index.php\/wp-json\/wp\/v2\/media\/6206"}],"wp:attachment":[{"href":"https:\/\/www.brenne-au-coeur.com\/index.php\/wp-json\/wp\/v2\/media?parent=6205"}],"wp:term":[{"taxonomy":"category","embeddable":true,"href":"https:\/\/www.brenne-au-coeur.com\/index.php\/wp-json\/wp\/v2\/categories?post=6205"},{"taxonomy":"post_tag","embeddable":true,"href":"https:\/\/www.brenne-au-coeur.com\/index.php\/wp-json\/wp\/v2\/tags?post=6205"}],"curies":[{"name":"wp","href":"https:\/\/api.w.org\/{rel}","templated":true}]}}